{"id":2030739,"date":"2026-07-07T06:00:37","date_gmt":"2026-07-07T03:00:37","guid":{"rendered":"https:\/\/analyse.optim.biz\/?p=2030739"},"modified":"2026-07-07T06:00:37","modified_gmt":"2026-07-07T03:00:37","slug":"japonezul-kenichi-osada-presedintele-federatiei-internationale-de-kudo-in-vizita-la-tulcea-imi-doresc-ca","status":"publish","type":"post","link":"https:\/\/analyse.optim.biz\/?p=2030739","title":{"rendered":"Japonezul Kenichi Osada, pre\u015fedintele Federa\u0163iei Interna\u0163ionale de Kudo, \u00een vizit\u0103 la Tulcea: \u201e\u00cemi doresc ca"},"content":{"rendered":"<p>[analyse_image type=&#8221;featured&#8221; src=&#8221;https:\/\/ziaruldelta.ro\/wp-content\/uploads\/2026\/07\/Japonezul-Kenichi-Cropped.jpg&#8221;]<\/p>\n<article id=\"post-37312\" class=\"module single-post-module post-37312 post type-post status-publish format-standard has-post-thumbnail hentry category-sport et-has-post-format-content et_post_format-et-post-format-standard\">\n<div class=\"post-header\">\n<h1 class=\"entry-title\">Japonezul Kenichi Osada, pre\u015fedintele Federa\u0163iei Interna\u0163ionale de Kudo, \u00een vizit\u0103 la Tulcea: \u201e\u00cemi doresc ca Rom\u00e2nia s\u0103 g\u0103zduiasc\u0103 \u00eentr-o zi competi\u0163ii importante, precum Campionatul European\u201d<\/h1>\n<div class=\"post-meta vcard\">\n<p>Posted by <a href=\"https:\/\/ziaruldelta.ro\/author\/claudia-ionescu\/\" class=\"url fn\" title=\"Posts by Claudia Ionescu\" rel=\"author\">Claudia Ionescu<\/a> | <span class=\"updated\">Jul 7, 2026<\/span> | <a href=\"https:\/\/ziaruldelta.ro\/category\/sport\/\" rel=\"tag\">Sport<\/a> | <\/p>\n<\/div>\n<\/div>\n<div class=\"post-thumbnail header\"><img decoding=\"async\" src=\"https:\/\/ziaruldelta.ro\/wp-content\/uploads\/2026\/07\/Japonezul-Kenichi-Cropped.jpg\" alt=\"Japonezul Kenichi Osada, pre\u015fedintele Federa\u0163iei Interna\u0163ionale de Kudo, \u00een vizit\u0103 la Tulcea: \u201e\u00cemi doresc ca Rom\u00e2nia s\u0103 g\u0103zduiasc\u0103 \u00eentr-o zi competi\u0163ii importante, precum Campionatul European\u201d\"><\/div>\n<div class=\"post-wrap\">\n<div class=\"post-content entry-content\">\n<p>Tulcea este principalul punct kudo din Rom\u00e2nia. Pe viitor se anun\u0163\u0103 deschiderea mai multor puncte kudo \u00een \u0163ara noastr\u0103, dar Tulcea va fi o baz\u0103 important\u0103 \u00een Organiza\u0163ia Kudo Rom\u00e2nia.<\/p>\n<p><img loading=\"lazy\" decoding=\"async\" class=\" wp-image-37315 alignleft\" src=\"https:\/\/ziaruldelta.ro\/wp-content\/uploads\/2026\/07\/Japonezul-Kenichi-2-458x610.jpg\" alt width=\"371\" height=\"494\">Pre\u015fedintele Federa\u0163iei Interna\u0163ionale de Kudo, japonezul Kenichi Osada, s-a aflat s\u0103pt\u0103m\u00e2na trecut\u0103 la Tulcea, \u00eentr-o vizit\u0103 dedicat\u0103 dezvolt\u0103rii acestui sport \u00een Rom\u00e2nia. Vizita a avut loc la invita\u0163ia senseiului Florentin Moise, fondator al Clubului \u015eoimii Dobrogeni Tulcea, care a reu\u015fit s\u0103 \u00eenfiin\u0163eze prima sec\u0163ie de kudo din \u0163ar\u0103.<\/p>\n<p>Cei doi au sus\u0163inut un antrenament de kudo, urmat \u00een aceea\u015fi sear\u0103 de examinarea pentru centura neagr\u0103. \u00cen urma examin\u0103rii, Florin Moise a ob\u0163inut centura neagr\u0103, devenind primul practicant de kudo din Rom\u00e2nia care prime\u015fte acest grad. Aceast\u0103 vizit\u0103 i-a oferit pre\u015fedintelui Federa\u0163iei Interna\u0163ionale de Kudo oportunitatea s\u0103 cunoasc\u0103 ora\u015ful Tulcea \u015fi s\u0103 viziteze Delta Dun\u0103rii.<\/p>\n<p>\u00centr-un interviu acordat Ziarului <strong>\u201eDelta\u201d,<\/strong> Jukucho Kenichi Osada a vorbit despre ce reprezint\u0103 de fapt arta mar\u0163ial\u0103 kudo, dar \u015fi despre dezvoltarea acestui sport \u00een Rom\u00e2nia.<\/p>\n<p><strong>\u2013 Ce fel de art\u0103 mar\u0163ial\u0103 este kudo?<\/strong><\/p>\n<p><img decoding=\"async\" loading=\"lazy\" class=\"size-medium wp-image-37316 alignright\" src=\"https:\/\/ziaruldelta.ro\/wp-content\/uploads\/2026\/07\/Japonezul-Kenichi-3-458x610.jpg\" alt width=\"458\" height=\"610\">\u2013 Kudo este o art\u0103 mar\u0163ial\u0103 complet\u0103, care cuprinde toate aspectele luptei: lovituri cu pumnii \u015fi picioarele, proiect\u0103ri \u015fi lupta la sol. \u00cen prezent, este practicat\u0103 de numero\u015fi oameni \u00een peste 60 de \u0163\u0103ri din \u00eentreaga lume. Caracteristicile \u015fi atractivitatea sa pot fi \u00eemp\u0103r\u0163ite \u00een trei aspecte principale. \u00cen primul r\u00e2nd, este o art\u0103 mar\u0163ial\u0103 complet\u0103, accesibil\u0103 \u015fi sigur\u0103 pentru oricine. De\u015fi permite folosirea tuturor tehnicilor, prin utilizarea unui echipament de protec\u0163ie specific, kudo ofer\u0103 un mediu \u00een care oricine poate studia \u015fi exersa \u00een siguran\u0163\u0103, cu un risc redus de accidentare. Nu este doar un sport de arte mar\u0163iale mixte, ci o cale mar\u0163ial\u0103 (budo) prin care practicantul \u00ee\u015fi dezvolt\u0103 caracterul \u015fi se perfec\u0163ioneaz\u0103 pe sine. Al doilea aspect este mo\u015ftenirea spiritului samurailor \u015fi a tradi\u0163iei japoneze. \u00cenainte de perioada Edo, toate artele mar\u0163iale japoneze erau, \u00een esen\u0163\u0103, sisteme complete de lupt\u0103. Samuraii se antrenau pentru a proteja ceea ce era important pentru ei, pentru a se dezvolta ca oameni \u015fi pentru a-\u015fi construi un corp s\u0103n\u0103tos pe care s\u0103 \u00eel pun\u0103 \u00een slujba societ\u0103\u0163ii. Kudo continu\u0103 \u015fi transmite acest scop \u015fi acest spirit tradi\u0163ional \u00een lumea modern\u0103. Totodat\u0103, kudo reprezint\u0103 mi\u015fcarea tradi\u0163ional\u0103 a corpului \u015fi spiritul conceptului \u201eKu\u201d (Vidul). Prin \u00eenv\u0103\u0163area modului tradi\u0163ional japonez de folosire a corpului, practicantul nu mai urm\u0103re\u015fte confruntarea bazat\u0103 doar pe for\u0163\u0103 sau vitez\u0103, ci \u00eenva\u0163\u0103 s\u0103 simt\u0103 mi\u015fcarea adversarului \u015fi s\u0103 se armonizeze cu aceasta. Astfel, se dezvolt\u0103 o mi\u015fcare mai liber\u0103 \u015fi mai natural\u0103, f\u0103r\u0103 a depinde exclusiv de puterea fizic\u0103. Caracterul \u201eKu\u201d din denumirea \u201eKudo\u201d exprim\u0103 ideea de a deveni liber de orice constr\u00e2ngere, de a renun\u0163a la ata\u015famente \u015fi prejudec\u0103\u0163i \u015fi de a continua permanent s\u0103 prive\u015fti \u00eenainte \u015fi s\u0103 evoluezi.<\/p>\n<p><strong><img decoding=\"async\" loading=\"lazy\" class=\"size-medium wp-image-37317 alignleft\" src=\"https:\/\/ziaruldelta.ro\/wp-content\/uploads\/2026\/07\/Japonezul-Kenichi-4-458x610.jpg\" alt width=\"458\" height=\"610\">\u2013 I-a\u0163i fost discipol lui Azuma Takashi, fondatorul stilului de lupt\u0103 kudo. Ce idealuri a avut atunci c\u00e2nd a fondat kudo?<\/strong><\/p>\n<p>\u2013 \u00cen prezent sunt cel mai vechi uchi-deshi (discipol intern, n.r.) al s\u0103u. Era o persoan\u0103 cu o prezen\u0163\u0103 puternic\u0103 \u015fi impun\u0103toare, dar \u00een acela\u015fi timp foarte sensibil\u0103 \u015fi atent\u0103. Se bucura sincer de progresul \u015fi de reu\u015fitele elevilor s\u0103i, ca \u015fi cum ar fi fost propriile sale realiz\u0103ri. A creat kudo cu dorin\u0163a de a forma oameni valoro\u015fi, capabili s\u0103 contribuie societ\u0103\u0163ii prin ceea ce \u00eenva\u0163\u0103 din aceast\u0103 art\u0103 mar\u0163ial\u0103. Din punct de vedere tehnic, \u00ee\u015fi dorea s\u0103 creeze o art\u0103 mar\u0163ial\u0103 care s\u0103 ofere practicantului capacitatea de a proteja ceea ce este important pentru el, indiferent de situa\u0163ie \u015fi indiferent de adversarul pe care \u00eel are \u00een fa\u0163\u0103.<\/p>\n<p><strong>\u2013 Cum vede\u0163i dezvoltarea stilului kudo \u00een Rom\u00e2nia?<\/strong><\/p>\n<p>\u2013 Este prima dat\u0103 c\u00e2nd vizitez Rom\u00e2nia. Am sim\u0163it aici, poate chiar mai mult dec\u00e2t \u00een alte \u0163\u0103ri, respectul fa\u0163\u0103 de ceilal\u0163i \u015fi dorin\u0163a sincer\u0103 de autodep\u0103\u015fire. Am \u00een\u0163eles c\u0103 Rom\u00e2nia este binecuv\u00e2ntat\u0103 cu o natur\u0103 bogat\u0103 \u015fi c\u0103 a avut un rol important \u00een istoria Europei. Cred c\u0103 Rom\u00e2nia are poten\u0163ialul de a dezvolta un stil propriu de kudo, care s\u0103 devin\u0103 un exemplu \u015fi pentru celelalte \u0163\u0103ri europene. Sper ca, \u00een viitor, c\u00e2t mai multe ora\u015fe din Rom\u00e2nia s\u0103 ofere oamenilor posibilitatea de a practica \u015fi de a se bucura de kudo \u015fi, de asemenea, \u00eemi doresc ca Rom\u00e2nia s\u0103 g\u0103zduiasc\u0103 \u00eentr-o zi competi\u0163ii importante, precum Campionatul European.<\/p>\n<p><strong>\u2013 Ca maestru de budo, cum v\u0103 desf\u0103\u015fura\u0163i via\u0163a de zi cu zi \u015fi cum privi\u0163i misiunea dumneavoastr\u0103?<\/strong><\/p>\n<p>\u2013 Pe l\u00e2ng\u0103 antrenamentele zilnice din dojo, \u00eemi continui \u015fi propria preg\u0103tire. Totodat\u0103, \u00eencerc \u00een fiecare zi s\u0103 practic un lucru important: s\u0103 percep ceea ce exist\u0103 \u00een clipa prezent\u0103 f\u0103r\u0103 a fi influen\u0163at de cuno\u015ftin\u0163ele, informa\u0163iile sau experien\u0163ele acumulate \u00een trecut. Cred c\u0103 dezvoltarea unui om depinde nu doar de capacitatea de a face fa\u0163\u0103 situa\u0163iilor previzibile, ci \u015fi de abilitatea de a sim\u0163i \u015fi de a r\u0103spunde lucrurilor neprev\u0103zute, exact \u00een momentul \u00een care apar. Sunt convins c\u0103, dac\u0103 eu continui s\u0103 merg \u00eenainte \u015fi s\u0103 m\u0103 dezvolt permanent ca instructor, \u015fi genera\u0163iile care vin dup\u0103 mine vor putea s\u0103 creasc\u0103 \u015fi s\u0103 evolueze. De aceea \u00eemi propun s\u0103 continui s\u0103 merg \u00eenainte f\u0103r\u0103 \u00eencetare.<\/p>\n<p><strong>\u2013 V\u0103 mul\u0163umim!<\/strong><\/p>\n<\/div>\n<\/div>\n<div class=\"post-footer\">\n<div class=\"social-icons ed-social-share-icons\">\n<p class=\"share-title\">Share:<\/p>\n<\/div>\n<div class=\"rating-stars\">\n<p id=\"rate-title\" class=\"rate-title\">Rate:<\/p>\n<\/div>\n<\/div>\n<\/article>\n<div class=\"post-content entry-content\">\n<p>Tulcea este principalul punct kudo din Rom\u00e2nia. Pe viitor se anun\u0163\u0103 deschiderea mai multor puncte kudo \u00een \u0163ara noastr\u0103, dar Tulcea va fi o baz\u0103 important\u0103 \u00een Organiza\u0163ia Kudo Rom\u00e2nia.<\/p>\n<p><img loading=\"lazy\" decoding=\"async\" class=\" wp-image-37315 alignleft\" src=\"https:\/\/ziaruldelta.ro\/wp-content\/uploads\/2026\/07\/Japonezul-Kenichi-2-458x610.jpg\" alt width=\"371\" height=\"494\">Pre\u015fedintele Federa\u0163iei Interna\u0163ionale de Kudo, japonezul Kenichi Osada, s-a aflat s\u0103pt\u0103m\u00e2na trecut\u0103 la Tulcea, \u00eentr-o vizit\u0103 dedicat\u0103 dezvolt\u0103rii acestui sport \u00een Rom\u00e2nia. Vizita a avut loc la invita\u0163ia senseiului Florentin Moise, fondator al Clubului \u015eoimii Dobrogeni Tulcea, care a reu\u015fit s\u0103 \u00eenfiin\u0163eze prima sec\u0163ie de kudo din \u0163ar\u0103.<\/p>\n<p>Cei doi au sus\u0163inut un antrenament de kudo, urmat \u00een aceea\u015fi sear\u0103 de examinarea pentru centura neagr\u0103. \u00cen urma examin\u0103rii, Florin Moise a ob\u0163inut centura neagr\u0103, devenind primul practicant de kudo din Rom\u00e2nia care prime\u015fte acest grad. Aceast\u0103 vizit\u0103 i-a oferit pre\u015fedintelui Federa\u0163iei Interna\u0163ionale de Kudo oportunitatea s\u0103 cunoasc\u0103 ora\u015ful Tulcea \u015fi s\u0103 viziteze Delta Dun\u0103rii.<\/p>\n<p>\u00centr-un interviu acordat Ziarului <strong>\u201eDelta\u201d,<\/strong> Jukucho Kenichi Osada a vorbit despre ce reprezint\u0103 de fapt arta mar\u0163ial\u0103 kudo, dar \u015fi despre dezvoltarea acestui sport \u00een Rom\u00e2nia.<\/p>\n<p><strong>\u2013 Ce fel de art\u0103 mar\u0163ial\u0103 este kudo?<\/strong><\/p>\n<p><img decoding=\"async\" loading=\"lazy\" class=\"size-medium wp-image-37316 alignright\" src=\"https:\/\/ziaruldelta.ro\/wp-content\/uploads\/2026\/07\/Japonezul-Kenichi-3-458x610.jpg\" alt width=\"458\" height=\"610\">\u2013 Kudo este o art\u0103 mar\u0163ial\u0103 complet\u0103, care cuprinde toate aspectele luptei: lovituri cu pumnii \u015fi picioarele, proiect\u0103ri \u015fi lupta la sol. \u00cen prezent, este practicat\u0103 de numero\u015fi oameni \u00een peste 60 de \u0163\u0103ri din \u00eentreaga lume. Caracteristicile \u015fi atractivitatea sa pot fi \u00eemp\u0103r\u0163ite \u00een trei aspecte principale. \u00cen primul r\u00e2nd, este o art\u0103 mar\u0163ial\u0103 complet\u0103, accesibil\u0103 \u015fi sigur\u0103 pentru oricine. De\u015fi permite folosirea tuturor tehnicilor, prin utilizarea unui echipament de protec\u0163ie specific, kudo ofer\u0103 un mediu \u00een care oricine poate studia \u015fi exersa \u00een siguran\u0163\u0103, cu un risc redus de accidentare. Nu este doar un sport de arte mar\u0163iale mixte, ci o cale mar\u0163ial\u0103 (budo) prin care practicantul \u00ee\u015fi dezvolt\u0103 caracterul \u015fi se perfec\u0163ioneaz\u0103 pe sine. Al doilea aspect este mo\u015ftenirea spiritului samurailor \u015fi a tradi\u0163iei japoneze. \u00cenainte de perioada Edo, toate artele mar\u0163iale japoneze erau, \u00een esen\u0163\u0103, sisteme complete de lupt\u0103. Samuraii se antrenau pentru a proteja ceea ce era important pentru ei, pentru a se dezvolta ca oameni \u015fi pentru a-\u015fi construi un corp s\u0103n\u0103tos pe care s\u0103 \u00eel pun\u0103 \u00een slujba societ\u0103\u0163ii. Kudo continu\u0103 \u015fi transmite acest scop \u015fi acest spirit tradi\u0163ional \u00een lumea modern\u0103. Totodat\u0103, kudo reprezint\u0103 mi\u015fcarea tradi\u0163ional\u0103 a corpului \u015fi spiritul conceptului \u201eKu\u201d (Vidul). Prin \u00eenv\u0103\u0163area modului tradi\u0163ional japonez de folosire a corpului, practicantul nu mai urm\u0103re\u015fte confruntarea bazat\u0103 doar pe for\u0163\u0103 sau vitez\u0103, ci \u00eenva\u0163\u0103 s\u0103 simt\u0103 mi\u015fcarea adversarului \u015fi s\u0103 se armonizeze cu aceasta. Astfel, se dezvolt\u0103 o mi\u015fcare mai liber\u0103 \u015fi mai natural\u0103, f\u0103r\u0103 a depinde exclusiv de puterea fizic\u0103. Caracterul \u201eKu\u201d din denumirea \u201eKudo\u201d exprim\u0103 ideea de a deveni liber de orice constr\u00e2ngere, de a renun\u0163a la ata\u015famente \u015fi prejudec\u0103\u0163i \u015fi de a continua permanent s\u0103 prive\u015fti \u00eenainte \u015fi s\u0103 evoluezi.<\/p>\n<p><strong><img decoding=\"async\" loading=\"lazy\" class=\"size-medium wp-image-37317 alignleft\" src=\"https:\/\/ziaruldelta.ro\/wp-content\/uploads\/2026\/07\/Japonezul-Kenichi-4-458x610.jpg\" alt width=\"458\" height=\"610\">\u2013 I-a\u0163i fost discipol lui Azuma Takashi, fondatorul stilului de lupt\u0103 kudo. Ce idealuri a avut atunci c\u00e2nd a fondat kudo?<\/strong><\/p>\n<p>\u2013 \u00cen prezent sunt cel mai vechi uchi-deshi (discipol intern, n.r.) al s\u0103u. Era o persoan\u0103 cu o prezen\u0163\u0103 puternic\u0103 \u015fi impun\u0103toare, dar \u00een acela\u015fi timp foarte sensibil\u0103 \u015fi atent\u0103. Se bucura sincer de progresul \u015fi de reu\u015fitele elevilor s\u0103i, ca \u015fi cum ar fi fost propriile sale realiz\u0103ri. A creat kudo cu dorin\u0163a de a forma oameni valoro\u015fi, capabili s\u0103 contribuie societ\u0103\u0163ii prin ceea ce \u00eenva\u0163\u0103 din aceast\u0103 art\u0103 mar\u0163ial\u0103. Din punct de vedere tehnic, \u00ee\u015fi dorea s\u0103 creeze o art\u0103 mar\u0163ial\u0103 care s\u0103 ofere practicantului capacitatea de a proteja ceea ce este important pentru el, indiferent de situa\u0163ie \u015fi indiferent de adversarul pe care \u00eel are \u00een fa\u0163\u0103.<\/p>\n<p><strong>\u2013 Cum vede\u0163i dezvoltarea stilului kudo \u00een Rom\u00e2nia?<\/strong><\/p>\n<p>\u2013 Este prima dat\u0103 c\u00e2nd vizitez Rom\u00e2nia. Am sim\u0163it aici, poate chiar mai mult dec\u00e2t \u00een alte \u0163\u0103ri, respectul fa\u0163\u0103 de ceilal\u0163i \u015fi dorin\u0163a sincer\u0103 de autodep\u0103\u015fire. Am \u00een\u0163eles c\u0103 Rom\u00e2nia este binecuv\u00e2ntat\u0103 cu o natur\u0103 bogat\u0103 \u015fi c\u0103 a avut un rol important \u00een istoria Europei. Cred c\u0103 Rom\u00e2nia are poten\u0163ialul de a dezvolta un stil propriu de kudo, care s\u0103 devin\u0103 un exemplu \u015fi pentru celelalte \u0163\u0103ri europene. Sper ca, \u00een viitor, c\u00e2t mai multe ora\u015fe din Rom\u00e2nia s\u0103 ofere oamenilor posibilitatea de a practica \u015fi de a se bucura de kudo \u015fi, de asemenea, \u00eemi doresc ca Rom\u00e2nia s\u0103 g\u0103zduiasc\u0103 \u00eentr-o zi competi\u0163ii importante, precum Campionatul European.<\/p>\n<p><strong>\u2013 Ca maestru de budo, cum v\u0103 desf\u0103\u015fura\u0163i via\u0163a de zi cu zi \u015fi cum privi\u0163i misiunea dumneavoastr\u0103?<\/strong><\/p>\n<p>\u2013 Pe l\u00e2ng\u0103 antrenamentele zilnice din dojo, \u00eemi continui \u015fi propria preg\u0103tire. Totodat\u0103, \u00eencerc \u00een fiecare zi s\u0103 practic un lucru important: s\u0103 percep ceea ce exist\u0103 \u00een clipa prezent\u0103 f\u0103r\u0103 a fi influen\u0163at de cuno\u015ftin\u0163ele, informa\u0163iile sau experien\u0163ele acumulate \u00een trecut. Cred c\u0103 dezvoltarea unui om depinde nu doar de capacitatea de a face fa\u0163\u0103 situa\u0163iilor previzibile, ci \u015fi de abilitatea de a sim\u0163i \u015fi de a r\u0103spunde lucrurilor neprev\u0103zute, exact \u00een momentul \u00een care apar. Sunt convins c\u0103, dac\u0103 eu continui s\u0103 merg \u00eenainte \u015fi s\u0103 m\u0103 dezvolt permanent ca instructor, \u015fi genera\u0163iile care vin dup\u0103 mine vor putea s\u0103 creasc\u0103 \u015fi s\u0103 evolueze. De aceea \u00eemi propun s\u0103 continui s\u0103 merg \u00eenainte f\u0103r\u0103 \u00eencetare.<\/p>\n<p><strong>\u2013 V\u0103 mul\u0163umim!<\/strong><\/p>\n<\/div>\n<div class=\"post-content entry-content\">\n<p>Tulcea este principalul punct kudo din Rom\u00e2nia. Pe viitor se anun\u0163\u0103 deschiderea mai multor puncte kudo \u00een \u0163ara noastr\u0103, dar Tulcea va fi o baz\u0103 important\u0103 \u00een Organiza\u0163ia Kudo Rom\u00e2nia.<\/p>\n<p><img loading=\"lazy\" decoding=\"async\" class=\" wp-image-37315 alignleft\" src=\"https:\/\/ziaruldelta.ro\/wp-content\/uploads\/2026\/07\/Japonezul-Kenichi-2-458x610.jpg\" alt width=\"371\" height=\"494\">Pre\u015fedintele Federa\u0163iei Interna\u0163ionale de Kudo, japonezul Kenichi Osada, s-a aflat s\u0103pt\u0103m\u00e2na trecut\u0103 la Tulcea, \u00eentr-o vizit\u0103 dedicat\u0103 dezvolt\u0103rii acestui sport \u00een Rom\u00e2nia. Vizita a avut loc la invita\u0163ia senseiului Florentin Moise, fondator al Clubului \u015eoimii Dobrogeni Tulcea, care a reu\u015fit s\u0103 \u00eenfiin\u0163eze prima sec\u0163ie de kudo din \u0163ar\u0103.<\/p>\n<p>Cei doi au sus\u0163inut un antrenament de kudo, urmat \u00een aceea\u015fi sear\u0103 de examinarea pentru centura neagr\u0103. \u00cen urma examin\u0103rii, Florin Moise a ob\u0163inut centura neagr\u0103, devenind primul practicant de kudo din Rom\u00e2nia care prime\u015fte acest grad. Aceast\u0103 vizit\u0103 i-a oferit pre\u015fedintelui Federa\u0163iei Interna\u0163ionale de Kudo oportunitatea s\u0103 cunoasc\u0103 ora\u015ful Tulcea \u015fi s\u0103 viziteze Delta Dun\u0103rii.<\/p>\n<p>\u00centr-un interviu acordat Ziarului <strong>\u201eDelta\u201d,<\/strong> Jukucho Kenichi Osada a vorbit despre ce reprezint\u0103 de fapt arta mar\u0163ial\u0103 kudo, dar \u015fi despre dezvoltarea acestui sport \u00een Rom\u00e2nia.<\/p>\n<p><strong>\u2013 Ce fel de art\u0103 mar\u0163ial\u0103 este kudo?<\/strong><\/p>\n<p><img decoding=\"async\" loading=\"lazy\" class=\"size-medium wp-image-37316 alignright\" src=\"https:\/\/ziaruldelta.ro\/wp-content\/uploads\/2026\/07\/Japonezul-Kenichi-3-458x610.jpg\" alt width=\"458\" height=\"610\">\u2013 Kudo este o art\u0103 mar\u0163ial\u0103 complet\u0103, care cuprinde toate aspectele luptei: lovituri cu pumnii \u015fi picioarele, proiect\u0103ri \u015fi lupta la sol. \u00cen prezent, este practicat\u0103 de numero\u015fi oameni \u00een peste 60 de \u0163\u0103ri din \u00eentreaga lume. Caracteristicile \u015fi atractivitatea sa pot fi \u00eemp\u0103r\u0163ite \u00een trei aspecte principale. \u00cen primul r\u00e2nd, este o art\u0103 mar\u0163ial\u0103 complet\u0103, accesibil\u0103 \u015fi sigur\u0103 pentru oricine. De\u015fi permite folosirea tuturor tehnicilor, prin utilizarea unui echipament de protec\u0163ie specific, kudo ofer\u0103 un mediu \u00een care oricine poate studia \u015fi exersa \u00een siguran\u0163\u0103, cu un risc redus de accidentare. Nu este doar un sport de arte mar\u0163iale mixte, ci o cale mar\u0163ial\u0103 (budo) prin care practicantul \u00ee\u015fi dezvolt\u0103 caracterul \u015fi se perfec\u0163ioneaz\u0103 pe sine. Al doilea aspect este mo\u015ftenirea spiritului samurailor \u015fi a tradi\u0163iei japoneze. \u00cenainte de perioada Edo, toate artele mar\u0163iale japoneze erau, \u00een esen\u0163\u0103, sisteme complete de lupt\u0103. Samuraii se antrenau pentru a proteja ceea ce era important pentru ei, pentru a se dezvolta ca oameni \u015fi pentru a-\u015fi construi un corp s\u0103n\u0103tos pe care s\u0103 \u00eel pun\u0103 \u00een slujba societ\u0103\u0163ii. Kudo continu\u0103 \u015fi transmite acest scop \u015fi acest spirit tradi\u0163ional \u00een lumea modern\u0103. Totodat\u0103, kudo reprezint\u0103 mi\u015fcarea tradi\u0163ional\u0103 a corpului \u015fi spiritul conceptului \u201eKu\u201d (Vidul). Prin \u00eenv\u0103\u0163area modului tradi\u0163ional japonez de folosire a corpului, practicantul nu mai urm\u0103re\u015fte confruntarea bazat\u0103 doar pe for\u0163\u0103 sau vitez\u0103, ci \u00eenva\u0163\u0103 s\u0103 simt\u0103 mi\u015fcarea adversarului \u015fi s\u0103 se armonizeze cu aceasta. Astfel, se dezvolt\u0103 o mi\u015fcare mai liber\u0103 \u015fi mai natural\u0103, f\u0103r\u0103 a depinde exclusiv de puterea fizic\u0103. Caracterul \u201eKu\u201d din denumirea \u201eKudo\u201d exprim\u0103 ideea de a deveni liber de orice constr\u00e2ngere, de a renun\u0163a la ata\u015famente \u015fi prejudec\u0103\u0163i \u015fi de a continua permanent s\u0103 prive\u015fti \u00eenainte \u015fi s\u0103 evoluezi.<\/p>\n<p><strong><img decoding=\"async\" loading=\"lazy\" class=\"size-medium wp-image-37317 alignleft\" src=\"https:\/\/ziaruldelta.ro\/wp-content\/uploads\/2026\/07\/Japonezul-Kenichi-4-458x610.jpg\" alt width=\"458\" height=\"610\">\u2013 I-a\u0163i fost discipol lui Azuma Takashi, fondatorul stilului de lupt\u0103 kudo. Ce idealuri a avut atunci c\u00e2nd a fondat kudo?<\/strong><\/p>\n<p>\u2013 \u00cen prezent sunt cel mai vechi uchi-deshi (discipol intern, n.r.) al s\u0103u. Era o persoan\u0103 cu o prezen\u0163\u0103 puternic\u0103 \u015fi impun\u0103toare, dar \u00een acela\u015fi timp foarte sensibil\u0103 \u015fi atent\u0103. Se bucura sincer de progresul \u015fi de reu\u015fitele elevilor s\u0103i, ca \u015fi cum ar fi fost propriile sale realiz\u0103ri. A creat kudo cu dorin\u0163a de a forma oameni valoro\u015fi, capabili s\u0103 contribuie societ\u0103\u0163ii prin ceea ce \u00eenva\u0163\u0103 din aceast\u0103 art\u0103 mar\u0163ial\u0103. Din punct de vedere tehnic, \u00ee\u015fi dorea s\u0103 creeze o art\u0103 mar\u0163ial\u0103 care s\u0103 ofere practicantului capacitatea de a proteja ceea ce este important pentru el, indiferent de situa\u0163ie \u015fi indiferent de adversarul pe care \u00eel are \u00een fa\u0163\u0103.<\/p>\n<p><strong>\u2013 Cum vede\u0163i dezvoltarea stilului kudo \u00een Rom\u00e2nia?<\/strong><\/p>\n<p>\u2013 Este prima dat\u0103 c\u00e2nd vizitez Rom\u00e2nia. Am sim\u0163it aici, poate chiar mai mult dec\u00e2t \u00een alte \u0163\u0103ri, respectul fa\u0163\u0103 de ceilal\u0163i \u015fi dorin\u0163a sincer\u0103 de autodep\u0103\u015fire. Am \u00een\u0163eles c\u0103 Rom\u00e2nia este binecuv\u00e2ntat\u0103 cu o natur\u0103 bogat\u0103 \u015fi c\u0103 a avut un rol important \u00een istoria Europei. Cred c\u0103 Rom\u00e2nia are poten\u0163ialul de a dezvolta un stil propriu de kudo, care s\u0103 devin\u0103 un exemplu \u015fi pentru celelalte \u0163\u0103ri europene. Sper ca, \u00een viitor, c\u00e2t mai multe ora\u015fe din Rom\u00e2nia s\u0103 ofere oamenilor posibilitatea de a practica \u015fi de a se bucura de kudo \u015fi, de asemenea, \u00eemi doresc ca Rom\u00e2nia s\u0103 g\u0103zduiasc\u0103 \u00eentr-o zi competi\u0163ii importante, precum Campionatul European.<\/p>\n<p><strong>\u2013 Ca maestru de budo, cum v\u0103 desf\u0103\u015fura\u0163i via\u0163a de zi cu zi \u015fi cum privi\u0163i misiunea dumneavoastr\u0103?<\/strong><\/p>\n<p>\u2013 Pe l\u00e2ng\u0103 antrenamentele zilnice din dojo, \u00eemi continui \u015fi propria preg\u0103tire. Totodat\u0103, \u00eencerc \u00een fiecare zi s\u0103 practic un lucru important: s\u0103 percep ceea ce exist\u0103 \u00een clipa prezent\u0103 f\u0103r\u0103 a fi influen\u0163at de cuno\u015ftin\u0163ele, informa\u0163iile sau experien\u0163ele acumulate \u00een trecut. Cred c\u0103 dezvoltarea unui om depinde nu doar de capacitatea de a face fa\u0163\u0103 situa\u0163iilor previzibile, ci \u015fi de abilitatea de a sim\u0163i \u015fi de a r\u0103spunde lucrurilor neprev\u0103zute, exact \u00een momentul \u00een care apar. Sunt convins c\u0103, dac\u0103 eu continui s\u0103 merg \u00eenainte \u015fi s\u0103 m\u0103 dezvolt permanent ca instructor, \u015fi genera\u0163iile care vin dup\u0103 mine vor putea s\u0103 creasc\u0103 \u015fi s\u0103 evolueze. De aceea \u00eemi propun s\u0103 continui s\u0103 merg \u00eenainte f\u0103r\u0103 \u00eencetare.<\/p>\n<p><strong>\u2013 V\u0103 mul\u0163umim!<\/strong><\/p>\n<\/div>\n<p>[analyse_source url=&#8221;https:\/\/ziaruldelta.ro\/2026\/07\/07\/japonezul-kenichi-osada-presedintele-federatiei-internationale-de-kudo-in-vizita-la-tulcea-imi-doresc-ca-romania-sa-gazduiasca-intr-o-zi-competitii-importante-precum-campionatul-european\/&#8221;]<\/p>\n","protected":false},"excerpt":{"rendered":"<p>[analyse_image type=&#8221;featured&#8221; src=&#8221;https:\/\/ziaruldelta.ro\/wp-content\/uploads\/2026\/07\/Japonezul-Kenichi-Cropped.jpg&#8221;] Japonezul Kenichi Osada, pre\u015fedintele Federa\u0163iei Interna\u0163ionale de Kudo, \u00een vizit\u0103 la Tulcea: \u201e\u00cemi doresc ca Rom\u00e2nia s\u0103 g\u0103zduiasc\u0103 \u00eentr-o zi competi\u0163ii importante, precum Campionatul European\u201d Posted by Claudia Ionescu | Jul 7, 2026 | Sport | Tulcea este principalul punct kudo din Rom\u00e2nia. Pe viitor se anun\u0163\u0103 deschiderea mai multor puncte kudo [&hellip;]<\/p>\n","protected":false},"author":1,"featured_media":0,"comment_status":"open","ping_status":"","sticky":false,"template":"","format":"standard","meta":{"footnotes":""},"categories":[89],"tags":[226,206],"class_list":["post-2030739","post","type-post","status-publish","format-standard","hentry","category-romania","tag-crawlmanager","tag-ziaruldelta-ro"],"_links":{"self":[{"href":"https:\/\/analyse.optim.biz\/index.php?rest_route=\/wp\/v2\/posts\/2030739","targetHints":{"allow":["GET"]}}],"collection":[{"href":"https:\/\/analyse.optim.biz\/index.php?rest_route=\/wp\/v2\/posts"}],"about":[{"href":"https:\/\/analyse.optim.biz\/index.php?rest_route=\/wp\/v2\/types\/post"}],"author":[{"embeddable":true,"href":"https:\/\/analyse.optim.biz\/index.php?rest_route=\/wp\/v2\/users\/1"}],"replies":[{"embeddable":true,"href":"https:\/\/analyse.optim.biz\/index.php?rest_route=%2Fwp%2Fv2%2Fcomments&post=2030739"}],"version-history":[{"count":0,"href":"https:\/\/analyse.optim.biz\/index.php?rest_route=\/wp\/v2\/posts\/2030739\/revisions"}],"wp:attachment":[{"href":"https:\/\/analyse.optim.biz\/index.php?rest_route=%2Fwp%2Fv2%2Fmedia&parent=2030739"}],"wp:term":[{"taxonomy":"category","embeddable":true,"href":"https:\/\/analyse.optim.biz\/index.php?rest_route=%2Fwp%2Fv2%2Fcategories&post=2030739"},{"taxonomy":"post_tag","embeddable":true,"href":"https:\/\/analyse.optim.biz\/index.php?rest_route=%2Fwp%2Fv2%2Ftags&post=2030739"}],"curies":[{"name":"wp","href":"https:\/\/api.w.org\/{rel}","templated":true}]}}