{"id":203070,"date":"2014-06-13T10:49:29","date_gmt":"2014-06-13T07:49:29","guid":{"rendered":"https:\/\/analyse.optim.biz\/?p=203070"},"modified":"2014-06-13T10:49:29","modified_gmt":"2014-06-13T07:49:29","slug":"klaus-iohannis-oamenii-care-l-au-urmat-pe-tariceanu-au-facut-o-din-frustrari","status":"publish","type":"post","link":"https:\/\/analyse.optim.biz\/?p=203070","title":{"rendered":"Klaus Iohannis: Oamenii care l-au urmat pe T\u0103riceanu au f\u0103cut-o din frustr\u0103ri"},"content":{"rendered":"<div class=\"entry data-app-meta data-app-meta-article\" data-embed-base-url-canonical=\"https:\/\/www.digi24.ro\/embed\/stiri\/actualitate\/politica\/klaus-iohannis-oamenii-care-l-au-urmat-pe-tariceanu-au-facut-o-din-frustrari-255730\">\n<p data-index=\"1\">\u201e<span>For\u0163ele care nu agreeaz\u0103 acest drum nou \u015fi foarte puternic al PNL l-au \u00eenconjurat pe domnul T\u0103riceanu cu un num\u0103r de oameni \u015fi l-au prezentat publicului ca \u015fi o cvasi &#8211; forma\u0163iune care dore\u015fte cic\u0103 s\u0103 p\u0103streze identitatea liberal\u0103. <\/span><\/p>\n<p data-index=\"2\">Afirm cu toat\u0103 r\u0103spunderea c\u0103 liberalismul \u00een PNL nu a fost nicic\u00e2nd sub asediu sau \u00een pericol \u00een ultimii 139 de ani \u015fi nici nu va fi \u00een urm\u0103toarea perioad\u0103.<\/p>\n<p data-index=\"3\">Este important de men\u0163ionat c\u0103 nicio filial\u0103 din PNL nu urmeaz\u0103 aceast\u0103 cale, alternativ\u0103 prezentat\u0103 ieri, oamenii care s-au prezentat \u00eempreun\u0103 cu fostul nostru coleg T\u0103riceanu sunt oameni care fie au p\u0103r\u0103sit partidul, fie au fost da\u0163i afar\u0103, fie s-au dus acolo datorit\u0103 unor frustr\u0103ri.<\/p>\n<p data-index=\"4\">Consider c\u0103 liberalismul \u00een Rom\u00e2nia trebuie s\u0103 tr\u0103iasc\u0103 \u00een PNL \u015fi nu poate s\u0103 tr\u0103iasc\u0103 \u00een bra\u0163ele unei forma\u0163iuni cvasipolitice create \u015fi hr\u0103nite de PSD\u201d, a declarat <strong>Klaus Iohannis.<\/strong><\/p>\n<p data-index=\"5\"><strong><a href=\"https:\/\/www.digi24.ro\/Stiri\/Digi24\/Actualitate\/Politica\/Tariceanu+lansare+platforma+politica+liberali+sustinere\" target=\"_blank\" data-skip-linkfix=\"1\" rel=\"noopener\">C\u0103lin Popescu T\u0103riceanu \u015fi-a lansat plaftorma politic\u0103<\/a><\/strong>, un r\u0103spuns la ac\u0163iunile actualei conduceri a Partidului Na\u0163ional Liberal. \u00cen discursul \u0163inut \u00een fa\u0163a sus\u0163in\u0103torilor, fostul lider liberal l-a criticat pe Klaus Iohannis, acuz\u00e2ndu-l c\u0103 vrea s\u0103 foloseasc\u0103 partidul pentru a ajunge la Cotroceni. Liberalii care s-au al\u0103turat a\u015fa-numitului Grup de Ini\u0163iativ\u0103 pentru P\u0103strarea Identit\u0103\u0163ii Liberale contest\u0103 fuziuniea cu PDL \u015fi aderarea la familia popularilor europeni.<\/p>\n<p data-index=\"6\">La evenimentul de lansare a Grupului de Ini\u0163iativ\u0103 pentru P\u0103strarea Identit\u0103\u0163ii Liberale au participat 15 parlamentari liberali care nu vor afilierea la PPE \u015fi anun\u0163ata fuziune cu PDL. Printre ini\u0163iatorii acestei platforme se afl\u0103 fo\u015ftii mini\u015ftri liberali Daniel Chi\u021boiu, Daniel Barbu, Ovidiu Silaghi \u015fi Andrei Gerea. <\/p>\n<\/div>\n<p> Source URL: https:\/\/www.digi24.ro\/stiri\/actualitate\/politica\/klaus-iohannis-oamenii-care-l-au-urmat-pe-tariceanu-au-facut-o-din-frustrari-255730<\/p>\n","protected":false},"excerpt":{"rendered":"<p>\u201eFor\u0163ele care nu agreeaz\u0103 acest drum nou \u015fi foarte puternic al PNL l-au \u00eenconjurat pe domnul T\u0103riceanu cu un num\u0103r de oameni \u015fi l-au prezentat publicului ca \u015fi o cvasi &#8211; forma\u0163iune care dore\u015fte cic\u0103 s\u0103 p\u0103streze identitatea liberal\u0103. Afirm cu toat\u0103 r\u0103spunderea c\u0103 liberalismul \u00een PNL nu a fost nicic\u00e2nd sub asediu sau \u00een [&hellip;]<\/p>\n","protected":false},"author":1,"featured_media":203071,"comment_status":"open","ping_status":"","sticky":false,"template":"","format":"standard","meta":{"footnotes":""},"categories":[2],"tags":[11],"class_list":["post-203070","post","type-post","status-publish","format-standard","has-post-thumbnail","hentry","category-politics","tag-digi24"],"_links":{"self":[{"href":"https:\/\/analyse.optim.biz\/index.php?rest_route=\/wp\/v2\/posts\/203070","targetHints":{"allow":["GET"]}}],"collection":[{"href":"https:\/\/analyse.optim.biz\/index.php?rest_route=\/wp\/v2\/posts"}],"about":[{"href":"https:\/\/analyse.optim.biz\/index.php?rest_route=\/wp\/v2\/types\/post"}],"author":[{"embeddable":true,"href":"https:\/\/analyse.optim.biz\/index.php?rest_route=\/wp\/v2\/users\/1"}],"replies":[{"embeddable":true,"href":"https:\/\/analyse.optim.biz\/index.php?rest_route=%2Fwp%2Fv2%2Fcomments&post=203070"}],"version-history":[{"count":0,"href":"https:\/\/analyse.optim.biz\/index.php?rest_route=\/wp\/v2\/posts\/203070\/revisions"}],"wp:featuredmedia":[{"embeddable":true,"href":"https:\/\/analyse.optim.biz\/index.php?rest_route=\/wp\/v2\/media\/203071"}],"wp:attachment":[{"href":"https:\/\/analyse.optim.biz\/index.php?rest_route=%2Fwp%2Fv2%2Fmedia&parent=203070"}],"wp:term":[{"taxonomy":"category","embeddable":true,"href":"https:\/\/analyse.optim.biz\/index.php?rest_route=%2Fwp%2Fv2%2Fcategories&post=203070"},{"taxonomy":"post_tag","embeddable":true,"href":"https:\/\/analyse.optim.biz\/index.php?rest_route=%2Fwp%2Fv2%2Ftags&post=203070"}],"curies":[{"name":"wp","href":"https:\/\/api.w.org\/{rel}","templated":true}]}}