{"id":203067,"date":"2014-06-13T12:27:58","date_gmt":"2014-06-13T09:27:58","guid":{"rendered":"https:\/\/analyse.optim.biz\/?p=203067"},"modified":"2014-06-13T12:27:58","modified_gmt":"2014-06-13T09:27:58","slug":"klaus-iohannis-are-o-parere-clara-despre-candidatul-dreptei-la-presedintie-in-esenta-intrunesc-calitatile","status":"publish","type":"post","link":"https:\/\/analyse.optim.biz\/?p=203067","title":{"rendered":"Klaus Iohannis are &#8220;o p\u0103rere clar\u0103&#8221; despre candidatul dreptei la pre\u015fedin\u0163ie: \u00cen esen\u0163\u0103 \u00eentrunesc calit\u0103\u0163ile"},"content":{"rendered":"<div class=\"entry data-app-meta data-app-meta-article\" data-embed-base-url-canonical=\"https:\/\/www.digi24.ro\/embed\/stiri\/actualitate\/politica\/klaus-iohannis-are-o-parere-clara-despre-candidatul-dreptei-la-presedintie-in-esenta-intrunesc-calitatile-255769\">\n<p data-index=\"1\">\u00a0<img decoding=\"async\" src=\"https:\/\/analyse.optim.biz\/wp-content\/uploads\/2024\/09\/mzjmzjziogm5owu3ogyxymm5odbmmte2zje5nthhyzy-thumb_.jpg\" data-skip-htmlfix=\"1\" title=\"mzjmzjziogm5owu3ogyxymm5odbmmte2zje5nthhyzy-thumb_\"><\/p>\n<p data-index=\"2\">\u00cen leg\u0103tur\u0103 cu profilul candidatului dreptei, Iohannis a precizat c\u0103 are \u201eo p\u0103rere clar\u0103\u201d despre acest candidat, afirm\u00e2nd c\u0103 ar trebui s\u0103 fie \u201eun politician serios, recunoscut, cu rezultate bune \u00een sondaje \u015fi cu un poten\u0163ial de cre\u015ftere bun\u201d.<\/p>\n<p data-index=\"3\">\u00centrebat dac\u0103, \u00een opinia sa, corespunde acestei descrieri, Iohannis a r\u0103spuns: \u201e\u00cen esen\u0163\u0103, da\u201d.<\/p>\n<\/div>\n<p> Source URL: https:\/\/www.digi24.ro\/stiri\/actualitate\/politica\/klaus-iohannis-are-o-parere-clara-despre-candidatul-dreptei-la-presedintie-in-esenta-intrunesc-calitatile-255769<\/p>\n","protected":false},"excerpt":{"rendered":"<p>\u00a0 \u00cen leg\u0103tur\u0103 cu profilul candidatului dreptei, Iohannis a precizat c\u0103 are \u201eo p\u0103rere clar\u0103\u201d despre acest candidat, afirm\u00e2nd c\u0103 ar trebui s\u0103 fie \u201eun politician serios, recunoscut, cu rezultate bune \u00een sondaje \u015fi cu un poten\u0163ial de cre\u015ftere bun\u201d. \u00centrebat dac\u0103, \u00een opinia sa, corespunde acestei descrieri, Iohannis a r\u0103spuns: \u201e\u00cen esen\u0163\u0103, da\u201d. Source [&hellip;]<\/p>\n","protected":false},"author":1,"featured_media":203068,"comment_status":"open","ping_status":"","sticky":false,"template":"","format":"standard","meta":{"footnotes":""},"categories":[2],"tags":[11],"class_list":["post-203067","post","type-post","status-publish","format-standard","has-post-thumbnail","hentry","category-politics","tag-digi24"],"_links":{"self":[{"href":"https:\/\/analyse.optim.biz\/index.php?rest_route=\/wp\/v2\/posts\/203067","targetHints":{"allow":["GET"]}}],"collection":[{"href":"https:\/\/analyse.optim.biz\/index.php?rest_route=\/wp\/v2\/posts"}],"about":[{"href":"https:\/\/analyse.optim.biz\/index.php?rest_route=\/wp\/v2\/types\/post"}],"author":[{"embeddable":true,"href":"https:\/\/analyse.optim.biz\/index.php?rest_route=\/wp\/v2\/users\/1"}],"replies":[{"embeddable":true,"href":"https:\/\/analyse.optim.biz\/index.php?rest_route=%2Fwp%2Fv2%2Fcomments&post=203067"}],"version-history":[{"count":0,"href":"https:\/\/analyse.optim.biz\/index.php?rest_route=\/wp\/v2\/posts\/203067\/revisions"}],"wp:featuredmedia":[{"embeddable":true,"href":"https:\/\/analyse.optim.biz\/index.php?rest_route=\/wp\/v2\/media\/203068"}],"wp:attachment":[{"href":"https:\/\/analyse.optim.biz\/index.php?rest_route=%2Fwp%2Fv2%2Fmedia&parent=203067"}],"wp:term":[{"taxonomy":"category","embeddable":true,"href":"https:\/\/analyse.optim.biz\/index.php?rest_route=%2Fwp%2Fv2%2Fcategories&post=203067"},{"taxonomy":"post_tag","embeddable":true,"href":"https:\/\/analyse.optim.biz\/index.php?rest_route=%2Fwp%2Fv2%2Ftags&post=203067"}],"curies":[{"name":"wp","href":"https:\/\/api.w.org\/{rel}","templated":true}]}}