{"id":203051,"date":"2014-06-13T16:29:41","date_gmt":"2014-06-13T13:29:41","guid":{"rendered":"https:\/\/analyse.optim.biz\/?p=203051"},"modified":"2014-06-13T16:29:41","modified_gmt":"2014-06-13T13:29:41","slug":"laszlo-tokes-vrea-inapoi-steaua-romaniei-lucian-bolcas-scopul-este-unul-pur-politic","status":"publish","type":"post","link":"https:\/\/analyse.optim.biz\/?p=203051","title":{"rendered":"Laszlo Tokes vrea \u00eenapoi \u201eSteaua Rom\u00e2niei\u201d. Lucian Bolca\u0219: \u201eScopul este unul pur politic\u201d"},"content":{"rendered":"<div class=\"entry data-app-meta data-app-meta-article\" data-embed-base-url-canonical=\"https:\/\/www.digi24.ro\/embed\/stiri\/actualitate\/politica\/laszlo-tokes-vrea-inapoi-steaua-romaniei-lucian-bolcas-scopul-este-unul-pur-politic-255946\">\n<p data-index=\"1\">Curtea de Apel Bucure\u015fti a judecat ast\u0103zi primul termen, <a href=\"https:\/\/www.digi24.ro\/Stiri\/Digi24\/Actualitate\/Justitie\/Laszlo+Tokes+vrea+inapoi+Steaua+Romaniei\" data-skip-linkfix=\"1\">la care Laszlo Tokes nu s-a prezentat<\/a>. \u00cen schimb, \u00een fa\u0163a instan\u0163ei a venit reprezentantul Consiliului de Onoare al cavalerilor ordinului Steaua Rom\u00e2niei, avocatul Lucian Bolca\u015f.<\/p>\n<p data-index=\"2\">Acesta sus\u0163ine c\u0103 procesul intentat de europarlamentar este, de fapt, o manevr\u0103 politic\u0103 \u015fi a cerut instan\u0163ei s\u0103 resping\u0103 cererea.<\/p>\n<p data-index=\"3\">\u201e<span>Scopul este unul pur politic. S-a \u00eencercat pe o cale nelegal\u0103 s\u0103 se \u00eent\u00e2rzie emiterea decretului de c\u0103tre pre\u015fedintele \u00een func\u0163ie, ca acesta s\u0103 nu trebuiasc\u0103 s\u0103-\u015fi asume responsabilitatea acestui act pe care oamenii deosebi\u0163i ai acestei \u0163\u0103ri, cavalerii ordinului Steaua Rom\u00e2niei \u00eel impun\u201d, a spus Lucian Bolca\u0219.<\/span><\/p>\n<\/div>\n<p> Source URL: https:\/\/www.digi24.ro\/stiri\/actualitate\/politica\/laszlo-tokes-vrea-inapoi-steaua-romaniei-lucian-bolcas-scopul-este-unul-pur-politic-255946<\/p>\n","protected":false},"excerpt":{"rendered":"<p>Curtea de Apel Bucure\u015fti a judecat ast\u0103zi primul termen, la care Laszlo Tokes nu s-a prezentat. \u00cen schimb, \u00een fa\u0163a instan\u0163ei a venit reprezentantul Consiliului de Onoare al cavalerilor ordinului Steaua Rom\u00e2niei, avocatul Lucian Bolca\u015f. Acesta sus\u0163ine c\u0103 procesul intentat de europarlamentar este, de fapt, o manevr\u0103 politic\u0103 \u015fi a cerut instan\u0163ei s\u0103 resping\u0103 cererea. [&hellip;]<\/p>\n","protected":false},"author":1,"featured_media":203052,"comment_status":"open","ping_status":"","sticky":false,"template":"","format":"standard","meta":{"footnotes":""},"categories":[2],"tags":[11],"class_list":["post-203051","post","type-post","status-publish","format-standard","has-post-thumbnail","hentry","category-politics","tag-digi24"],"_links":{"self":[{"href":"https:\/\/analyse.optim.biz\/index.php?rest_route=\/wp\/v2\/posts\/203051","targetHints":{"allow":["GET"]}}],"collection":[{"href":"https:\/\/analyse.optim.biz\/index.php?rest_route=\/wp\/v2\/posts"}],"about":[{"href":"https:\/\/analyse.optim.biz\/index.php?rest_route=\/wp\/v2\/types\/post"}],"author":[{"embeddable":true,"href":"https:\/\/analyse.optim.biz\/index.php?rest_route=\/wp\/v2\/users\/1"}],"replies":[{"embeddable":true,"href":"https:\/\/analyse.optim.biz\/index.php?rest_route=%2Fwp%2Fv2%2Fcomments&post=203051"}],"version-history":[{"count":0,"href":"https:\/\/analyse.optim.biz\/index.php?rest_route=\/wp\/v2\/posts\/203051\/revisions"}],"wp:featuredmedia":[{"embeddable":true,"href":"https:\/\/analyse.optim.biz\/index.php?rest_route=\/wp\/v2\/media\/203052"}],"wp:attachment":[{"href":"https:\/\/analyse.optim.biz\/index.php?rest_route=%2Fwp%2Fv2%2Fmedia&parent=203051"}],"wp:term":[{"taxonomy":"category","embeddable":true,"href":"https:\/\/analyse.optim.biz\/index.php?rest_route=%2Fwp%2Fv2%2Fcategories&post=203051"},{"taxonomy":"post_tag","embeddable":true,"href":"https:\/\/analyse.optim.biz\/index.php?rest_route=%2Fwp%2Fv2%2Ftags&post=203051"}],"curies":[{"name":"wp","href":"https:\/\/api.w.org\/{rel}","templated":true}]}}