{"id":2030276,"date":"2026-07-06T17:30:11","date_gmt":"2026-07-06T14:30:11","guid":{"rendered":"https:\/\/analyse.optim.biz\/?p=2030276"},"modified":"2026-07-06T17:30:11","modified_gmt":"2026-07-06T14:30:11","slug":"se-lanseaza-programul-rabla-2026-pentru-persoane-fizice-la-finalul-acestei-luni-care-este-valoarea-tichetelor","status":"publish","type":"post","link":"https:\/\/analyse.optim.biz\/?p=2030276","title":{"rendered":"Se lanseaz\u0103 programul Rabla 2026 pentru persoane fizice, la finalul acestei luni. Care este valoarea tichetelor?"},"content":{"rendered":"<p>[analyse_image type=&#8221;featured&#8221; src=&#8221;https:\/\/www.opiniatimisoarei.ro\/wp-content\/uploads\/2026\/07\/rabla-728&#215;336.jpghttps:\/\/www.opiniatimisoarei.ro\/wp-content\/uploads\/2026\/07\/rabla.jpg&#8221;]<\/p>\n<div class=\"the_content\">\n<p>La finalul acestei luni se va lansa programul Rabla 2026 pentru persoane fizice, a anun\u021bat ministrul Mediului, Diana Buzoianu.<\/p>\n<p><strong><span>CITE\u0218TE \u0218I:<\/span><a href=\"https:\/\/www.opiniatimisoarei.ro\/magistrala-verde-in-cautarea-unui-constructor-dispar-451-de-locuri-de-parcare-de-pe-calea-sagului-din-timisoara-iar-pe-un-tronson-masinile-vor-circula-pe-o-singura-banda\/06\/07\/2026\">Magistrala Verde, \u00een c\u0103utarea unui constructor. Dispar 451 de locuri de parcare de pe Calea \u0218agului din Timi\u0219oara, iar pe un tronson ma\u0219inile vor circula pe o singur\u0103 band\u0103<\/a><\/strong><\/p>\n<p>\u201dIntroducerea noilor criterii astfel \u00eenc\u00e2t s\u0103 fie eligibile doar ma\u0219inile fabricate sau asamblate \u00een UE va fi am\u00e2nat\u0103 pentru sesiunea actual\u0103, iar programul va putea fi lansat f\u0103r\u0103 \u00eent\u00e2rzieri suplimentare. \u00cen paralel, vom parcurge toate demersurile necesare pentru introducerea acestor criterii pentru sesiunea de anul viitor\u201d, a anun\u021bat Buzoianu.<\/p>\n<p>Bugetul Programului Rabla 2026 pentru persoane fizice r\u0103m\u00e2ne cel anun\u021bat, respectiv 300 de milioane de lei.<br \/>\nValoarea ecotichetelor va fi aceea\u0219i cu cea aplicat\u0103 \u00een ultima sesiune destinat\u0103 persoanelor fizice:<br \/>\n\u2013 18.500 lei pentru achizi\u021bionarea unui autovehicul nou pur electric sau cu pil\u0103 de combustie cu hidrogen;<br \/>\n\u2013 15.000 lei pentru achizi\u021bionarea unui autovehicul nou plug-in hibrid sau a unei motociclete electrice;<br \/>\n\u2013 12.000 lei pentru achizi\u021bionarea unui autovehicul nou cu sistem de propulsie hibrid;<br \/>\n\u2013 10.000 lei pentru achizi\u021bionarea unui autovehicul nou cu sistem de propulsie termic\u0103, inclusiv GPL\/GNC, sau a unei motociclete.<\/p>\n<p>Condi\u021biile de eligibilitate vor r\u0103m\u00e2ne cele aplicate \u00een ultima sesiune Rabla pentru persoane fizice, respectiv sesiunea reluat\u0103 \u00een baza noului ghid aprobat \u00een anul 2025, dup\u0103 suspendarea sesiunii anterioare.<\/p>\n<p>***<\/p>\n<p><strong><span class=\"dia_suggestion w0\">Mai<\/span><span class=\"dia_suggestion w1\">multe<\/span><span class=\"dia_suggestion w2\">g\u0103si\u021bi<\/span> pe <span class=\"dia_suggestion w4\">pagina noastr<span class=\"dia_suggestion w0\">\u0103<\/span><\/span>\u00a0de <a href=\"https:\/\/www.facebook.com\/OpiniaTM\/?ref=page_internal\" target=\"_blank\" rel=\"noopener\">Facebook opiniatimisoarei.ro<\/a>!<\/strong><\/p>\n<p><strong><span class=\"dia_suggestion w0\">Dac\u0103<\/span><span class=\"dia_suggestion w1\">a\u021bi<\/span> fost martorii unui eveniment <span class=\"dia_suggestion w6\">sau<\/span><span class=\"dia_suggestion w7\">ai<\/span> unei <span class=\"dia_suggestion w9\">situa\u021bii<\/span><span class=\"dia_suggestion w10\">neobi\u0219nuite<\/span><span class=\"dia_suggestion w11\">care<\/span> ar <span class=\"dia_suggestion w13\">putea<\/span> deveni subiect de <span class=\"dia_suggestion w17\">\u0219tire<\/span>, <span class=\"dia_suggestion w18\">contacta\u021bi<\/span>-ne <span class=\"dia_suggestion w20\">la<\/span><span><a href=\"https:\/\/www.opiniatimisoarei.ro\/cdn-cgi\/l\/email-protection\" class=\"__cf_email__\" data-cfemail=\"156770717476617c70557a657c7b7c74617c787c667a7467707c3b677a\">[email\u00a0protected]<\/a>,<\/span>\u00a0 pe <a href=\"https:\/\/www.facebook.com\/OpiniaTM\">FB<\/a><span>sau pe contul nostru de<\/span><a href=\"https:\/\/www.instagram.com\/opiniatimisoarei.ro\/\" target=\"_blank\" rel=\"noopener\">Instagram<\/a>!<\/strong><\/p>\n<p><strong><span>CITE\u0218TE \u0218I<\/span>: <a href=\"https:\/\/www.opiniatimisoarei.ro\/afli-primul-tot-ceea-ce-se-intampla-cu-adevarat-important-in-timisoara-si-in-regiune-cu-aplicatia-de-stiri-opinia-timisoarei-3-tipuri-de-alerte-te-tin-mereu-conectat-la-evenimente-descarca-gratuit-a\/31\/10\/2022\">Afli primul tot ceea ce se intampla cu adevarat important in Timisoara si in regiune cu Aplicatia de stiri Opinia Timisoarei. 3 tipuri de alerte te tin mereu conectat la evenimente. Descarca gratuit Aplicatia OT aici!<\/a><\/strong><\/p>\n<\/div>\n<p>[analyse_source url=&#8221;https:\/\/www.opiniatimisoarei.ro\/se-lanseaza-programul-rabla-2026-pentru-persoane-fizice-la-finalul-acestei-luni-care-este-valoarea-tichetelor\/06\/07\/2026&#8243;]<\/p>\n","protected":false},"excerpt":{"rendered":"<p>[analyse_image type=&#8221;featured&#8221; src=&#8221;https:\/\/www.opiniatimisoarei.ro\/wp-content\/uploads\/2026\/07\/rabla-728&#215;336.jpghttps:\/\/www.opiniatimisoarei.ro\/wp-content\/uploads\/2026\/07\/rabla.jpg&#8221;] La finalul acestei luni se va lansa programul Rabla 2026 pentru persoane fizice, a anun\u021bat ministrul Mediului, Diana Buzoianu. CITE\u0218TE \u0218I:Magistrala Verde, \u00een c\u0103utarea unui constructor. Dispar 451 de locuri de parcare de pe Calea \u0218agului din Timi\u0219oara, iar pe un tronson ma\u0219inile vor circula pe o singur\u0103 band\u0103 \u201dIntroducerea noilor criterii [&hellip;]<\/p>\n","protected":false},"author":1,"featured_media":0,"comment_status":"open","ping_status":"","sticky":false,"template":"","format":"standard","meta":{"footnotes":""},"categories":[89],"tags":[226,190],"class_list":["post-2030276","post","type-post","status-publish","format-standard","hentry","category-romania","tag-crawlmanager","tag-opiniatimisoarei-ro"],"_links":{"self":[{"href":"https:\/\/analyse.optim.biz\/index.php?rest_route=\/wp\/v2\/posts\/2030276","targetHints":{"allow":["GET"]}}],"collection":[{"href":"https:\/\/analyse.optim.biz\/index.php?rest_route=\/wp\/v2\/posts"}],"about":[{"href":"https:\/\/analyse.optim.biz\/index.php?rest_route=\/wp\/v2\/types\/post"}],"author":[{"embeddable":true,"href":"https:\/\/analyse.optim.biz\/index.php?rest_route=\/wp\/v2\/users\/1"}],"replies":[{"embeddable":true,"href":"https:\/\/analyse.optim.biz\/index.php?rest_route=%2Fwp%2Fv2%2Fcomments&post=2030276"}],"version-history":[{"count":0,"href":"https:\/\/analyse.optim.biz\/index.php?rest_route=\/wp\/v2\/posts\/2030276\/revisions"}],"wp:attachment":[{"href":"https:\/\/analyse.optim.biz\/index.php?rest_route=%2Fwp%2Fv2%2Fmedia&parent=2030276"}],"wp:term":[{"taxonomy":"category","embeddable":true,"href":"https:\/\/analyse.optim.biz\/index.php?rest_route=%2Fwp%2Fv2%2Fcategories&post=2030276"},{"taxonomy":"post_tag","embeddable":true,"href":"https:\/\/analyse.optim.biz\/index.php?rest_route=%2Fwp%2Fv2%2Ftags&post=2030276"}],"curies":[{"name":"wp","href":"https:\/\/api.w.org\/{rel}","templated":true}]}}