{"id":2029825,"date":"2026-07-06T08:38:17","date_gmt":"2026-07-06T05:38:17","guid":{"rendered":"https:\/\/analyse.optim.biz\/?p=2029825"},"modified":"2026-07-06T08:38:17","modified_gmt":"2026-07-06T05:38:17","slug":"bolojan-asasinul-economiei-romanesti-s-a-prabusit-consumul-vanzarile-de-produse-nealimentare-cele-mai-afectate","status":"publish","type":"post","link":"https:\/\/analyse.optim.biz\/?p=2029825","title":{"rendered":"Bolojan asasinul economiei rom\u00e2ne\u0219ti: S-a pr\u0103bu\u0219it consumul! V\u00e2nz\u0103rile de produse nealimentare, cele mai afectate"},"content":{"rendered":"<p>[analyse_image type=&#8221;featured&#8221; src=&#8221;https:\/\/ortodoxinfo.ro\/wp-content\/uploads\/2026\/07\/CAP-scumpiri.webp.webphttps:\/\/ortodoxinfo.ro\/wp-content\/uploads\/2026\/07\/CAP-scumpiri.webp.webp&#8221;]<\/p>\n<article id=\"post-245905\" class=\"post-245905 post type-post status-publish format-standard has-post-thumbnail category-asasinii-tarii\">\n<header class=\"single-header\">\n<aside class=\"breadcrumb-wrap breadcrumb-yoast s-breadcrumb\">\n<div class=\"breadcrumb-inner\"><span><span><a href=\"https:\/\/ortodoxinfo.ro\/\">Prima pagin\u0103<\/a><\/span> \u00bb <span><a href=\"https:\/\/ortodoxinfo.ro\/blog\/\">Blog<\/a><\/span> \u00bb <span class=\"breadcrumb_last\" aria-current=\"page\">Bolojan asasinul economiei rom\u00e2ne\u0219ti: S-a pr\u0103bu\u0219it consumul! V\u00e2nz\u0103rile de produse nealimentare, cele mai afectate<\/span><\/span><\/div>\n<\/aside>\n<h1 class=\"s-title fw-headline\">Bolojan asasinul economiei rom\u00e2ne\u0219ti: S-a pr\u0103bu\u0219it consumul! V\u00e2nz\u0103rile de produse nealimentare, cele mai afectate<\/h1>\n<div class=\"single-meta meta-s-default yes-0\">\n<div class=\"smeta-in\"><a class=\"meta-el meta-avatar\" href=\"https:\/\/ortodoxinfo.ro\/author\/redactor\/\"><img loading=\"lazy\" decoding=\"async\" alt=\"OrtodoxINFO\" src=\"https:\/\/secure.gravatar.com\/avatar\/21010332354a182ce4de6016685c5586f21c51866d0ec5bc8ef383240b3c3e02?s=120&amp;r=g\" class=\"avatar avatar-120 photo\" height=\"120\" width=\"120\"><\/a><\/p>\n<div class=\"smeta-sec\">\n<div class=\"p-meta\">\n<div class=\"meta-inner is-meta\"><span class=\"meta-el meta-date\"><time datetime=\"2026-07-06T11:38:17+03:00\">6 iulie 2026<\/time><\/span><span class=\"meta-el meta-category meta-bold\"><a class=\"meta-separate category-19885\" href=\"https:\/\/ortodoxinfo.ro\/category\/anti-sistem\/anti-romanism\/asasinii-tarii\/\">Asasinii \u021b\u0103rii<\/a><\/span><span class=\"meta-el meta-view\">8.8k vizualiz\u0103ri\t\t<\/span><span class=\"meta-el meta-comment mobile-last-meta tablet-last-meta\"><a href=\"https:\/\/ortodoxinfo.ro\/2026\/07\/06\/bolojan-asasinul-economiei-romanesti-s-a-prabusit-consumul-vanzarile-de-produse-nealimentare-cele-mai-afectate\/#comments\">1 comentariu<\/a><\/span><\/div>\n<\/div>\n<\/div>\n<\/div>\n<div class=\"smeta-extra\">\n<div class=\"t-shared-sec tooltips-n has-read-meta is-color\">\n<div class=\"t-shared-header is-meta\"><span class=\"share-label\">Share<\/span><\/div>\n<\/div>\n<div class=\"single-right-meta single-time-read is-meta\"><span class=\"meta-el meta-read\">2 Min Read<\/span><\/div>\n<\/div>\n<\/div>\n<\/header>\n<div class=\"grid-container\">\n<div class=\"s-ct\">\n<div class=\"s-feat-outer\">\n<div class=\"s-feat\">\n<div class=\"featured-lightbox-trigger\" data-source=\"https:\/\/ortodoxinfo.ro\/wp-content\/uploads\/2026\/07\/CAP-scumpiri.webp.webp\" data-caption data-attribution><img fetchpriority=\"high\" decoding=\"async\" width=\"860\" height=\"430\" src=\"https:\/\/ortodoxinfo.ro\/wp-content\/uploads\/2026\/07\/CAP-scumpiri.webp-860x430.webp\" class=\"attachment-foxiz_crop_o1 size-foxiz_crop_o1 wp-post-image\" alt loading=\"eager\"><\/div>\n<\/div>\n<\/div>\n<div class=\"s-ct-wrap has-lsl\">\n<div class=\"s-ct-inner\">\n<div class=\"l-shared-sec-outer show-mobile\">\n<div class=\"l-shared-sec\">\n<div class=\"l-shared-header meta-text\"><span class=\"share-label\">SHARE<\/span><\/div>\n<\/div>\n<\/div>\n<div class=\"e-ct-outer\">\n<div class=\"entry-top\">\n<div id=\"custom_html-3\" class=\"widget_text widget entry-widget clearfix widget_custom_html\">\n<div class=\"textwidget custom-html-widget\">\n<div><small><br \/>\n    OrtodoxINFO este supus unui sabotaj sistematic din partea reprezentan\u021bilor Google Rom\u00e2nia, at\u00e2t la afi\u0219\u0103ri c\u00e2t \u0219i \u00een rezultatele de c\u0103utare.<br \/>\n        Astfel c\u0103 veniturile din publicitate au sc\u0103zut de p\u00e2n\u0103 la <strong>10 ori<\/strong>. Situa\u021bia este similar\u0103 \u0219i pe Facebook.<\/p>\n<p>        V\u0103 invit\u0103m s\u0103 accesa\u021bi direct site-ul \u0219i s\u0103 v\u0103 abona\u021bi la notific\u0103ri.<\/p>\n<p>    Dac\u0103 dori\u021bi s\u0103 ne sus\u021bine\u021bi \u00een aceast\u0103 perioad\u0103 dificil\u0103, orice <a href=\"https:\/\/ortodoxinfo.ro\/donatii\/\">dona\u021bie<\/a> este binevenit\u0103.<br \/>\n    Dumnezeu s\u0103 v\u0103 r\u0103spl\u0103teasc\u0103!<br \/>\n<\/small><\/div>\n<\/div>\n<\/div>\n<\/div>\n<div class=\"entry-content rbct clearfix is-highlight-shares\">\n<div class=\"ruby-table-contents rbtoc table-left table-fw-single-col\">\n<div class=\"toc-header\"><span class=\"h3\">Sumar<\/span><\/div>\n<div class=\"toc-content h5\"><a href=\"https:\/\/ortodoxinfo.ro\/2026\/07\/06\/bolojan-asasinul-economiei-romanesti-s-a-prabusit-consumul-vanzarile-de-produse-nealimentare-cele-mai-afectate\/#comertul-sia-revenit-usor-in-luna-mai\" class=\"table-link no-link anchor-link\" data-index=\"rb-heading-index-0\">Comer\u021bul \u0219i-a revenit u\u0219or \u00een luna mai<\/a><a href=\"https:\/\/ortodoxinfo.ro\/2026\/07\/06\/bolojan-asasinul-economiei-romanesti-s-a-prabusit-consumul-vanzarile-de-produse-nealimentare-cele-mai-afectate\/#vanzarile-raman-sub-nivelul-de-anul-trecut\" class=\"table-link no-link anchor-link\" data-index=\"rb-heading-index-1\">V\u00e2nz\u0103rile r\u0103m\u00e2n sub nivelul de anul trecut<\/a><\/div>\n<\/div>\n<p><strong>Consumul a continuat s\u0103 scad\u0103 \u00een primele cinci luni ale anului 2026, potrivit <a href=\"https:\/\/insse.ro\/cms\/sites\/default\/files\/com_presa\/com_pdf\/com_amanunt_05r26.pdf\">datelor publicate luni de Institutul Na\u021bional de Statistic\u0103<\/a> (INS). V\u00e2nz\u0103rile de produse nealimentare au fost cele mai afectate \u00een aceast\u0103 perioad\u0103.<\/strong><\/p>\n<p>V\u00e2nz\u0103rile de produse nealimentare au sc\u0103zut cu 7,9%. De asemenea, au fost \u00eenregistrate sc\u0103deri la v\u00e2nz\u0103rile de produse alimentare, b\u0103uturi \u0219i tutun (-3,7%), precum \u0219i la comer\u021bul cu am\u0103nuntul al carburan\u021bilor pentru autovehicule \u00een magazine specializate (-2,8%).<\/p>\n<h3 id=\"comertul-sia-revenit-usor-in-luna-mai\" class=\"rb-heading-index-0\">Comer\u021bul \u0219i-a revenit u\u0219or \u00een luna mai<\/h3>\n<p>Comparativ cu luna aprilie, comer\u021bul cu am\u0103nuntul a \u00eenregistrat o u\u0219oar\u0103 cre\u0219tere \u00een luna mai. Potrivit datelor INS, volumul cifrei de afaceri a avansat cu 1,2% ca serie brut\u0103, sus\u021binut de majorarea v\u00e2nz\u0103rilor de produse nealimentare (+3,2%) \u0219i a celor de produse alimentare, b\u0103uturi \u0219i tutun (+0,5%).<\/p>\n<p>Singurul segment care a continuat s\u0103 scad\u0103 a fost cel al carburan\u021bilor, unde v\u00e2nz\u0103rile s-au redus cu 2,3%.<\/p>\n<p>\u0218i \u00een seria ajustat\u0103 sezonier s-a consemnat o cre\u0219tere lunar\u0103 de 1,3%, determinat\u0103 de avansul v\u00e2nz\u0103rilor de produse nealimentare (+2,3%) \u0219i alimentare (+2,2%). \u00cen schimb, comer\u021bul cu carburan\u021bi a \u00eenregistrat un recul de 0,5%.<\/p>\n<h3 id=\"vanzarile-raman-sub-nivelul-de-anul-trecut\" class=\"rb-heading-index-1\">V\u00e2nz\u0103rile r\u0103m\u00e2n sub nivelul de anul trecut<\/h3>\n<p>\u00cen compara\u021bie cu luna mai 2025, comer\u021bul cu am\u0103nuntul a r\u0103mas pe minus. Volumul cifrei de afaceri a sc\u0103zut cu 4,5% ca serie brut\u0103, pe fondul reducerii v\u00e2nz\u0103rilor de carburan\u021bi (-5,5%), produse nealimentare (-4,8%) \u0219i produse alimentare, b\u0103uturi \u0219i tutun (-3,5%).<\/p>\n<p>Datele ajustate sezonier indic\u0103 un declin anual de 4,7%, determinat de sc\u0103derea v\u00e2nz\u0103rilor de produse nealimentare (-5,3%), alimentare (-4,3%) \u0219i de carburan\u021bi (-2%).<\/p>\n<p>Datele publicate de Institutul Na\u021bional de Statistic\u0103 arat\u0103 astfel c\u0103, \u00een ciuda unei u\u0219oare reveniri \u00een luna mai fa\u021b\u0103 de aprilie, comer\u021bul cu am\u0103nuntul continu\u0103 s\u0103 se situeze sub nivelurile \u00eenregistrate \u00een aceea\u0219i perioad\u0103 a anului trecut.<\/p>\n<\/div>\n<\/div>\n<\/div>\n<div class=\"e-shared-sec entry-sec\">\n<div class=\"e-shared-header h4\"><span>Distribuie<\/span><\/div>\n<div class=\"rbbsl tooltips-n effect-fadeout is-bg\"><a class=\"share-action share-trigger icon-facebook\" aria-label=\"Share on Facebook\" href=\"https:\/\/www.facebook.com\/sharer.php?u=https%3A%2F%2Fortodoxinfo.ro%2F2026%2F07%2F06%2Fbolojan-asasinul-economiei-romanesti-s-a-prabusit-consumul-vanzarile-de-produse-nealimentare-cele-mai-afectate%2F\" data-title=\"Facebook\" rel=\"nofollow\"><span>Facebook<\/span><\/a><a class=\"share-action share-trigger icon-twitter\" aria-label=\"Share on X\" href=\"https:\/\/twitter.com\/intent\/tweet?text=Bolojan+asasinul+economiei+rom%C3%A2ne%C8%99ti%3A+S-a+pr%C4%83bu%C8%99it+consumul%21+V%C3%A2nz%C4%83rile+de+produse+nealimentare%2C+cele+mai+afectate&amp;url=https%3A%2F%2Fortodoxinfo.ro%2F2026%2F07%2F06%2Fbolojan-asasinul-economiei-romanesti-s-a-prabusit-consumul-vanzarile-de-produse-nealimentare-cele-mai-afectate%2F&amp;via=ortodoxinforo\" data-title=\"X\" rel=\"nofollow\"><span>X<\/span><\/a><a class=\"share-action icon-whatsapp is-web\" aria-label=\"Share on Whatsapp\" href=\"https:\/\/web.whatsapp.com\/send?text=Bolojan+asasinul+economiei+rom%C3%A2ne%C8%99ti%3A+S-a+pr%C4%83bu%C8%99it+consumul%21+V%C3%A2nz%C4%83rile+de+produse+nealimentare%2C+cele+mai+afectate%20%E2%98%9E%20https%3A%2F%2Fortodoxinfo.ro%2F2026%2F07%2F06%2Fbolojan-asasinul-economiei-romanesti-s-a-prabusit-consumul-vanzarile-de-produse-nealimentare-cele-mai-afectate%2F\" target=\"_blank\" data-title=\"WhatsApp\" rel=\"nofollow\"><span>Whatsapp<\/span><\/a><a class=\"share-action icon-whatsapp is-mobile\" aria-label=\"Share on Whatsapp\" href=\"\/\/send?text=Bolojan+asasinul+economiei+rom%C3%A2ne%C8%99ti%3A+S-a+pr%C4%83bu%C8%99it+consumul%21+V%C3%A2nz%C4%83rile+de+produse+nealimentare%2C+cele+mai+afectate%20%E2%98%9E%20https%3A%2F%2Fortodoxinfo.ro%2F2026%2F07%2F06%2Fbolojan-asasinul-economiei-romanesti-s-a-prabusit-consumul-vanzarile-de-produse-nealimentare-cele-mai-afectate%2F\" target=\"_blank\" data-title=\"WhatsApp\" rel=\"nofollow\"><span>Whatsapp<\/span><\/a><a class=\"share-action share-trigger icon-telegram\" aria-label=\"Share on Telegram\" href=\"https:\/\/t.me\/share\/?url=https%3A%2F%2Fortodoxinfo.ro%2F2026%2F07%2F06%2Fbolojan-asasinul-economiei-romanesti-s-a-prabusit-consumul-vanzarile-de-produse-nealimentare-cele-mai-afectate%2F&amp;text=Bolojan+asasinul+economiei+rom%C3%A2ne%C8%99ti%3A+S-a+pr%C4%83bu%C8%99it+consumul%21+V%C3%A2nz%C4%83rile+de+produse+nealimentare%2C+cele+mai+afectate\" data-title=\"Telegram\" rel=\"nofollow\"><span>Telegram<\/span><\/a><a class=\"share-action icon-copy copy-trigger\" aria-label=\"Copy Link\" href=\"https:\/\/ortodoxinfo.ro\/2026\/07\/06\/bolojan-asasinul-economiei-romanesti-s-a-prabusit-consumul-vanzarile-de-produse-nealimentare-cele-mai-afectate\/\" data-copied=\"Copied!\" data-link=\"https:\/\/ortodoxinfo.ro\/2026\/07\/06\/bolojan-asasinul-economiei-romanesti-s-a-prabusit-consumul-vanzarile-de-produse-nealimentare-cele-mai-afectate\/\" rel=\"nofollow\" data-copy=\"Copy Link\"><span>Copy Link<\/span><\/a><a class=\"share-action icon-print\" aria-label=\"Print\" rel=\"nofollow\" data-title=\"Print\"><span>Print<\/span><\/a><\/div>\n<\/div>\n<\/div>\n<div id=\"tabs\" class=\"dntplgn_form_wrapper\"><span><\/p>\n<h2>\u0218tirile sunt sub cenzur\u0103! Sprijini\u021bi OrtodoxINFO!<\/h2>\n<p>Guvernul nu dore\u0219te aflarea adev\u0103rului despre lovitura de stat \u0219i \u00eengenuncherea Rom\u00e2niei. \u00cencerc\u0103m s\u0103 men\u021binem viu acest site \u0219i s\u0103 v\u0103 punem la dispozi\u021bie informa\u021bii care s\u0103 fac\u0103 lumin\u0103 \u00een cea mai mare provocare pe care o tr\u0103im. Jurnalismul independent al portalului OrtodoxINFO func\u021bioneaz\u0103 strict cu ajutorul cititorilor.<br \/>\nNe pute\u021bi sprijini printr-o <b><a href=\"https:\/\/ortodoxinfo.ro\/donatii\/\">dona\u021bie bancar\u0103<\/a> sau prin PayPal, complet\u00e2nd formularul de mai jos.<\/b><\/span><\/p>\n<ul>\n<li><a href=\"https:\/\/ortodoxinfo.ro\/2026\/07\/06\/bolojan-asasinul-economiei-romanesti-s-a-prabusit-consumul-vanzarile-de-produse-nealimentare-cele-mai-afectate\/#tabs-1\">Dona\u021bie lunar\u0103<\/a><\/li>\n<li><a href=\"https:\/\/ortodoxinfo.ro\/2026\/07\/06\/bolojan-asasinul-economiei-romanesti-s-a-prabusit-consumul-vanzarile-de-produse-nealimentare-cele-mai-afectate\/#tabs-2\">Doar acum<\/a><\/li>\n<\/ul>\n<div id=\"tabs-1\"><img loading=\"lazy\" decoding=\"async\" alt border=\"0\" src=\"https:\/\/www.paypalobjects.com\/en_US\/i\/scr\/pixel.gif\" width=\"1\" height=\"1\"><\/div>\n<div id=\"tabs-2\">\n<p>\t\t     \u20ac<\/p>\n<p>\t\t    <img loading=\"lazy\" decoding=\"async\" alt border=\"0\" src=\"https:\/\/www.paypalobjects.com\/en_US\/i\/scr\/pixel.gif\" width=\"1\" height=\"1\"><\/div>\n<p>Mul\u021bumim celor care ne-au ajutat p\u00e2n\u0103 acum!\n\t<\/p><\/div>\n<div class=\"comment-box-wrap entry-sec\">\n<div class=\"comment-box-header\"><span class=\"h3\">1 comentariu<\/span><\/div>\n<div class=\"comment-holder\">\n<div id=\"comments\" class=\"comments-area\">\n<div class=\"rb-section\">\n<ul class=\"comment-list entry\">\n<li id=\"comment-250387\" class=\"comment even thread-even depth-1\">\n<article id=\"div-comment-250387\" class=\"comment-body\">\n<footer class=\"comment-meta\">\n<div class=\"comment-author vcard\"><img loading=\"lazy\" decoding=\"async\" alt src=\"https:\/\/secure.gravatar.com\/avatar\/132fd989bad4ee2d55aa9692aa73d0475d12ca598eaa976fcddf813d6586cb5e?s=100&amp;r=g\" class=\"avatar avatar-100 photo\" height=\"100\" width=\"100\"><b class=\"fn\">Magda<\/b><span class=\"says\">spune:<\/span><\/div>\n<div class=\"comment-metadata\"><a href=\"https:\/\/ortodoxinfo.ro\/2026\/07\/06\/bolojan-asasinul-economiei-romanesti-s-a-prabusit-consumul-vanzarile-de-produse-nealimentare-cele-mai-afectate\/#comment-250387\"><time datetime=\"2026-07-06T12:05:07+03:00\">6 iulie 2026 la 12:05<\/time><\/a><\/div>\n<\/footer>\n<div class=\"comment-content\">\n<p>S\u0103 ne spun\u0103 chelu\u2019 c\u00e2\u021bi bani scot corpora\u021biile din Rom\u00e2nia, f\u0103r\u0103 s\u0103 pl\u0103tesc\u0103 impozit, \u00een fiecare an, c\u00e2t profit face OMV pe gazul \u0219i pe petrolul nostru, c\u00e2t profit face Schwaighofer, din lemnul concesionat ilegal de guvernele teroriste psdpnl, c\u00e2t profit fac b\u0103ncile str\u0103ine \u00een Rom\u00e2nia, aduse, \u00een mod ilegal, de un alt asasin economic, chioru\u2019, \u0103la care a \u00eemprumutat 20 de miliarde la FMI \u0219i pe urm\u0103 a f\u0103cut blatul cu FMI, prin care ne-a v\u00e2ndut b\u0103ncile rom\u00e2ne\u0219ti, dup\u0103 ce au fost devalizate \u0219i falimentate de pesede&amp;penele&amp;pedele, c\u0103 altfel nu se poate. B\u0103ie\u021bii \u0103\u0219tia, p\u00e2n\u0103 nu rad totul p\u00e2n\u0103 la blan\u0103, nu te las\u0103 !! Iar apoi, apar prin parlamentul rom\u00e2nilor \u0219i le spun c\u0103 au de plat\u0103 zeci d\u0103 melearde, \u00eemprumuta\u021bi pentru b\u0103\u0219ina porcului, c\u0103 e infla\u021bia mare, c\u0103 s-a b\u0103\u0219it porcul, d\u2019astea de te doare bila, prin care i-au prostit pe rom\u00e2ni de 35 de ani !!<\/p>\n<\/div>\n<div class=\"reply\"><a rel=\"nofollow\" class=\"comment-reply-link\" href=\"https:\/\/ortodoxinfo.ro\/2026\/07\/06\/bolojan-asasinul-economiei-romanesti-s-a-prabusit-consumul-vanzarile-de-produse-nealimentare-cele-mai-afectate\/#comment-250387\" data-commentid=\"250387\" data-postid=\"245905\" data-belowelement=\"div-comment-250387\" data-respondelement=\"respond\" data-replyto=\"R\u0103spunde-i lui Magda\" aria-label=\"R\u0103spunde-i lui Magda\">R\u0103spunde<\/a><\/div>\n<\/article>\n<\/li>\n<\/ul>\n<\/div>\n<div id=\"respond\" class=\"comment-respond\">\n<h3 id=\"reply-title\" class=\"comment-reply-title\">Las\u0103 un r\u0103spuns <small><a rel=\"nofollow\" id=\"cancel-comment-reply-link\" href=\"https:\/\/ortodoxinfo.ro\/2026\/07\/06\/bolojan-asasinul-economiei-romanesti-s-a-prabusit-consumul-vanzarile-de-produse-nealimentare-cele-mai-afectate\/#respond\">Anuleaz\u0103 r\u0103spunsul<\/a><\/small><\/h3>\n<p class=\"comment-notes\"><span id=\"email-notes\">Adresa ta de email nu va fi publicat\u0103.<\/span><span class=\"required-field-message\">C\u00e2mpurile obligatorii sunt marcate cu <span class=\"required\">*<\/span><\/span><\/p>\n<\/div>\n<\/div>\n<\/div>\n<\/div>\n<\/div>\n<div class=\"sidebar-wrap single-sidebar\">\n<div class=\"sidebar-inner clearfix\">\n<div id=\"widget-post-2\" class=\"widget rb-section w-sidebar clearfix widget-post\">\n<div class=\"block-h widget-heading heading-layout-1\">\n<div class=\"heading-inner\">\n<h4 class=\"heading-title\"><span>Articole recente<\/span><\/h4>\n<\/div>\n<\/div>\n<div class=\"widget-p-listing\">\n<div class=\"p-wrap p-small p-list-small-2\" data-pid=\"245988\">\n<div class=\"feat-holder\">\n<div class=\"p-featured ratio-v1\"><a class=\"p-flink\" href=\"https:\/\/ortodoxinfo.ro\/2026\/07\/06\/ursula-von-der-leyen-ucraina-are-nevoie-urgenta-de-aparare-antiaeriana-zevzecul-mucea-dan-sare-cu-banu-din-banii-romanilor\/\" title=\"Ursula von der Leyen: \u201eUcraina are nevoie urgent\u0103 de ap\u0103rare antiaerian\u0103\u201d. Zevzecul Mucea Dan sare cu banu\u2019\u2026 din banii rom\u00e2nilor\"><img decoding=\"async\" width=\"150\" height=\"150\" src=\"https:\/\/ortodoxinfo.ro\/wp-content\/uploads\/2026\/07\/ursula-von-der-leyen-ucraina-are-nevoie-urgenta-de-aparare-antiaeriana-83644-150x150.png\" class=\"featured-img wp-post-image\" alt loading=\"lazy\"><\/a><\/div>\n<\/div>\n<div class=\"p-content\">\n<h5 class=\"entry-title\"><a class=\"p-url\" href=\"https:\/\/ortodoxinfo.ro\/2026\/07\/06\/ursula-von-der-leyen-ucraina-are-nevoie-urgenta-de-aparare-antiaeriana-zevzecul-mucea-dan-sare-cu-banu-din-banii-romanilor\/\" rel=\"bookmark\">Ursula von der Leyen: \u201eUcraina are nevoie urgent\u0103 de ap\u0103rare antiaerian\u0103\u201d. Zevzecul Mucea Dan sare cu banu\u2019\u2026 din banii rom\u00e2nilor<\/a><\/h5>\n<div class=\"p-meta\">\n<div class=\"meta-inner is-meta\"><span class=\"meta-el meta-date\"><time datetime=\"2026-07-06T21:45:49+03:00\">6 iulie 2026<\/time><\/span><span class=\"meta-el meta-category meta-bold\"><a class=\"meta-separate category-15871\" href=\"https:\/\/ortodoxinfo.ro\/category\/anti-sistem\/al-iii-lea-razboi-mondial\/ucraina\/\">Ucraina<\/a><\/span><span class=\"meta-el meta-view\">650 vizualiz\u0103ri\t\t<\/span><\/div>\n<\/div>\n<\/div>\n<\/div>\n<div class=\"p-wrap p-small p-list-small-2\" data-pid=\"245923\">\n<div class=\"feat-holder\">\n<div class=\"p-featured ratio-v1\"><a class=\"p-flink\" href=\"https:\/\/ortodoxinfo.ro\/2026\/07\/06\/germania-cere-incetarea-ajutorului-acordat-ucrainei-ca-urmare-a-implicarii-in-atentatul-asupra-conductei-nord-stream-2\/\" title=\"Germania cere \u00eencetarea ajutorului acordat Ucrainei, ca urmare a implic\u0103rii \u00een atentatul asupra conductei Nord Stream 2\"><img decoding=\"async\" width=\"150\" height=\"150\" src=\"https:\/\/ortodoxinfo.ro\/wp-content\/uploads\/2026\/07\/zelenski-volodimir-150x150.jpg\" class=\"featured-img wp-post-image\" alt loading=\"lazy\"><\/a><\/div>\n<\/div>\n<div class=\"p-content\">\n<h5 class=\"entry-title\"><a class=\"p-url\" href=\"https:\/\/ortodoxinfo.ro\/2026\/07\/06\/germania-cere-incetarea-ajutorului-acordat-ucrainei-ca-urmare-a-implicarii-in-atentatul-asupra-conductei-nord-stream-2\/\" rel=\"bookmark\">Germania cere \u00eencetarea ajutorului acordat Ucrainei, ca urmare a implic\u0103rii \u00een atentatul asupra conductei Nord Stream 2<\/a><\/h5>\n<div class=\"p-meta\">\n<div class=\"meta-inner is-meta\"><span class=\"meta-el meta-date\"><time datetime=\"2026-07-06T14:40:42+03:00\">6 iulie 2026<\/time><\/span><span class=\"meta-el meta-category meta-bold\"><a class=\"meta-separate category-15871\" href=\"https:\/\/ortodoxinfo.ro\/category\/anti-sistem\/al-iii-lea-razboi-mondial\/ucraina\/\">Ucraina<\/a><\/span><span class=\"meta-el meta-view\">6.1k vizualiz\u0103ri\t\t<\/span><\/div>\n<\/div>\n<\/div>\n<\/div>\n<div class=\"p-wrap p-small p-list-small-2\" data-pid=\"245789\">\n<div class=\"feat-holder\">\n<div class=\"p-featured ratio-v1\"><a class=\"p-flink\" href=\"https:\/\/ortodoxinfo.ro\/2026\/07\/06\/romania-se-aude-pe-fondul-scandalului-legat-de-rachetele-patriot-polonia-va-declasifica-toate-datele-privind-ajutorul-militar-acordat-ucrainei-de-la-inceputul-razboiului\/\" title=\"Rom\u00e2nia, se aude? Pe fondul scandalului legat de rachetele Patriot, Polonia va declasifica toate datele privind ajutorul militar acordat Ucrainei de la \u00eenceputul r\u0103zboiului\"><img decoding=\"async\" width=\"150\" height=\"150\" src=\"https:\/\/ortodoxinfo.ro\/wp-content\/uploads\/2026\/07\/romania-se-aude-pe-fondul-scandalului-legat-de-rachetele-patriot-polonia-va-declasifica-toate-datele-150x150.png\" class=\"featured-img wp-post-image\" alt loading=\"lazy\"><\/a><\/div>\n<\/div>\n<div class=\"p-content\">\n<h5 class=\"entry-title\"><a class=\"p-url\" href=\"https:\/\/ortodoxinfo.ro\/2026\/07\/06\/romania-se-aude-pe-fondul-scandalului-legat-de-rachetele-patriot-polonia-va-declasifica-toate-datele-privind-ajutorul-militar-acordat-ucrainei-de-la-inceputul-razboiului\/\" rel=\"bookmark\">Rom\u00e2nia, se aude? Pe fondul scandalului legat de rachetele Patriot, Polonia va declasifica toate datele privind ajutorul militar acordat Ucrainei de la \u00eenceputul r\u0103zboiului<\/a><\/h5>\n<div class=\"p-meta\">\n<div class=\"meta-inner is-meta\"><span class=\"meta-el meta-date\"><time datetime=\"2026-07-06T10:24:59+03:00\">6 iulie 2026<\/time><\/span><span class=\"meta-el meta-category meta-bold\"><a class=\"meta-separate category-15871\" href=\"https:\/\/ortodoxinfo.ro\/category\/anti-sistem\/al-iii-lea-razboi-mondial\/ucraina\/\">Ucraina<\/a><\/span><span class=\"meta-el meta-view\">6.4k vizualiz\u0103ri\t\t<\/span><\/div>\n<\/div>\n<\/div>\n<\/div>\n<div class=\"p-wrap p-small p-list-small-2\" data-pid=\"245723\">\n<div class=\"feat-holder\">\n<div class=\"p-featured ratio-v1\"><a class=\"p-flink\" href=\"https:\/\/ortodoxinfo.ro\/2026\/07\/05\/ue-noua-uniune-sovietica-curtea-de-justitie-a-ue-cetatenii-care-distribuie-materiale-din-surse-interzise-de-ue-pot-fi-urmariti-penal-chiar-daca-informatiile-sunt-adevarate\/\" title=\"UE \u2013 NOUA UNIUNE SOVIETIC\u0102! Curtea de Justi\u021bie a UE: Cet\u0103\u021benii care distribuie materiale din surse interzise de UE pot fi urm\u0103ri\u021bi penal chiar dac\u0103 informa\u021biile sunt adev\u0103rate\"><img decoding=\"async\" width=\"150\" height=\"150\" src=\"https:\/\/ortodoxinfo.ro\/wp-content\/uploads\/2026\/07\/curtea-de-justitie-a-ue-cetatenii-care-distribuie-materiale-din-surse-interzise-de-ue-pot-fi-urmarit-150x150.jpeg\" class=\"featured-img wp-post-image\" alt loading=\"lazy\"><\/a><\/div>\n<\/div>\n<div class=\"p-content\">\n<h5 class=\"entry-title\"><a class=\"p-url\" href=\"https:\/\/ortodoxinfo.ro\/2026\/07\/05\/ue-noua-uniune-sovietica-curtea-de-justitie-a-ue-cetatenii-care-distribuie-materiale-din-surse-interzise-de-ue-pot-fi-urmariti-penal-chiar-daca-informatiile-sunt-adevarate\/\" rel=\"bookmark\">UE \u2013 NOUA UNIUNE SOVIETIC\u0102! Curtea de Justi\u021bie a UE: Cet\u0103\u021benii care distribuie materiale din surse interzise de UE pot fi urm\u0103ri\u021bi penal chiar dac\u0103 informa\u021biile sunt adev\u0103rate<\/a><\/h5>\n<div class=\"p-meta\">\n<div class=\"meta-inner is-meta\"><span class=\"meta-el meta-date\"><time datetime=\"2026-07-05T18:30:22+03:00\">5 iulie 2026<\/time><\/span><span class=\"meta-el meta-category meta-bold\"><a class=\"meta-separate category-1596\" href=\"https:\/\/ortodoxinfo.ro\/category\/anti-sistem\/big-brother\/\">Big brother<\/a><\/span><span class=\"meta-el meta-view\">17.8k vizualiz\u0103ri\t\t<\/span><\/div>\n<\/div>\n<\/div>\n<\/div>\n<\/div>\n<\/div>\n<div id=\"custom_html-2\" class=\"widget_text widget rb-section w-sidebar clearfix widget_custom_html\">\n<div class=\"block-h widget-heading heading-layout-1\">\n<div class=\"heading-inner\">\n<h4 class=\"heading-title\"><span>DONA\u021aII \u00een cont bancar<\/span><\/h4>\n<\/div>\n<\/div>\n<div class=\"textwidget custom-html-widget\">\n<table class=\"donatii\">\n<tbody>\n<tr>\n<th colspan=\"2\"><strong><span>Asicia\u021bia SMI-B<\/span><\/strong><\/th>\n<\/tr>\n<tr>\n<th>Cont LEI<\/th>\n<td>RO67CECEB00030RON2081955<\/td>\n<\/tr>\n<tr>\n<th>Cont EURO<\/th>\n<td>RO33CECEB000C1EUR2081978<\/td>\n<\/tr>\n<tr>\n<th>Cod SWIFT<\/th>\n<td>CECEROBU<\/td>\n<\/tr>\n<tr>\n<th colspan=\"2\"><strong>CEC BANK SA<\/strong><\/th>\n<\/tr>\n<\/tbody>\n<\/table>\n<\/div>\n<\/div>\n<\/div>\n<\/div>\n<\/div>\n<\/article>\n<div class=\"entry-content rbct clearfix is-highlight-shares\">\n<div class=\"ruby-table-contents rbtoc table-left table-fw-single-col\">\n<div class=\"toc-header\"><span class=\"h3\">Sumar<\/span><\/div>\n<div class=\"toc-content h5\"><a href=\"https:\/\/ortodoxinfo.ro\/2026\/07\/06\/bolojan-asasinul-economiei-romanesti-s-a-prabusit-consumul-vanzarile-de-produse-nealimentare-cele-mai-afectate\/#comertul-sia-revenit-usor-in-luna-mai\" class=\"table-link no-link anchor-link\" data-index=\"rb-heading-index-0\">Comer\u021bul \u0219i-a revenit u\u0219or \u00een luna mai<\/a><a href=\"https:\/\/ortodoxinfo.ro\/2026\/07\/06\/bolojan-asasinul-economiei-romanesti-s-a-prabusit-consumul-vanzarile-de-produse-nealimentare-cele-mai-afectate\/#vanzarile-raman-sub-nivelul-de-anul-trecut\" class=\"table-link no-link anchor-link\" data-index=\"rb-heading-index-1\">V\u00e2nz\u0103rile r\u0103m\u00e2n sub nivelul de anul trecut<\/a><\/div>\n<\/div>\n<p><strong>Consumul a continuat s\u0103 scad\u0103 \u00een primele cinci luni ale anului 2026, potrivit <a href=\"https:\/\/insse.ro\/cms\/sites\/default\/files\/com_presa\/com_pdf\/com_amanunt_05r26.pdf\">datelor publicate luni de Institutul Na\u021bional de Statistic\u0103<\/a> (INS). V\u00e2nz\u0103rile de produse nealimentare au fost cele mai afectate \u00een aceast\u0103 perioad\u0103.<\/strong><\/p>\n<p>V\u00e2nz\u0103rile de produse nealimentare au sc\u0103zut cu 7,9%. De asemenea, au fost \u00eenregistrate sc\u0103deri la v\u00e2nz\u0103rile de produse alimentare, b\u0103uturi \u0219i tutun (-3,7%), precum \u0219i la comer\u021bul cu am\u0103nuntul al carburan\u021bilor pentru autovehicule \u00een magazine specializate (-2,8%).<\/p>\n<h3 id=\"comertul-sia-revenit-usor-in-luna-mai\" class=\"rb-heading-index-0\">Comer\u021bul \u0219i-a revenit u\u0219or \u00een luna mai<\/h3>\n<p>Comparativ cu luna aprilie, comer\u021bul cu am\u0103nuntul a \u00eenregistrat o u\u0219oar\u0103 cre\u0219tere \u00een luna mai. Potrivit datelor INS, volumul cifrei de afaceri a avansat cu 1,2% ca serie brut\u0103, sus\u021binut de majorarea v\u00e2nz\u0103rilor de produse nealimentare (+3,2%) \u0219i a celor de produse alimentare, b\u0103uturi \u0219i tutun (+0,5%).<\/p>\n<p>Singurul segment care a continuat s\u0103 scad\u0103 a fost cel al carburan\u021bilor, unde v\u00e2nz\u0103rile s-au redus cu 2,3%.<\/p>\n<p>\u0218i \u00een seria ajustat\u0103 sezonier s-a consemnat o cre\u0219tere lunar\u0103 de 1,3%, determinat\u0103 de avansul v\u00e2nz\u0103rilor de produse nealimentare (+2,3%) \u0219i alimentare (+2,2%). \u00cen schimb, comer\u021bul cu carburan\u021bi a \u00eenregistrat un recul de 0,5%.<\/p>\n<h3 id=\"vanzarile-raman-sub-nivelul-de-anul-trecut\" class=\"rb-heading-index-1\">V\u00e2nz\u0103rile r\u0103m\u00e2n sub nivelul de anul trecut<\/h3>\n<p>\u00cen compara\u021bie cu luna mai 2025, comer\u021bul cu am\u0103nuntul a r\u0103mas pe minus. Volumul cifrei de afaceri a sc\u0103zut cu 4,5% ca serie brut\u0103, pe fondul reducerii v\u00e2nz\u0103rilor de carburan\u021bi (-5,5%), produse nealimentare (-4,8%) \u0219i produse alimentare, b\u0103uturi \u0219i tutun (-3,5%).<\/p>\n<p>Datele ajustate sezonier indic\u0103 un declin anual de 4,7%, determinat de sc\u0103derea v\u00e2nz\u0103rilor de produse nealimentare (-5,3%), alimentare (-4,3%) \u0219i de carburan\u021bi (-2%).<\/p>\n<p>Datele publicate de Institutul Na\u021bional de Statistic\u0103 arat\u0103 astfel c\u0103, \u00een ciuda unei u\u0219oare reveniri \u00een luna mai fa\u021b\u0103 de aprilie, comer\u021bul cu am\u0103nuntul continu\u0103 s\u0103 se situeze sub nivelurile \u00eenregistrate \u00een aceea\u0219i perioad\u0103 a anului trecut.<\/p>\n<\/div>\n<p>[analyse_source url=&#8221;https:\/\/ortodoxinfo.ro\/2026\/07\/06\/bolojan-asasinul-economiei-romanesti-s-a-prabusit-consumul-vanzarile-de-produse-nealimentare-cele-mai-afectate\/&#8221;]<\/p>\n","protected":false},"excerpt":{"rendered":"<p>[analyse_image type=&#8221;featured&#8221; src=&#8221;https:\/\/ortodoxinfo.ro\/wp-content\/uploads\/2026\/07\/CAP-scumpiri.webp.webphttps:\/\/ortodoxinfo.ro\/wp-content\/uploads\/2026\/07\/CAP-scumpiri.webp.webp&#8221;] Prima pagin\u0103 \u00bb Blog \u00bb Bolojan asasinul economiei rom\u00e2ne\u0219ti: S-a pr\u0103bu\u0219it consumul! V\u00e2nz\u0103rile de produse nealimentare, cele mai afectate Bolojan asasinul economiei rom\u00e2ne\u0219ti: S-a pr\u0103bu\u0219it consumul! V\u00e2nz\u0103rile de produse nealimentare, cele mai afectate 6 iulie 2026Asasinii \u021b\u0103rii8.8k vizualiz\u0103ri 1 comentariu Share 2 Min Read SHARE OrtodoxINFO este supus unui sabotaj sistematic din [&hellip;]<\/p>\n","protected":false},"author":1,"featured_media":0,"comment_status":"open","ping_status":"","sticky":false,"template":"","format":"standard","meta":{"footnotes":""},"categories":[89],"tags":[226,94],"class_list":["post-2029825","post","type-post","status-publish","format-standard","hentry","category-romania","tag-crawlmanager","tag-ortodoxinfo-ro"],"_links":{"self":[{"href":"https:\/\/analyse.optim.biz\/index.php?rest_route=\/wp\/v2\/posts\/2029825","targetHints":{"allow":["GET"]}}],"collection":[{"href":"https:\/\/analyse.optim.biz\/index.php?rest_route=\/wp\/v2\/posts"}],"about":[{"href":"https:\/\/analyse.optim.biz\/index.php?rest_route=\/wp\/v2\/types\/post"}],"author":[{"embeddable":true,"href":"https:\/\/analyse.optim.biz\/index.php?rest_route=\/wp\/v2\/users\/1"}],"replies":[{"embeddable":true,"href":"https:\/\/analyse.optim.biz\/index.php?rest_route=%2Fwp%2Fv2%2Fcomments&post=2029825"}],"version-history":[{"count":0,"href":"https:\/\/analyse.optim.biz\/index.php?rest_route=\/wp\/v2\/posts\/2029825\/revisions"}],"wp:attachment":[{"href":"https:\/\/analyse.optim.biz\/index.php?rest_route=%2Fwp%2Fv2%2Fmedia&parent=2029825"}],"wp:term":[{"taxonomy":"category","embeddable":true,"href":"https:\/\/analyse.optim.biz\/index.php?rest_route=%2Fwp%2Fv2%2Fcategories&post=2029825"},{"taxonomy":"post_tag","embeddable":true,"href":"https:\/\/analyse.optim.biz\/index.php?rest_route=%2Fwp%2Fv2%2Ftags&post=2029825"}],"curies":[{"name":"wp","href":"https:\/\/api.w.org\/{rel}","templated":true}]}}