{"id":2029821,"date":"2026-07-06T11:40:42","date_gmt":"2026-07-06T08:40:42","guid":{"rendered":"https:\/\/analyse.optim.biz\/?p=2029821"},"modified":"2026-07-06T11:40:42","modified_gmt":"2026-07-06T08:40:42","slug":"germania-cere-incetarea-ajutorului-acordat-ucrainei-ca-urmare-a-implicarii-in-atentatul-asupra-conductei-nord-stream-2","status":"publish","type":"post","link":"https:\/\/analyse.optim.biz\/?p=2029821","title":{"rendered":"Germania cere \u00eencetarea ajutorului acordat Ucrainei, ca urmare a implic\u0103rii \u00een atentatul asupra conductei Nord Stream 2"},"content":{"rendered":"<p>[analyse_image type=&#8221;featured&#8221; src=&#8221;https:\/\/ortodoxinfo.ro\/wp-content\/uploads\/2026\/07\/zelenski-volodimir.jpghttps:\/\/ortodoxinfo.ro\/wp-content\/uploads\/2026\/07\/zelenski-volodimir.jpg&#8221;]<\/p>\n<article id=\"post-245923\" class=\"post-245923 post type-post status-publish format-standard has-post-thumbnail category-ucraina\">\n<header class=\"single-header\">\n<aside class=\"breadcrumb-wrap breadcrumb-yoast s-breadcrumb\">\n<div class=\"breadcrumb-inner\"><span><span><a href=\"https:\/\/ortodoxinfo.ro\/\">Prima pagin\u0103<\/a><\/span> \u00bb <span><a href=\"https:\/\/ortodoxinfo.ro\/blog\/\">Blog<\/a><\/span> \u00bb <span class=\"breadcrumb_last\" aria-current=\"page\">Germania cere \u00eencetarea ajutorului acordat Ucrainei, ca urmare a implic\u0103rii \u00een atentatul asupra conductei Nord Stream 2<\/span><\/span><\/div>\n<\/aside>\n<h1 class=\"s-title fw-headline\">Germania cere \u00eencetarea ajutorului acordat Ucrainei, ca urmare a implic\u0103rii \u00een atentatul asupra conductei Nord Stream 2<\/h1>\n<div class=\"single-meta meta-s-default yes-0\">\n<div class=\"smeta-in\"><a class=\"meta-el meta-avatar\" href=\"https:\/\/ortodoxinfo.ro\/author\/redactor\/\"><img loading=\"lazy\" decoding=\"async\" alt=\"OrtodoxINFO\" src=\"https:\/\/secure.gravatar.com\/avatar\/21010332354a182ce4de6016685c5586f21c51866d0ec5bc8ef383240b3c3e02?s=120&amp;r=g\" class=\"avatar avatar-120 photo\" height=\"120\" width=\"120\"><\/a><\/p>\n<div class=\"smeta-sec\">\n<div class=\"p-meta\">\n<div class=\"meta-inner is-meta\"><span class=\"meta-el meta-date\"><time datetime=\"2026-07-06T14:40:42+03:00\">6 iulie 2026<\/time><\/span><span class=\"meta-el meta-category meta-bold\"><a class=\"meta-separate category-15871\" href=\"https:\/\/ortodoxinfo.ro\/category\/anti-sistem\/al-iii-lea-razboi-mondial\/ucraina\/\">Ucraina<\/a><\/span><span class=\"meta-el meta-view\">6.1k vizualiz\u0103ri\t\t<\/span><span class=\"meta-el meta-comment mobile-last-meta tablet-last-meta\"><a href=\"https:\/\/ortodoxinfo.ro\/2026\/07\/06\/germania-cere-incetarea-ajutorului-acordat-ucrainei-ca-urmare-a-implicarii-in-atentatul-asupra-conductei-nord-stream-2\/#comments\">1 comentariu<\/a><\/span><\/div>\n<\/div>\n<\/div>\n<\/div>\n<div class=\"smeta-extra\">\n<div class=\"t-shared-sec tooltips-n has-read-meta is-color\">\n<div class=\"t-shared-header is-meta\"><span class=\"share-label\">Share<\/span><\/div>\n<\/div>\n<div class=\"single-right-meta single-time-read is-meta\"><span class=\"meta-el meta-read\">7 Min Read<\/span><\/div>\n<\/div>\n<\/div>\n<\/header>\n<div class=\"grid-container\">\n<div class=\"s-ct\">\n<div class=\"s-feat-outer\">\n<div class=\"s-feat\">\n<div class=\"featured-lightbox-trigger\" data-source=\"https:\/\/ortodoxinfo.ro\/wp-content\/uploads\/2026\/07\/zelenski-volodimir.jpg\" data-caption data-attribution><img fetchpriority=\"high\" decoding=\"async\" width=\"860\" height=\"484\" src=\"https:\/\/ortodoxinfo.ro\/wp-content\/uploads\/2026\/07\/zelenski-volodimir-860x484.jpg\" class=\"attachment-foxiz_crop_o1 size-foxiz_crop_o1 wp-post-image\" alt loading=\"eager\"><\/div>\n<\/div>\n<\/div>\n<div class=\"s-ct-wrap has-lsl\">\n<div class=\"s-ct-inner\">\n<div class=\"l-shared-sec-outer show-mobile\">\n<div class=\"l-shared-sec\">\n<div class=\"l-shared-header meta-text\"><span class=\"share-label\">SHARE<\/span><\/div>\n<\/div>\n<\/div>\n<div class=\"e-ct-outer\">\n<div class=\"entry-top\">\n<div id=\"custom_html-3\" class=\"widget_text widget entry-widget clearfix widget_custom_html\">\n<div class=\"textwidget custom-html-widget\">\n<div><small><br \/>\n    OrtodoxINFO este supus unui sabotaj sistematic din partea reprezentan\u021bilor Google Rom\u00e2nia, at\u00e2t la afi\u0219\u0103ri c\u00e2t \u0219i \u00een rezultatele de c\u0103utare.<br \/>\n        Astfel c\u0103 veniturile din publicitate au sc\u0103zut de p\u00e2n\u0103 la <strong>10 ori<\/strong>. Situa\u021bia este similar\u0103 \u0219i pe Facebook.<\/p>\n<p>        V\u0103 invit\u0103m s\u0103 accesa\u021bi direct site-ul \u0219i s\u0103 v\u0103 abona\u021bi la notific\u0103ri.<\/p>\n<p>    Dac\u0103 dori\u021bi s\u0103 ne sus\u021bine\u021bi \u00een aceast\u0103 perioad\u0103 dificil\u0103, orice <a href=\"https:\/\/ortodoxinfo.ro\/donatii\/\">dona\u021bie<\/a> este binevenit\u0103.<br \/>\n    Dumnezeu s\u0103 v\u0103 r\u0103spl\u0103teasc\u0103!<br \/>\n<\/small><\/div>\n<\/div>\n<\/div>\n<\/div>\n<div class=\"entry-content rbct clearfix is-highlight-shares\">\n<p class=\"wp-block-paragraph\">Tino Chrupalla, liderul partidului german Alternativa pentru Germania, cere \u00eencetarea ajutorului militar acordat Ucrainei dup\u0103 punerea sub acuzare a unui cet\u0103\u021bean ucrainean suspectat de implicare \u00een atentatul asupra conductei Nord Stream 2. Declara\u021bia vine \u00eentr-un moment extrem de sensibil pentru Berlin, care a sus\u021binut Kievul cu bani, arme \u0219i sprijin politic, \u00een timp ce una dintre cele mai importante infrastructuri energetice germane a fost aruncat\u0103 \u00een aer.<\/p>\n<p class=\"wp-block-paragraph\">Cu alte cuvinte, Germania a ajutat Ucraina, Germania a pl\u0103tit factura crizei energetice, iar acum afl\u0103 c\u0103 un ucrainean este acuzat \u00een dosarul sabotajului Nord Stream. Dac\u0103 nu era geopolitic\u0103, p\u0103rea comedie neagr\u0103 cu gaz scump \u0219i contribuabili cumin\u021bi.<\/p>\n<p class=\"wp-block-paragraph\">Liderul AfD spune c\u0103 atacul asupra conductei Nord Stream a fost un atac \u00eempotriva unei artere vitale a industriei germane \u0219i c\u0103 trebuie anchetat p\u00e2n\u0103 la cap\u0103t. Nu doar executan\u021bii trebuie identifica\u021bi, ci \u0219i cei care ar fi comandat opera\u021biunea.<\/p>\n<p class=\"wp-block-paragraph\">Chrupalla cere continuarea investiga\u021biilor chiar dac\u0103 acestea ar duce spre conducerea For\u021belor Armate Ucrainene sau spre serviciile de informa\u021bii ucrainene. Este o pozi\u021bie dur\u0103, dar logic\u0103 din perspectiva Germaniei: dac\u0103 o infrastructur\u0103 strategic\u0103 a fost sabotat\u0103, atunci \u00eentrebarea nu poate r\u0103m\u00e2ne la nivelul \u201ecine a pus explozibilul?\u201d, ci trebuie dus\u0103 p\u00e2n\u0103 la \u201ecine a dat ordinul?\u201d.<\/p>\n<p class=\"wp-block-paragraph\">Pentru c\u0103 un asemenea atac nu este o boroboa\u021b\u0103 f\u0103cut\u0103 cu \u0219urubelni\u021ba \u00eentr-un garaj. Vorbim despre o opera\u021biune asupra unei conducte strategice, cu efecte economice uria\u0219e.<\/p>\n<p class=\"wp-block-paragraph\">Chrupalla sus\u021bine c\u0103 exist\u0103 deja suficiente dovezi pentru oprirea ajutorului militar acordat Ucrainei. Mesajul este simplu \u0219i t\u0103ios: Germania nu poate continua s\u0103 finan\u021beze militar un stat \u00een jurul c\u0103ruia apar suspiciuni legate de sabotarea infrastructurii germane.<\/p>\n<p class=\"wp-block-paragraph\">Aici se rupe filmul frumos al solidarit\u0103\u021bii necondi\u021bionate. Ani de zile, contribuabilului german i s-a spus c\u0103 trebuie s\u0103 ajute Ucraina, s\u0103 accepte costuri mai mari, s\u0103 sus\u021bin\u0103 sanc\u021biuni, s\u0103 \u00eenghit\u0103 scumpiri \u0219i s\u0103 cread\u0103 \u00een strategia oficial\u0103. Acum apare \u00eentrebarea incomod\u0103: dac\u0103 infrastructura Germaniei a fost lovit\u0103, de ce Berlinul ar trebui s\u0103 continue s\u0103 semneze cecuri militare f\u0103r\u0103 s\u0103 \u0219tie adev\u0103rul complet?<\/p>\n<p class=\"wp-block-paragraph\">Solidaritatea este frumoas\u0103 \u00een discursuri. Dar c\u00e2nd conductele explodeaz\u0103, industria sufer\u0103 \u0219i factura vine la cet\u0103\u021bean, entuziasmul moral \u00eencepe s\u0103 aib\u0103 nevoie de explica\u021bii.<\/p>\n<p class=\"wp-block-paragraph\">Atentatul asupra conductelor Nord Stream a lovit direct Germania, nu doar simbolic, ci economic. Conductele reprezentau o rut\u0103 major\u0103 de alimentare cu gaz, iar distrugerea lor a ad\u00e2ncit criza energetic\u0103 \u0219i a pus presiune suplimentar\u0103 pe industria german\u0103.<\/p>\n<div class=\"inline-single-ad ad_single_3_index alignfull\">\n<div class=\"ad-wrap ad-script-wrap\">\n<div class=\"ad-script non-adsense edge-padding\">\n<div>\n\u203c\ufe0f\u203c\ufe0f NU recunoa\u0219tem ca pre\u0219edinte al Rom\u00e2niei pe marioneta retard\u0103 Nicu\u0219or Dan! Rom\u00e2ni, boicota\u021bi aceast\u0103 f\u0103c\u0103tur\u0103, care ne face \u021bara de r\u00e2s! NU rom\u00e2nii l-au votat pe Nicusoro\u0219 &#8211; cu unele excep\u021bii de persoane infantile, manipulabile \u0219i chiar idioate &#8211; ci l-au ajutat Maia Soro\u0219, Emanuel Macrou \u0219i tr\u0103d\u0103torii de la B.E.C. \u0219i CCR!<br \/>\n La \u00eenchisoare cu cei care au fraudat alegerile!\n<\/div>\n<\/div>\n<\/div>\n<\/div>\n<p class=\"wp-block-paragraph\">Pentru un stat industrial ca Germania, energia nu este un detaliu. Este s\u00e2ngele economiei. C\u00e2nd aceast\u0103 arter\u0103 este t\u0103iat\u0103, nu vorbim doar despre geopolitic\u0103, ci despre fabrici, locuri de munc\u0103, pre\u021buri, competitivitate \u0219i viitor economic.<\/p>\n<p class=\"wp-block-paragraph\">Iar Chrupalla apas\u0103 exact pe acest punct: dac\u0103 Nord Stream a fost o arter\u0103 vital\u0103, atunci sabotarea ei trebuie tratat\u0103 ca atac asupra interesului na\u021bional german, nu ca o pagin\u0103 incomod\u0103 de arhivat diplomatic.<\/p>\n<p class=\"wp-block-paragraph\">Dac\u0103 \u00een dosar apare implicarea unor persoane din Ucraina, atunci \u00eentrebarea devine exploziv\u0103: au ac\u021bionat singure sau au avut acoperire? A fost o opera\u021biune izolat\u0103 sau una cunoscut\u0103 la nivel mai \u00eenalt? \u0218i, mai ales, ce \u0219tiau partenerii occidentali?<\/p>\n<p class=\"wp-block-paragraph\">Chrupalla cere ca ancheta s\u0103 mearg\u0103 p\u00e2n\u0103 la cap\u0103t, inclusiv dac\u0103 duce spre structuri militare sau de informa\u021bii ucrainene. Iar acest lucru este exact ce multe capitale occidentale ar prefera s\u0103 evite: un adev\u0103r prea clar, prea documentat \u0219i prea greu de \u00eenghi\u021bit politic.<\/p>\n<p class=\"wp-block-paragraph\">Pentru c\u0103 una este s\u0103 spui c\u0103 Rusia este vinovatul universal pentru toate relele, \u0219i alta este s\u0103 explici propriilor cet\u0103\u021beni c\u0103 statul pe care l-au finan\u021bat \u0219i \u00eenarmat ar putea avea cet\u0103\u021beni sau structuri implicate \u00een distrugerea infrastructurii energetice germane.<\/p>\n<p class=\"wp-block-paragraph\">Pozi\u021bia lui Chrupalla vine din zona AfD, partid contestat \u0219i etichetat constant de establishmentul german. Dar exact aici apare problema pentru guvernul de la Berlin: chiar dac\u0103 nu \u00ee\u021bi place mesagerul, \u00eentrebarea r\u0103m\u00e2ne.<\/p>\n<p class=\"wp-block-paragraph\">De ce ar trebui Germania s\u0103 continue ajutorul militar f\u0103r\u0103 s\u0103 clarifice complet cine a sabotat Nord Stream? De ce trebuie contribuabilul german s\u0103 pl\u0103teasc\u0103 \u00een continuare, dac\u0103 infrastructura lui strategic\u0103 a fost atacat\u0103? De ce se cere solidaritate f\u0103r\u0103 r\u0103spundere?<\/p>\n<p class=\"wp-block-paragraph\">Sunt \u00eentreb\u0103ri pe care guvernul german nu le poate elimina doar prin etichete politice. Conducta nu a explodat din cauza unui discurs populist. A explodat \u00een Marea Baltic\u0103, iar consecin\u021bele au fost reale.<\/p>\n<p class=\"wp-block-paragraph\">Pentru Ucraina, dosarul Nord Stream devine o problem\u0103 diplomatic\u0103 major\u0103. P\u00e2n\u0103 acum, sprijinul occidental a fost prezentat ca obliga\u021bie strategic\u0103 \u0219i moral\u0103. Dar dac\u0103 anchetele duc spre cet\u0103\u021beni ucraineni \u0219i eventual spre structuri mai \u00eenalte, sprijinul risc\u0103 s\u0103 devin\u0103 mult mai greu de ap\u0103rat public.<\/p>\n<p class=\"wp-block-paragraph\">Chrupalla cere oprirea ajutorului militar. Al\u021bii poate nu vor spune \u00eenc\u0103 asta direct, dar vor \u00eencepe s\u0103 \u00eentrebe mai ap\u0103sat. Iar \u00een politic\u0103, marile schimb\u0103ri nu \u00eencep \u00eentotdeauna cu decizii oficiale. \u00cencep cu \u00eentreb\u0103ri care nu mai pot fi reduse la t\u0103cere.<\/p>\n<p class=\"wp-block-paragraph\">Cazul Nord Stream este un test pentru Germania. Dac\u0103 Berlinul vrea s\u0103 fie stat serios, trebuie s\u0103 afle cine a lovit infrastructura sa strategic\u0103, indiferent c\u00e2t de incomod este r\u0103spunsul. Dac\u0103 prefer\u0103 s\u0103 protejeze nara\u021biunea politic\u0103 \u00een loc s\u0103 protejeze adev\u0103rul, atunci transmite propriilor cet\u0103\u021beni c\u0103 interesele Germaniei pot fi sacrificate de dragul unei alian\u021be convenabile.<\/p>\n<p class=\"wp-block-paragraph\">Chrupalla cere oprirea ajutorului militar pentru Ucraina. Poate unii vor spune c\u0103 este prea dur. Dar \u00eentrebarea lui r\u0103m\u00e2ne: cum poate Germania s\u0103 finan\u021beze militar un stat \u00een jurul c\u0103ruia planeaz\u0103 suspiciuni \u00eentr-un dosar care a lovit direct economia german\u0103?<\/p>\n<p class=\"wp-block-paragraph\">P\u00e2n\u0103 la r\u0103spunsuri clare, imaginea este amar\u0103: Nord Stream a fost aruncat \u00een aer, industria german\u0103 a primit factura, iar contribuabilului i se cere s\u0103 continue s\u0103 pl\u0103teasc\u0103 f\u0103r\u0103 s\u0103 pun\u0103 prea multe \u00eentreb\u0103ri.<\/p>\n<p class=\"wp-block-paragraph\">Poate c\u0103 exact asta \u00eencepe s\u0103 se schimbe.<\/p>\n<\/div>\n<\/div>\n<\/div>\n<div class=\"e-shared-sec entry-sec\">\n<div class=\"e-shared-header h4\"><span>Distribuie<\/span><\/div>\n<div class=\"rbbsl tooltips-n effect-fadeout is-bg\"><a class=\"share-action share-trigger icon-facebook\" aria-label=\"Share on Facebook\" href=\"https:\/\/www.facebook.com\/sharer.php?u=https%3A%2F%2Fortodoxinfo.ro%2F2026%2F07%2F06%2Fgermania-cere-incetarea-ajutorului-acordat-ucrainei-ca-urmare-a-implicarii-in-atentatul-asupra-conductei-nord-stream-2%2F\" data-title=\"Facebook\" rel=\"nofollow\"><span>Facebook<\/span><\/a><a class=\"share-action share-trigger icon-twitter\" aria-label=\"Share on X\" href=\"https:\/\/twitter.com\/intent\/tweet?text=Germania+cere+%C3%AEncetarea+ajutorului+acordat+Ucrainei%2C+ca+urmare+a+implic%C4%83rii+%C3%AEn+atentatul+asupra+conductei+Nord+Stream+2&amp;url=https%3A%2F%2Fortodoxinfo.ro%2F2026%2F07%2F06%2Fgermania-cere-incetarea-ajutorului-acordat-ucrainei-ca-urmare-a-implicarii-in-atentatul-asupra-conductei-nord-stream-2%2F&amp;via=ortodoxinforo\" data-title=\"X\" rel=\"nofollow\"><span>X<\/span><\/a><a class=\"share-action icon-whatsapp is-web\" aria-label=\"Share on Whatsapp\" href=\"https:\/\/web.whatsapp.com\/send?text=Germania+cere+%C3%AEncetarea+ajutorului+acordat+Ucrainei%2C+ca+urmare+a+implic%C4%83rii+%C3%AEn+atentatul+asupra+conductei+Nord+Stream+2%20%E2%98%9E%20https%3A%2F%2Fortodoxinfo.ro%2F2026%2F07%2F06%2Fgermania-cere-incetarea-ajutorului-acordat-ucrainei-ca-urmare-a-implicarii-in-atentatul-asupra-conductei-nord-stream-2%2F\" target=\"_blank\" data-title=\"WhatsApp\" rel=\"nofollow\"><span>Whatsapp<\/span><\/a><a class=\"share-action icon-whatsapp is-mobile\" aria-label=\"Share on Whatsapp\" href=\"\/\/send?text=Germania+cere+%C3%AEncetarea+ajutorului+acordat+Ucrainei%2C+ca+urmare+a+implic%C4%83rii+%C3%AEn+atentatul+asupra+conductei+Nord+Stream+2%20%E2%98%9E%20https%3A%2F%2Fortodoxinfo.ro%2F2026%2F07%2F06%2Fgermania-cere-incetarea-ajutorului-acordat-ucrainei-ca-urmare-a-implicarii-in-atentatul-asupra-conductei-nord-stream-2%2F\" target=\"_blank\" data-title=\"WhatsApp\" rel=\"nofollow\"><span>Whatsapp<\/span><\/a><a class=\"share-action share-trigger icon-telegram\" aria-label=\"Share on Telegram\" href=\"https:\/\/t.me\/share\/?url=https%3A%2F%2Fortodoxinfo.ro%2F2026%2F07%2F06%2Fgermania-cere-incetarea-ajutorului-acordat-ucrainei-ca-urmare-a-implicarii-in-atentatul-asupra-conductei-nord-stream-2%2F&amp;text=Germania+cere+%C3%AEncetarea+ajutorului+acordat+Ucrainei%2C+ca+urmare+a+implic%C4%83rii+%C3%AEn+atentatul+asupra+conductei+Nord+Stream+2\" data-title=\"Telegram\" rel=\"nofollow\"><span>Telegram<\/span><\/a><a class=\"share-action icon-copy copy-trigger\" aria-label=\"Copy Link\" href=\"https:\/\/ortodoxinfo.ro\/2026\/07\/06\/germania-cere-incetarea-ajutorului-acordat-ucrainei-ca-urmare-a-implicarii-in-atentatul-asupra-conductei-nord-stream-2\/\" data-copied=\"Copied!\" data-link=\"https:\/\/ortodoxinfo.ro\/2026\/07\/06\/germania-cere-incetarea-ajutorului-acordat-ucrainei-ca-urmare-a-implicarii-in-atentatul-asupra-conductei-nord-stream-2\/\" rel=\"nofollow\" data-copy=\"Copy Link\"><span>Copy Link<\/span><\/a><a class=\"share-action icon-print\" aria-label=\"Print\" rel=\"nofollow\" data-title=\"Print\"><span>Print<\/span><\/a><\/div>\n<\/div>\n<\/div>\n<div id=\"tabs\" class=\"dntplgn_form_wrapper\"><span><\/p>\n<h2>\u0218tirile sunt sub cenzur\u0103! Sprijini\u021bi OrtodoxINFO!<\/h2>\n<p>Guvernul nu dore\u0219te aflarea adev\u0103rului despre lovitura de stat \u0219i \u00eengenuncherea Rom\u00e2niei. \u00cencerc\u0103m s\u0103 men\u021binem viu acest site \u0219i s\u0103 v\u0103 punem la dispozi\u021bie informa\u021bii care s\u0103 fac\u0103 lumin\u0103 \u00een cea mai mare provocare pe care o tr\u0103im. Jurnalismul independent al portalului OrtodoxINFO func\u021bioneaz\u0103 strict cu ajutorul cititorilor.<br \/>\nNe pute\u021bi sprijini printr-o <b><a href=\"https:\/\/ortodoxinfo.ro\/donatii\/\">dona\u021bie bancar\u0103<\/a> sau prin PayPal, complet\u00e2nd formularul de mai jos.<\/b><\/span><\/p>\n<ul>\n<li><a href=\"https:\/\/ortodoxinfo.ro\/2026\/07\/06\/germania-cere-incetarea-ajutorului-acordat-ucrainei-ca-urmare-a-implicarii-in-atentatul-asupra-conductei-nord-stream-2\/#tabs-1\">Dona\u021bie lunar\u0103<\/a><\/li>\n<li><a href=\"https:\/\/ortodoxinfo.ro\/2026\/07\/06\/germania-cere-incetarea-ajutorului-acordat-ucrainei-ca-urmare-a-implicarii-in-atentatul-asupra-conductei-nord-stream-2\/#tabs-2\">Doar acum<\/a><\/li>\n<\/ul>\n<div id=\"tabs-1\"><img loading=\"lazy\" decoding=\"async\" alt border=\"0\" src=\"https:\/\/www.paypalobjects.com\/en_US\/i\/scr\/pixel.gif\" width=\"1\" height=\"1\"><\/div>\n<div id=\"tabs-2\">\n<p>\t\t     \u20ac<\/p>\n<p>\t\t    <img loading=\"lazy\" decoding=\"async\" alt border=\"0\" src=\"https:\/\/www.paypalobjects.com\/en_US\/i\/scr\/pixel.gif\" width=\"1\" height=\"1\"><\/div>\n<p>Mul\u021bumim celor care ne-au ajutat p\u00e2n\u0103 acum!\n\t<\/p><\/div>\n<div class=\"comment-box-wrap entry-sec\">\n<div class=\"comment-box-header\"><span class=\"h3\">1 comentariu<\/span><\/div>\n<div class=\"comment-holder\">\n<div id=\"comments\" class=\"comments-area\">\n<div class=\"rb-section\">\n<ul class=\"comment-list entry\">\n<li id=\"comment-250393\" class=\"comment even thread-even depth-1\">\n<article id=\"div-comment-250393\" class=\"comment-body\">\n<footer class=\"comment-meta\">\n<div class=\"comment-author vcard\"><img loading=\"lazy\" decoding=\"async\" alt src=\"https:\/\/secure.gravatar.com\/avatar\/2325e377b2637a4b29dbe83d8cef0e53ea8be89617fa87bf3ccc0e1af6b02949?s=100&amp;r=g\" class=\"avatar avatar-100 photo\" height=\"100\" width=\"100\"><b class=\"fn\">Sindobado<\/b><span class=\"says\">spune:<\/span><\/div>\n<div class=\"comment-metadata\"><a href=\"https:\/\/ortodoxinfo.ro\/2026\/07\/06\/germania-cere-incetarea-ajutorului-acordat-ucrainei-ca-urmare-a-implicarii-in-atentatul-asupra-conductei-nord-stream-2\/#comment-250393\"><time datetime=\"2026-07-06T18:30:19+03:00\">6 iulie 2026 la 18:30<\/time><\/a><\/div>\n<\/footer>\n<div class=\"comment-content\">\n<p>AfeDeul, nu Germania.O mic\u0103 Mare diferen\u021b\u0103.Kakum ai zice Rom\u00e2nia cere alegeri anticipate.<\/p>\n<\/div>\n<div class=\"reply\"><a rel=\"nofollow\" class=\"comment-reply-link\" href=\"https:\/\/ortodoxinfo.ro\/2026\/07\/06\/germania-cere-incetarea-ajutorului-acordat-ucrainei-ca-urmare-a-implicarii-in-atentatul-asupra-conductei-nord-stream-2\/#comment-250393\" data-commentid=\"250393\" data-postid=\"245923\" data-belowelement=\"div-comment-250393\" data-respondelement=\"respond\" data-replyto=\"R\u0103spunde-i lui Sindobado\" aria-label=\"R\u0103spunde-i lui Sindobado\">R\u0103spunde<\/a><\/div>\n<\/article>\n<\/li>\n<\/ul>\n<\/div>\n<div id=\"respond\" class=\"comment-respond\">\n<h3 id=\"reply-title\" class=\"comment-reply-title\">Las\u0103 un r\u0103spuns <small><a rel=\"nofollow\" id=\"cancel-comment-reply-link\" href=\"https:\/\/ortodoxinfo.ro\/2026\/07\/06\/germania-cere-incetarea-ajutorului-acordat-ucrainei-ca-urmare-a-implicarii-in-atentatul-asupra-conductei-nord-stream-2\/#respond\">Anuleaz\u0103 r\u0103spunsul<\/a><\/small><\/h3>\n<p class=\"comment-notes\"><span id=\"email-notes\">Adresa ta de email nu va fi publicat\u0103.<\/span><span class=\"required-field-message\">C\u00e2mpurile obligatorii sunt marcate cu <span class=\"required\">*<\/span><\/span><\/p>\n<\/div>\n<\/div>\n<\/div>\n<\/div>\n<\/div>\n<div class=\"sidebar-wrap single-sidebar\">\n<div class=\"sidebar-inner clearfix\">\n<div id=\"widget-post-2\" class=\"widget rb-section w-sidebar clearfix widget-post\">\n<div class=\"block-h widget-heading heading-layout-1\">\n<div class=\"heading-inner\">\n<h4 class=\"heading-title\"><span>Articole recente<\/span><\/h4>\n<\/div>\n<\/div>\n<div class=\"widget-p-listing\">\n<div class=\"p-wrap p-small p-list-small-2\" data-pid=\"245988\">\n<div class=\"feat-holder\">\n<div class=\"p-featured ratio-v1\"><a class=\"p-flink\" href=\"https:\/\/ortodoxinfo.ro\/2026\/07\/06\/ursula-von-der-leyen-ucraina-are-nevoie-urgenta-de-aparare-antiaeriana-zevzecul-mucea-dan-sare-cu-banu-din-banii-romanilor\/\" title=\"Ursula von der Leyen: \u201eUcraina are nevoie urgent\u0103 de ap\u0103rare antiaerian\u0103\u201d. Zevzecul Mucea Dan sare cu banu\u2019\u2026 din banii rom\u00e2nilor\"><img decoding=\"async\" width=\"150\" height=\"150\" src=\"https:\/\/ortodoxinfo.ro\/wp-content\/uploads\/2026\/07\/ursula-von-der-leyen-ucraina-are-nevoie-urgenta-de-aparare-antiaeriana-83644-150x150.png\" class=\"featured-img wp-post-image\" alt loading=\"lazy\"><\/a><\/div>\n<\/div>\n<div class=\"p-content\">\n<h5 class=\"entry-title\"><a class=\"p-url\" href=\"https:\/\/ortodoxinfo.ro\/2026\/07\/06\/ursula-von-der-leyen-ucraina-are-nevoie-urgenta-de-aparare-antiaeriana-zevzecul-mucea-dan-sare-cu-banu-din-banii-romanilor\/\" rel=\"bookmark\">Ursula von der Leyen: \u201eUcraina are nevoie urgent\u0103 de ap\u0103rare antiaerian\u0103\u201d. Zevzecul Mucea Dan sare cu banu\u2019\u2026 din banii rom\u00e2nilor<\/a><\/h5>\n<div class=\"p-meta\">\n<div class=\"meta-inner is-meta\"><span class=\"meta-el meta-date\"><time datetime=\"2026-07-06T21:45:49+03:00\">6 iulie 2026<\/time><\/span><span class=\"meta-el meta-category meta-bold\"><a class=\"meta-separate category-15871\" href=\"https:\/\/ortodoxinfo.ro\/category\/anti-sistem\/al-iii-lea-razboi-mondial\/ucraina\/\">Ucraina<\/a><\/span><span class=\"meta-el meta-view\">647 vizualiz\u0103ri\t\t<\/span><\/div>\n<\/div>\n<\/div>\n<\/div>\n<div class=\"p-wrap p-small p-list-small-2\" data-pid=\"245905\">\n<div class=\"feat-holder\">\n<div class=\"p-featured ratio-v1\"><a class=\"p-flink\" href=\"https:\/\/ortodoxinfo.ro\/2026\/07\/06\/bolojan-asasinul-economiei-romanesti-s-a-prabusit-consumul-vanzarile-de-produse-nealimentare-cele-mai-afectate\/\" title=\"Bolojan asasinul economiei rom\u00e2ne\u0219ti: S-a pr\u0103bu\u0219it consumul! V\u00e2nz\u0103rile de produse nealimentare, cele mai afectate\"><img decoding=\"async\" width=\"150\" height=\"150\" src=\"https:\/\/ortodoxinfo.ro\/wp-content\/uploads\/2026\/07\/CAP-scumpiri.webp-150x150.webp\" class=\"featured-img wp-post-image\" alt loading=\"lazy\"><\/a><\/div>\n<\/div>\n<div class=\"p-content\">\n<h5 class=\"entry-title\"><a class=\"p-url\" href=\"https:\/\/ortodoxinfo.ro\/2026\/07\/06\/bolojan-asasinul-economiei-romanesti-s-a-prabusit-consumul-vanzarile-de-produse-nealimentare-cele-mai-afectate\/\" rel=\"bookmark\">Bolojan asasinul economiei rom\u00e2ne\u0219ti: S-a pr\u0103bu\u0219it consumul! V\u00e2nz\u0103rile de produse nealimentare, cele mai afectate<\/a><\/h5>\n<div class=\"p-meta\">\n<div class=\"meta-inner is-meta\"><span class=\"meta-el meta-date\"><time datetime=\"2026-07-06T11:38:17+03:00\">6 iulie 2026<\/time><\/span><span class=\"meta-el meta-category meta-bold\"><a class=\"meta-separate category-19885\" href=\"https:\/\/ortodoxinfo.ro\/category\/anti-sistem\/anti-romanism\/asasinii-tarii\/\">Asasinii \u021b\u0103rii<\/a><\/span><span class=\"meta-el meta-view\">8.8k vizualiz\u0103ri\t\t<\/span><\/div>\n<\/div>\n<\/div>\n<\/div>\n<div class=\"p-wrap p-small p-list-small-2\" data-pid=\"245789\">\n<div class=\"feat-holder\">\n<div class=\"p-featured ratio-v1\"><a class=\"p-flink\" href=\"https:\/\/ortodoxinfo.ro\/2026\/07\/06\/romania-se-aude-pe-fondul-scandalului-legat-de-rachetele-patriot-polonia-va-declasifica-toate-datele-privind-ajutorul-militar-acordat-ucrainei-de-la-inceputul-razboiului\/\" title=\"Rom\u00e2nia, se aude? Pe fondul scandalului legat de rachetele Patriot, Polonia va declasifica toate datele privind ajutorul militar acordat Ucrainei de la \u00eenceputul r\u0103zboiului\"><img decoding=\"async\" width=\"150\" height=\"150\" src=\"https:\/\/ortodoxinfo.ro\/wp-content\/uploads\/2026\/07\/romania-se-aude-pe-fondul-scandalului-legat-de-rachetele-patriot-polonia-va-declasifica-toate-datele-150x150.png\" class=\"featured-img wp-post-image\" alt loading=\"lazy\"><\/a><\/div>\n<\/div>\n<div class=\"p-content\">\n<h5 class=\"entry-title\"><a class=\"p-url\" href=\"https:\/\/ortodoxinfo.ro\/2026\/07\/06\/romania-se-aude-pe-fondul-scandalului-legat-de-rachetele-patriot-polonia-va-declasifica-toate-datele-privind-ajutorul-militar-acordat-ucrainei-de-la-inceputul-razboiului\/\" rel=\"bookmark\">Rom\u00e2nia, se aude? Pe fondul scandalului legat de rachetele Patriot, Polonia va declasifica toate datele privind ajutorul militar acordat Ucrainei de la \u00eenceputul r\u0103zboiului<\/a><\/h5>\n<div class=\"p-meta\">\n<div class=\"meta-inner is-meta\"><span class=\"meta-el meta-date\"><time datetime=\"2026-07-06T10:24:59+03:00\">6 iulie 2026<\/time><\/span><span class=\"meta-el meta-category meta-bold\"><a class=\"meta-separate category-15871\" href=\"https:\/\/ortodoxinfo.ro\/category\/anti-sistem\/al-iii-lea-razboi-mondial\/ucraina\/\">Ucraina<\/a><\/span><span class=\"meta-el meta-view\">6.4k vizualiz\u0103ri\t\t<\/span><\/div>\n<\/div>\n<\/div>\n<\/div>\n<div class=\"p-wrap p-small p-list-small-2\" data-pid=\"245723\">\n<div class=\"feat-holder\">\n<div class=\"p-featured ratio-v1\"><a class=\"p-flink\" href=\"https:\/\/ortodoxinfo.ro\/2026\/07\/05\/ue-noua-uniune-sovietica-curtea-de-justitie-a-ue-cetatenii-care-distribuie-materiale-din-surse-interzise-de-ue-pot-fi-urmariti-penal-chiar-daca-informatiile-sunt-adevarate\/\" title=\"UE \u2013 NOUA UNIUNE SOVIETIC\u0102! Curtea de Justi\u021bie a UE: Cet\u0103\u021benii care distribuie materiale din surse interzise de UE pot fi urm\u0103ri\u021bi penal chiar dac\u0103 informa\u021biile sunt adev\u0103rate\"><img decoding=\"async\" width=\"150\" height=\"150\" src=\"https:\/\/ortodoxinfo.ro\/wp-content\/uploads\/2026\/07\/curtea-de-justitie-a-ue-cetatenii-care-distribuie-materiale-din-surse-interzise-de-ue-pot-fi-urmarit-150x150.jpeg\" class=\"featured-img wp-post-image\" alt loading=\"lazy\"><\/a><\/div>\n<\/div>\n<div class=\"p-content\">\n<h5 class=\"entry-title\"><a class=\"p-url\" href=\"https:\/\/ortodoxinfo.ro\/2026\/07\/05\/ue-noua-uniune-sovietica-curtea-de-justitie-a-ue-cetatenii-care-distribuie-materiale-din-surse-interzise-de-ue-pot-fi-urmariti-penal-chiar-daca-informatiile-sunt-adevarate\/\" rel=\"bookmark\">UE \u2013 NOUA UNIUNE SOVIETIC\u0102! Curtea de Justi\u021bie a UE: Cet\u0103\u021benii care distribuie materiale din surse interzise de UE pot fi urm\u0103ri\u021bi penal chiar dac\u0103 informa\u021biile sunt adev\u0103rate<\/a><\/h5>\n<div class=\"p-meta\">\n<div class=\"meta-inner is-meta\"><span class=\"meta-el meta-date\"><time datetime=\"2026-07-05T18:30:22+03:00\">5 iulie 2026<\/time><\/span><span class=\"meta-el meta-category meta-bold\"><a class=\"meta-separate category-1596\" href=\"https:\/\/ortodoxinfo.ro\/category\/anti-sistem\/big-brother\/\">Big brother<\/a><\/span><span class=\"meta-el meta-view\">17.8k vizualiz\u0103ri\t\t<\/span><\/div>\n<\/div>\n<\/div>\n<\/div>\n<\/div>\n<\/div>\n<div id=\"custom_html-2\" class=\"widget_text widget rb-section w-sidebar clearfix widget_custom_html\">\n<div class=\"block-h widget-heading heading-layout-1\">\n<div class=\"heading-inner\">\n<h4 class=\"heading-title\"><span>DONA\u021aII \u00een cont bancar<\/span><\/h4>\n<\/div>\n<\/div>\n<div class=\"textwidget custom-html-widget\">\n<table class=\"donatii\">\n<tbody>\n<tr>\n<th colspan=\"2\"><strong><span>Asicia\u021bia SMI-B<\/span><\/strong><\/th>\n<\/tr>\n<tr>\n<th>Cont LEI<\/th>\n<td>RO67CECEB00030RON2081955<\/td>\n<\/tr>\n<tr>\n<th>Cont EURO<\/th>\n<td>RO33CECEB000C1EUR2081978<\/td>\n<\/tr>\n<tr>\n<th>Cod SWIFT<\/th>\n<td>CECEROBU<\/td>\n<\/tr>\n<tr>\n<th colspan=\"2\"><strong>CEC BANK SA<\/strong><\/th>\n<\/tr>\n<\/tbody>\n<\/table>\n<\/div>\n<\/div>\n<\/div>\n<\/div>\n<\/div>\n<\/article>\n<div class=\"entry-content rbct clearfix is-highlight-shares\">\n<p class=\"wp-block-paragraph\">Tino Chrupalla, liderul partidului german Alternativa pentru Germania, cere \u00eencetarea ajutorului militar acordat Ucrainei dup\u0103 punerea sub acuzare a unui cet\u0103\u021bean ucrainean suspectat de implicare \u00een atentatul asupra conductei Nord Stream 2. Declara\u021bia vine \u00eentr-un moment extrem de sensibil pentru Berlin, care a sus\u021binut Kievul cu bani, arme \u0219i sprijin politic, \u00een timp ce una dintre cele mai importante infrastructuri energetice germane a fost aruncat\u0103 \u00een aer.<\/p>\n<p class=\"wp-block-paragraph\">Cu alte cuvinte, Germania a ajutat Ucraina, Germania a pl\u0103tit factura crizei energetice, iar acum afl\u0103 c\u0103 un ucrainean este acuzat \u00een dosarul sabotajului Nord Stream. Dac\u0103 nu era geopolitic\u0103, p\u0103rea comedie neagr\u0103 cu gaz scump \u0219i contribuabili cumin\u021bi.<\/p>\n<p class=\"wp-block-paragraph\">Liderul AfD spune c\u0103 atacul asupra conductei Nord Stream a fost un atac \u00eempotriva unei artere vitale a industriei germane \u0219i c\u0103 trebuie anchetat p\u00e2n\u0103 la cap\u0103t. Nu doar executan\u021bii trebuie identifica\u021bi, ci \u0219i cei care ar fi comandat opera\u021biunea.<\/p>\n<p class=\"wp-block-paragraph\">Chrupalla cere continuarea investiga\u021biilor chiar dac\u0103 acestea ar duce spre conducerea For\u021belor Armate Ucrainene sau spre serviciile de informa\u021bii ucrainene. Este o pozi\u021bie dur\u0103, dar logic\u0103 din perspectiva Germaniei: dac\u0103 o infrastructur\u0103 strategic\u0103 a fost sabotat\u0103, atunci \u00eentrebarea nu poate r\u0103m\u00e2ne la nivelul \u201ecine a pus explozibilul?\u201d, ci trebuie dus\u0103 p\u00e2n\u0103 la \u201ecine a dat ordinul?\u201d.<\/p>\n<p class=\"wp-block-paragraph\">Pentru c\u0103 un asemenea atac nu este o boroboa\u021b\u0103 f\u0103cut\u0103 cu \u0219urubelni\u021ba \u00eentr-un garaj. Vorbim despre o opera\u021biune asupra unei conducte strategice, cu efecte economice uria\u0219e.<\/p>\n<p class=\"wp-block-paragraph\">Chrupalla sus\u021bine c\u0103 exist\u0103 deja suficiente dovezi pentru oprirea ajutorului militar acordat Ucrainei. Mesajul este simplu \u0219i t\u0103ios: Germania nu poate continua s\u0103 finan\u021beze militar un stat \u00een jurul c\u0103ruia apar suspiciuni legate de sabotarea infrastructurii germane.<\/p>\n<p class=\"wp-block-paragraph\">Aici se rupe filmul frumos al solidarit\u0103\u021bii necondi\u021bionate. Ani de zile, contribuabilului german i s-a spus c\u0103 trebuie s\u0103 ajute Ucraina, s\u0103 accepte costuri mai mari, s\u0103 sus\u021bin\u0103 sanc\u021biuni, s\u0103 \u00eenghit\u0103 scumpiri \u0219i s\u0103 cread\u0103 \u00een strategia oficial\u0103. Acum apare \u00eentrebarea incomod\u0103: dac\u0103 infrastructura Germaniei a fost lovit\u0103, de ce Berlinul ar trebui s\u0103 continue s\u0103 semneze cecuri militare f\u0103r\u0103 s\u0103 \u0219tie adev\u0103rul complet?<\/p>\n<p class=\"wp-block-paragraph\">Solidaritatea este frumoas\u0103 \u00een discursuri. Dar c\u00e2nd conductele explodeaz\u0103, industria sufer\u0103 \u0219i factura vine la cet\u0103\u021bean, entuziasmul moral \u00eencepe s\u0103 aib\u0103 nevoie de explica\u021bii.<\/p>\n<p class=\"wp-block-paragraph\">Atentatul asupra conductelor Nord Stream a lovit direct Germania, nu doar simbolic, ci economic. Conductele reprezentau o rut\u0103 major\u0103 de alimentare cu gaz, iar distrugerea lor a ad\u00e2ncit criza energetic\u0103 \u0219i a pus presiune suplimentar\u0103 pe industria german\u0103.<\/p>\n<div class=\"inline-single-ad ad_single_3_index alignfull\">\n<div class=\"ad-wrap ad-script-wrap\">\n<div class=\"ad-script non-adsense edge-padding\">\n<div>\n\u203c\ufe0f\u203c\ufe0f NU recunoa\u0219tem ca pre\u0219edinte al Rom\u00e2niei pe marioneta retard\u0103 Nicu\u0219or Dan! Rom\u00e2ni, boicota\u021bi aceast\u0103 f\u0103c\u0103tur\u0103, care ne face \u021bara de r\u00e2s! NU rom\u00e2nii l-au votat pe Nicusoro\u0219 &#8211; cu unele excep\u021bii de persoane infantile, manipulabile \u0219i chiar idioate &#8211; ci l-au ajutat Maia Soro\u0219, Emanuel Macrou \u0219i tr\u0103d\u0103torii de la B.E.C. \u0219i CCR!<br \/>\n La \u00eenchisoare cu cei care au fraudat alegerile!\n<\/div>\n<\/div>\n<\/div>\n<\/div>\n<p class=\"wp-block-paragraph\">Pentru un stat industrial ca Germania, energia nu este un detaliu. Este s\u00e2ngele economiei. C\u00e2nd aceast\u0103 arter\u0103 este t\u0103iat\u0103, nu vorbim doar despre geopolitic\u0103, ci despre fabrici, locuri de munc\u0103, pre\u021buri, competitivitate \u0219i viitor economic.<\/p>\n<p class=\"wp-block-paragraph\">Iar Chrupalla apas\u0103 exact pe acest punct: dac\u0103 Nord Stream a fost o arter\u0103 vital\u0103, atunci sabotarea ei trebuie tratat\u0103 ca atac asupra interesului na\u021bional german, nu ca o pagin\u0103 incomod\u0103 de arhivat diplomatic.<\/p>\n<p class=\"wp-block-paragraph\">Dac\u0103 \u00een dosar apare implicarea unor persoane din Ucraina, atunci \u00eentrebarea devine exploziv\u0103: au ac\u021bionat singure sau au avut acoperire? A fost o opera\u021biune izolat\u0103 sau una cunoscut\u0103 la nivel mai \u00eenalt? \u0218i, mai ales, ce \u0219tiau partenerii occidentali?<\/p>\n<p class=\"wp-block-paragraph\">Chrupalla cere ca ancheta s\u0103 mearg\u0103 p\u00e2n\u0103 la cap\u0103t, inclusiv dac\u0103 duce spre structuri militare sau de informa\u021bii ucrainene. Iar acest lucru este exact ce multe capitale occidentale ar prefera s\u0103 evite: un adev\u0103r prea clar, prea documentat \u0219i prea greu de \u00eenghi\u021bit politic.<\/p>\n<p class=\"wp-block-paragraph\">Pentru c\u0103 una este s\u0103 spui c\u0103 Rusia este vinovatul universal pentru toate relele, \u0219i alta este s\u0103 explici propriilor cet\u0103\u021beni c\u0103 statul pe care l-au finan\u021bat \u0219i \u00eenarmat ar putea avea cet\u0103\u021beni sau structuri implicate \u00een distrugerea infrastructurii energetice germane.<\/p>\n<p class=\"wp-block-paragraph\">Pozi\u021bia lui Chrupalla vine din zona AfD, partid contestat \u0219i etichetat constant de establishmentul german. Dar exact aici apare problema pentru guvernul de la Berlin: chiar dac\u0103 nu \u00ee\u021bi place mesagerul, \u00eentrebarea r\u0103m\u00e2ne.<\/p>\n<p class=\"wp-block-paragraph\">De ce ar trebui Germania s\u0103 continue ajutorul militar f\u0103r\u0103 s\u0103 clarifice complet cine a sabotat Nord Stream? De ce trebuie contribuabilul german s\u0103 pl\u0103teasc\u0103 \u00een continuare, dac\u0103 infrastructura lui strategic\u0103 a fost atacat\u0103? De ce se cere solidaritate f\u0103r\u0103 r\u0103spundere?<\/p>\n<p class=\"wp-block-paragraph\">Sunt \u00eentreb\u0103ri pe care guvernul german nu le poate elimina doar prin etichete politice. Conducta nu a explodat din cauza unui discurs populist. A explodat \u00een Marea Baltic\u0103, iar consecin\u021bele au fost reale.<\/p>\n<p class=\"wp-block-paragraph\">Pentru Ucraina, dosarul Nord Stream devine o problem\u0103 diplomatic\u0103 major\u0103. P\u00e2n\u0103 acum, sprijinul occidental a fost prezentat ca obliga\u021bie strategic\u0103 \u0219i moral\u0103. Dar dac\u0103 anchetele duc spre cet\u0103\u021beni ucraineni \u0219i eventual spre structuri mai \u00eenalte, sprijinul risc\u0103 s\u0103 devin\u0103 mult mai greu de ap\u0103rat public.<\/p>\n<p class=\"wp-block-paragraph\">Chrupalla cere oprirea ajutorului militar. Al\u021bii poate nu vor spune \u00eenc\u0103 asta direct, dar vor \u00eencepe s\u0103 \u00eentrebe mai ap\u0103sat. Iar \u00een politic\u0103, marile schimb\u0103ri nu \u00eencep \u00eentotdeauna cu decizii oficiale. \u00cencep cu \u00eentreb\u0103ri care nu mai pot fi reduse la t\u0103cere.<\/p>\n<p class=\"wp-block-paragraph\">Cazul Nord Stream este un test pentru Germania. Dac\u0103 Berlinul vrea s\u0103 fie stat serios, trebuie s\u0103 afle cine a lovit infrastructura sa strategic\u0103, indiferent c\u00e2t de incomod este r\u0103spunsul. Dac\u0103 prefer\u0103 s\u0103 protejeze nara\u021biunea politic\u0103 \u00een loc s\u0103 protejeze adev\u0103rul, atunci transmite propriilor cet\u0103\u021beni c\u0103 interesele Germaniei pot fi sacrificate de dragul unei alian\u021be convenabile.<\/p>\n<p class=\"wp-block-paragraph\">Chrupalla cere oprirea ajutorului militar pentru Ucraina. Poate unii vor spune c\u0103 este prea dur. Dar \u00eentrebarea lui r\u0103m\u00e2ne: cum poate Germania s\u0103 finan\u021beze militar un stat \u00een jurul c\u0103ruia planeaz\u0103 suspiciuni \u00eentr-un dosar care a lovit direct economia german\u0103?<\/p>\n<p class=\"wp-block-paragraph\">P\u00e2n\u0103 la r\u0103spunsuri clare, imaginea este amar\u0103: Nord Stream a fost aruncat \u00een aer, industria german\u0103 a primit factura, iar contribuabilului i se cere s\u0103 continue s\u0103 pl\u0103teasc\u0103 f\u0103r\u0103 s\u0103 pun\u0103 prea multe \u00eentreb\u0103ri.<\/p>\n<p class=\"wp-block-paragraph\">Poate c\u0103 exact asta \u00eencepe s\u0103 se schimbe.<\/p>\n<\/div>\n<p>[analyse_source url=&#8221;https:\/\/ortodoxinfo.ro\/2026\/07\/06\/germania-cere-incetarea-ajutorului-acordat-ucrainei-ca-urmare-a-implicarii-in-atentatul-asupra-conductei-nord-stream-2\/&#8221;]<\/p>\n","protected":false},"excerpt":{"rendered":"<p>[analyse_image type=&#8221;featured&#8221; src=&#8221;https:\/\/ortodoxinfo.ro\/wp-content\/uploads\/2026\/07\/zelenski-volodimir.jpghttps:\/\/ortodoxinfo.ro\/wp-content\/uploads\/2026\/07\/zelenski-volodimir.jpg&#8221;] Prima pagin\u0103 \u00bb Blog \u00bb Germania cere \u00eencetarea ajutorului acordat Ucrainei, ca urmare a implic\u0103rii \u00een atentatul asupra conductei Nord Stream 2 Germania cere \u00eencetarea ajutorului acordat Ucrainei, ca urmare a implic\u0103rii \u00een atentatul asupra conductei Nord Stream 2 6 iulie 2026Ucraina6.1k vizualiz\u0103ri 1 comentariu Share 7 Min Read SHARE OrtodoxINFO este [&hellip;]<\/p>\n","protected":false},"author":1,"featured_media":0,"comment_status":"open","ping_status":"","sticky":false,"template":"","format":"standard","meta":{"footnotes":""},"categories":[89],"tags":[226,94],"class_list":["post-2029821","post","type-post","status-publish","format-standard","hentry","category-romania","tag-crawlmanager","tag-ortodoxinfo-ro"],"_links":{"self":[{"href":"https:\/\/analyse.optim.biz\/index.php?rest_route=\/wp\/v2\/posts\/2029821","targetHints":{"allow":["GET"]}}],"collection":[{"href":"https:\/\/analyse.optim.biz\/index.php?rest_route=\/wp\/v2\/posts"}],"about":[{"href":"https:\/\/analyse.optim.biz\/index.php?rest_route=\/wp\/v2\/types\/post"}],"author":[{"embeddable":true,"href":"https:\/\/analyse.optim.biz\/index.php?rest_route=\/wp\/v2\/users\/1"}],"replies":[{"embeddable":true,"href":"https:\/\/analyse.optim.biz\/index.php?rest_route=%2Fwp%2Fv2%2Fcomments&post=2029821"}],"version-history":[{"count":0,"href":"https:\/\/analyse.optim.biz\/index.php?rest_route=\/wp\/v2\/posts\/2029821\/revisions"}],"wp:attachment":[{"href":"https:\/\/analyse.optim.biz\/index.php?rest_route=%2Fwp%2Fv2%2Fmedia&parent=2029821"}],"wp:term":[{"taxonomy":"category","embeddable":true,"href":"https:\/\/analyse.optim.biz\/index.php?rest_route=%2Fwp%2Fv2%2Fcategories&post=2029821"},{"taxonomy":"post_tag","embeddable":true,"href":"https:\/\/analyse.optim.biz\/index.php?rest_route=%2Fwp%2Fv2%2Ftags&post=2029821"}],"curies":[{"name":"wp","href":"https:\/\/api.w.org\/{rel}","templated":true}]}}