{"id":2029460,"date":"2026-07-06T15:32:32","date_gmt":"2026-07-06T12:32:32","guid":{"rendered":"https:\/\/analyse.optim.biz\/?p=2029460"},"modified":"2026-07-06T15:32:32","modified_gmt":"2026-07-06T12:32:32","slug":"o-camioneta-a-intrat-intr-un-magazin-pe-strada-isaccei-din-tulcea","status":"publish","type":"post","link":"https:\/\/analyse.optim.biz\/?p=2029460","title":{"rendered":"O camionet\u0103 a intrat \u00eentr-un magazin pe strada Isaccei din Tulcea"},"content":{"rendered":"<p>[analyse_image type=&#8221;featured&#8221; src=&#8221;https:\/\/dobrogeanews.b-cdn.net\/wp-content\/uploads\/2026\/07\/Accident-rutier-strada-Isaccei-Tulcea.jpg&#8221;]<\/p>\n<div id=\"post-71739\" class=\"entry single-default post-71739 post type-post status-publish format-standard has-post-thumbnail hentry category-info tag-accident-rutier tag-strada-isaccei tag-tulcea-2\">\n<div>\n<div class=\"ss-follow-wrapper ss-clearfix ss-regular-buttons ss-columns-1 ss-default-style\">\n<div class=\"ss-follow-column\" data-ss-sf-network-id=\"&quot;facebook&quot;\"><a href=\"https:\/\/www.facebook.com\/dobrogeanews\" class=\"ss-follow-network ss-facebook-color\" rel=\"nofollow noopener\" aria-label=\"facebook\" target=\"_blank\"><span class=\"ss-follow-network-label\">Urm\u0103re\u015fte-ne \u015fi pe Facebook!<\/span><span class=\"ss-follow-network-count\"><span class=\"ss-follow-network-count-number\">57K<\/span><span class=\"ss-follow-network-count-label\">Followers<\/span><\/span><\/a><\/div>\n<\/div>\n<\/div>\n<p>Un accident grav s-a produs pe strada Isaccei din Tulcea unde o camionet\u0103 sc\u0103pat\u0103 de sub control a p\u0103truns pe trotuar \u0219i s-a oprit \u00eentr-un magazin. O femeie a suferit traumatisme \u0219i prime\u0219te \u00eengrijiri medicale la fa\u021ba locului. Vom reveni cu am\u0103nunte.<\/p>\n<figure class=\"wp-block-image size-full is-resized\">\n<source type=\"image\/webp\" data-lazy-srcset=\"https:\/\/dobrogeanews.b-cdn.net\/wp-content\/uploads\/2026\/07\/Accident-rutier-strada-Isaccei-Tulcea.jpg.webp 2560w, https:\/\/dobrogeanews.b-cdn.net\/wp-content\/uploads\/2026\/07\/Accident-rutier-strada-Isaccei-Tulcea-300x234.jpg.webp 300w, https:\/\/dobrogeanews.b-cdn.net\/wp-content\/uploads\/2026\/07\/Accident-rutier-strada-Isaccei-Tulcea-1024x800.jpg.webp 1024w, https:\/\/dobrogeanews.b-cdn.net\/wp-content\/uploads\/2026\/07\/Accident-rutier-strada-Isaccei-Tulcea-768x600.jpg.webp 768w, https:\/\/dobrogeanews.b-cdn.net\/wp-content\/uploads\/2026\/07\/Accident-rutier-strada-Isaccei-Tulcea-1536x1200.jpg.webp 1536w, https:\/\/dobrogeanews.b-cdn.net\/wp-content\/uploads\/2026\/07\/Accident-rutier-strada-Isaccei-Tulcea-2048x1600.jpg.webp 2048w\" sizes=\"(max-width: 640px) 100vw, 640px\" \/><br \/>\n<img loading=\"lazy\" decoding=\"async\" src=\"https:\/\/dobrogeanews.b-cdn.net\/wp-content\/uploads\/2026\/07\/Accident-rutier-strada-Isaccei-Tulcea.jpg\" alt=\"Accident rutier pe strada Isaccei Tulcea\" width=\"640\" height=\"500\"><\/figure>\n<figure class=\"wp-block-image size-full is-resized\">\n<source type=\"image\/webp\" data-lazy-srcset=\"https:\/\/dobrogeanews.b-cdn.net\/wp-content\/uploads\/2026\/07\/accident-str-isaccei-tulcea.jpg.webp 2560w, https:\/\/dobrogeanews.b-cdn.net\/wp-content\/uploads\/2026\/07\/accident-str-isaccei-tulcea-300x246.jpg.webp 300w, https:\/\/dobrogeanews.b-cdn.net\/wp-content\/uploads\/2026\/07\/accident-str-isaccei-tulcea-1024x840.jpg.webp 1024w, https:\/\/dobrogeanews.b-cdn.net\/wp-content\/uploads\/2026\/07\/accident-str-isaccei-tulcea-768x630.jpg.webp 768w, https:\/\/dobrogeanews.b-cdn.net\/wp-content\/uploads\/2026\/07\/accident-str-isaccei-tulcea-1536x1260.jpg.webp 1536w, https:\/\/dobrogeanews.b-cdn.net\/wp-content\/uploads\/2026\/07\/accident-str-isaccei-tulcea-2048x1680.jpg.webp 2048w\" sizes=\"(max-width: 640px) 100vw, 640px\" \/><br \/>\n<img loading=\"lazy\" decoding=\"async\" src=\"https:\/\/dobrogeanews.b-cdn.net\/wp-content\/uploads\/2026\/07\/accident-str-isaccei-tulcea.jpg\" alt=\"Accident rutier pe strada Isaccei Tulcea 6 Iulie 2026\" width=\"640\" height=\"525\"><\/figure>\n<p>Surs\u0103 foto: <a href=\"https:\/\/www.facebook.com\/DrumuriDobrogene\" title=\"\">facebook DrumuriDobrogene<\/a><\/p>\n<div class=\"monsterinsights-inline-popular-posts monsterinsights-inline-popular-posts-charlie monsterinsights-popular-posts-styled\">\n<div class=\"monsterinsights-inline-popular-posts-text\"><span class=\"monsterinsights-inline-popular-posts-label\">Vezi \u0219i:<\/span><\/p>\n<div class=\"monsterinsights-inline-popular-posts-post\"><a class=\"monsterinsights-inline-popular-posts-title\" href=\"https:\/\/www.dobrogeanews.ro\/stefan-ilie-primar-tulcea-avem-buget-mai-mare-si-mai-multe-investitii-modernizarea-strazilor-si-a-retelelor-de-utilitati-de-sub-carosabil-continua-tulcea-va-fi-un-oras-european\/\">\u0218tefan Ilie, primar Tulcea: Avem buget mai mare \u0219i mai multe investi\u021bii. Modernizarea str\u0103zilor \u0219i a re\u021belelor de utilit\u0103\u021bi de sub carosabil, continu\u0103. Tulcea va fi un ora\u0219 european(!)<\/a><\/div>\n<div class=\"monsterinsights-inline-popular-posts-post\"><a class=\"monsterinsights-inline-popular-posts-title\" href=\"https:\/\/www.dobrogeanews.ro\/eveniment-medical-de-exceptie-la-spitalul-judetean-de-urgenta-tulcea-alaturi-de-clubul-de-chirurgie-oncoplastica-a-sanului\/\">Eveniment medical de excep\u021bie la Spitalul Jude\u021bean de Urgen\u021b\u0103 Tulcea al\u0103turi de Clubul de Chirurgie Oncoplastic\u0103 a S\u00e2nului<\/a><\/div>\n<div class=\"monsterinsights-inline-popular-posts-post\"><a class=\"monsterinsights-inline-popular-posts-title\" href=\"https:\/\/www.dobrogeanews.ro\/dupa-aprobarea-bugetului-2026-la-babadag-se-deschid-alte-santiere-de-investitii\/\">Dup\u0103 aprobarea bugetului 2026, la Babadag se deschid alte \u0219antiere de investi\u021bii<\/a><\/div>\n<\/div>\n<\/div>\n<\/div>\n<div id=\"post-71739\" class=\"entry single-default post-71739 post type-post status-publish format-standard has-post-thumbnail hentry category-info tag-accident-rutier tag-strada-isaccei tag-tulcea-2\">\n<div>\n<div class=\"ss-follow-wrapper ss-clearfix ss-regular-buttons ss-columns-1 ss-default-style\">\n<div class=\"ss-follow-column\" data-ss-sf-network-id=\"&quot;facebook&quot;\"><a href=\"https:\/\/www.facebook.com\/dobrogeanews\" class=\"ss-follow-network ss-facebook-color\" rel=\"nofollow noopener\" aria-label=\"facebook\" target=\"_blank\"><span class=\"ss-follow-network-label\">Urm\u0103re\u015fte-ne \u015fi pe Facebook!<\/span><span class=\"ss-follow-network-count\"><span class=\"ss-follow-network-count-number\">57K<\/span><span class=\"ss-follow-network-count-label\">Followers<\/span><\/span><\/a><\/div>\n<\/div>\n<\/div>\n<p>Un accident grav s-a produs pe strada Isaccei din Tulcea unde o camionet\u0103 sc\u0103pat\u0103 de sub control a p\u0103truns pe trotuar \u0219i s-a oprit \u00eentr-un magazin. O femeie a suferit traumatisme \u0219i prime\u0219te \u00eengrijiri medicale la fa\u021ba locului. Vom reveni cu am\u0103nunte.<\/p>\n<figure class=\"wp-block-image size-full is-resized\">\n<source type=\"image\/webp\" data-lazy-srcset=\"https:\/\/dobrogeanews.b-cdn.net\/wp-content\/uploads\/2026\/07\/Accident-rutier-strada-Isaccei-Tulcea.jpg.webp 2560w, https:\/\/dobrogeanews.b-cdn.net\/wp-content\/uploads\/2026\/07\/Accident-rutier-strada-Isaccei-Tulcea-300x234.jpg.webp 300w, https:\/\/dobrogeanews.b-cdn.net\/wp-content\/uploads\/2026\/07\/Accident-rutier-strada-Isaccei-Tulcea-1024x800.jpg.webp 1024w, https:\/\/dobrogeanews.b-cdn.net\/wp-content\/uploads\/2026\/07\/Accident-rutier-strada-Isaccei-Tulcea-768x600.jpg.webp 768w, https:\/\/dobrogeanews.b-cdn.net\/wp-content\/uploads\/2026\/07\/Accident-rutier-strada-Isaccei-Tulcea-1536x1200.jpg.webp 1536w, https:\/\/dobrogeanews.b-cdn.net\/wp-content\/uploads\/2026\/07\/Accident-rutier-strada-Isaccei-Tulcea-2048x1600.jpg.webp 2048w\" sizes=\"(max-width: 640px) 100vw, 640px\" \/><br \/>\n<img loading=\"lazy\" decoding=\"async\" src=\"https:\/\/dobrogeanews.b-cdn.net\/wp-content\/uploads\/2026\/07\/Accident-rutier-strada-Isaccei-Tulcea.jpg\" alt=\"Accident rutier pe strada Isaccei Tulcea\" width=\"640\" height=\"500\"><\/figure>\n<figure class=\"wp-block-image size-full is-resized\">\n<source type=\"image\/webp\" data-lazy-srcset=\"https:\/\/dobrogeanews.b-cdn.net\/wp-content\/uploads\/2026\/07\/accident-str-isaccei-tulcea.jpg.webp 2560w, https:\/\/dobrogeanews.b-cdn.net\/wp-content\/uploads\/2026\/07\/accident-str-isaccei-tulcea-300x246.jpg.webp 300w, https:\/\/dobrogeanews.b-cdn.net\/wp-content\/uploads\/2026\/07\/accident-str-isaccei-tulcea-1024x840.jpg.webp 1024w, https:\/\/dobrogeanews.b-cdn.net\/wp-content\/uploads\/2026\/07\/accident-str-isaccei-tulcea-768x630.jpg.webp 768w, https:\/\/dobrogeanews.b-cdn.net\/wp-content\/uploads\/2026\/07\/accident-str-isaccei-tulcea-1536x1260.jpg.webp 1536w, https:\/\/dobrogeanews.b-cdn.net\/wp-content\/uploads\/2026\/07\/accident-str-isaccei-tulcea-2048x1680.jpg.webp 2048w\" sizes=\"(max-width: 640px) 100vw, 640px\" \/><br \/>\n<img loading=\"lazy\" decoding=\"async\" src=\"https:\/\/dobrogeanews.b-cdn.net\/wp-content\/uploads\/2026\/07\/accident-str-isaccei-tulcea.jpg\" alt=\"Accident rutier pe strada Isaccei Tulcea 6 Iulie 2026\" width=\"640\" height=\"525\"><\/figure>\n<p>Surs\u0103 foto: <a href=\"https:\/\/www.facebook.com\/DrumuriDobrogene\" title=\"\">facebook DrumuriDobrogene<\/a><\/p>\n<div class=\"monsterinsights-inline-popular-posts monsterinsights-inline-popular-posts-charlie monsterinsights-popular-posts-styled\">\n<div class=\"monsterinsights-inline-popular-posts-text\"><span class=\"monsterinsights-inline-popular-posts-label\">Vezi \u0219i:<\/span><\/p>\n<div class=\"monsterinsights-inline-popular-posts-post\"><a class=\"monsterinsights-inline-popular-posts-title\" href=\"https:\/\/www.dobrogeanews.ro\/stefan-ilie-primar-tulcea-avem-buget-mai-mare-si-mai-multe-investitii-modernizarea-strazilor-si-a-retelelor-de-utilitati-de-sub-carosabil-continua-tulcea-va-fi-un-oras-european\/\">\u0218tefan Ilie, primar Tulcea: Avem buget mai mare \u0219i mai multe investi\u021bii. Modernizarea str\u0103zilor \u0219i a re\u021belelor de utilit\u0103\u021bi de sub carosabil, continu\u0103. Tulcea va fi un ora\u0219 european(!)<\/a><\/div>\n<div class=\"monsterinsights-inline-popular-posts-post\"><a class=\"monsterinsights-inline-popular-posts-title\" href=\"https:\/\/www.dobrogeanews.ro\/eveniment-medical-de-exceptie-la-spitalul-judetean-de-urgenta-tulcea-alaturi-de-clubul-de-chirurgie-oncoplastica-a-sanului\/\">Eveniment medical de excep\u021bie la Spitalul Jude\u021bean de Urgen\u021b\u0103 Tulcea al\u0103turi de Clubul de Chirurgie Oncoplastic\u0103 a S\u00e2nului<\/a><\/div>\n<div class=\"monsterinsights-inline-popular-posts-post\"><a class=\"monsterinsights-inline-popular-posts-title\" href=\"https:\/\/www.dobrogeanews.ro\/dupa-aprobarea-bugetului-2026-la-babadag-se-deschid-alte-santiere-de-investitii\/\">Dup\u0103 aprobarea bugetului 2026, la Babadag se deschid alte \u0219antiere de investi\u021bii<\/a><\/div>\n<\/div>\n<\/div>\n<\/div>\n<p>[analyse_source url=&#8221;https:\/\/www.dobrogeanews.ro\/o-camioneta-a-intrat-intr-un-magazin-pe-strada-isaccei-din-tulcea\/&#8221;]<\/p>\n","protected":false},"excerpt":{"rendered":"<p>[analyse_image type=&#8221;featured&#8221; src=&#8221;https:\/\/dobrogeanews.b-cdn.net\/wp-content\/uploads\/2026\/07\/Accident-rutier-strada-Isaccei-Tulcea.jpg&#8221;] Urm\u0103re\u015fte-ne \u015fi pe Facebook!57KFollowers Un accident grav s-a produs pe strada Isaccei din Tulcea unde o camionet\u0103 sc\u0103pat\u0103 de sub control a p\u0103truns pe trotuar \u0219i s-a oprit \u00eentr-un magazin. O femeie a suferit traumatisme \u0219i prime\u0219te \u00eengrijiri medicale la fa\u021ba locului. Vom reveni cu am\u0103nunte. Surs\u0103 foto: facebook DrumuriDobrogene Vezi \u0219i: [&hellip;]<\/p>\n","protected":false},"author":1,"featured_media":0,"comment_status":"open","ping_status":"","sticky":false,"template":"","format":"standard","meta":{"footnotes":""},"categories":[89],"tags":[226,223],"class_list":["post-2029460","post","type-post","status-publish","format-standard","hentry","category-romania","tag-crawlmanager","tag-dobrogeanews-ro"],"_links":{"self":[{"href":"https:\/\/analyse.optim.biz\/index.php?rest_route=\/wp\/v2\/posts\/2029460","targetHints":{"allow":["GET"]}}],"collection":[{"href":"https:\/\/analyse.optim.biz\/index.php?rest_route=\/wp\/v2\/posts"}],"about":[{"href":"https:\/\/analyse.optim.biz\/index.php?rest_route=\/wp\/v2\/types\/post"}],"author":[{"embeddable":true,"href":"https:\/\/analyse.optim.biz\/index.php?rest_route=\/wp\/v2\/users\/1"}],"replies":[{"embeddable":true,"href":"https:\/\/analyse.optim.biz\/index.php?rest_route=%2Fwp%2Fv2%2Fcomments&post=2029460"}],"version-history":[{"count":0,"href":"https:\/\/analyse.optim.biz\/index.php?rest_route=\/wp\/v2\/posts\/2029460\/revisions"}],"wp:attachment":[{"href":"https:\/\/analyse.optim.biz\/index.php?rest_route=%2Fwp%2Fv2%2Fmedia&parent=2029460"}],"wp:term":[{"taxonomy":"category","embeddable":true,"href":"https:\/\/analyse.optim.biz\/index.php?rest_route=%2Fwp%2Fv2%2Fcategories&post=2029460"},{"taxonomy":"post_tag","embeddable":true,"href":"https:\/\/analyse.optim.biz\/index.php?rest_route=%2Fwp%2Fv2%2Ftags&post=2029460"}],"curies":[{"name":"wp","href":"https:\/\/api.w.org\/{rel}","templated":true}]}}