{"id":2029404,"date":"2026-07-05T16:15:22","date_gmt":"2026-07-05T13:15:22","guid":{"rendered":"https:\/\/analyse.optim.biz\/?p=2029404"},"modified":"2026-07-05T16:15:22","modified_gmt":"2026-07-05T13:15:22","slug":"petricevic-pesic-si-markovic-continua-la-timisoara-clubul-a-mai-anuntat-un-transfer","status":"publish","type":"post","link":"https:\/\/analyse.optim.biz\/?p=2029404","title":{"rendered":"Petricevic, Pesic \u0219i Markovic continu\u0103 la Timi\u0219oara. Clubul a mai anun\u021bat un transfer"},"content":{"rendered":"<p>[analyse_image type=&#8221;featured&#8221; src=&#8221;https:\/\/www.opiniatimisoarei.ro\/wp-content\/uploads\/2026\/07\/Dragan-Milos-Nenad-728&#215;336.pnghttps:\/\/www.opiniatimisoarei.ro\/wp-content\/uploads\/2026\/07\/Dragan-Milos-Nenad.png&#8221;]<\/p>\n<div class=\"the_content\">\n<p><strong>TIMISOARA.<\/strong> Dup\u0103 ce a transferat mai mul\u021bi juc\u0103tori pentru a crea un lot competitiv pentru viitoarea stagiune din baschetul rom\u00e2nesc, SCM Timi\u0219oara \u0219i-a stabilit \u0219i echipa de antrenori.<\/p>\n<p><strong><span>CITE\u0218TE \u0218I:<\/span><a href=\"https:\/\/www.opiniatimisoarei.ro\/puncte-importante-reusite-de-rugbystii-timisoarei-la-debutul-in-nations-cup-stejarii-au-fost-invinsi-de-selectionata-statului-chile\/05\/07\/2026\">Puncte importante reu\u0219ite de rugby\u0219tii Timi\u0219oarei la debutul \u00een Nations Cup. \u2018Stejarii\u2019 au fost \u00eenvin\u0219i de selec\u021bionata statului Chile<\/a><\/strong><\/p>\n<p>Dragan Petricevic r\u0103m\u00e2ne principal pentru noua stagiune, \u00een timp ce Nenad Markovic \u0219i Milos Pesic vor fi secunzii tehnicianului n\u0103scut la Sarajevo.<\/p>\n<blockquote>\n<p>\u201c<strong>De numele celor trei se leag\u0103 cele mai importante performan\u021be din istoria baschetului timi\u0219orean: c\u00e2\u0219tigarea Cupei Rom\u00e2niei \u00een anii 2010 \u0219i 2015, disputarea altor finale \u00een competi\u021biile organizate pe plan intern \u0219i la nivel interna\u021bional, precum \u0219i multe calific\u0103ri \u00een faza playoff \u0219i la turneele Final Four.<\/strong><br \/><strong>Dragan Petri\u010devi\u0107 a fost pe banca tehnic\u0103 \u00een cele dou\u0103 momente devenite repere principale pentru sportul cu mingea la co\u0219 din ora\u0219ul nostru, iar Milos Pe\u0161i\u0107 \u0219i Nenad Markovi\u0107 au contribuit din teren la succesele respective.<\/strong><br \/><strong>\u00cen calitate de antrenori-colegi la SCM Timi\u0219oara, cei trei au fost aproape de c\u00e2\u0219tigarea primul trofeu interna\u021bional pentru baschetul timi\u0219orean, \u00een urm\u0103 cu doi ani, c\u00e2nd echipa noastr\u0103 a disputat la Kapfenberg (Austria) finala Alpe Adria Cup<\/strong>\u201c, au transmis reprezentan\u021bii SCM Timi\u0219oara.<\/p>\n<\/blockquote>\n<p>\u00a0<\/p>\n<p>Cu o zi \u00eenainte de a confirma staff-ul tehnic pentru viitoarea stagiune, SCM Timi\u0219oara a mai anun\u021bat un transfer.<\/p>\n<p>George Alexandru Vlad este un juc\u0103tor de 26 de ani, care are 1,81 metri \u0219i evolueaz\u0103 pe pozi\u021biile 1 \u0219i 2.<br \/>\n\u00cen sezonul trecut el a jucat la Steaua, iar \u00een carier\u0103 a mai trecut pe la Agronomia Bucure\u0219ti, CS V\u00e2lcea 1924 R\u00e2mnicu V\u00e2lcea, SCMU Craiova \u0219i CSM Gala\u021bi.<\/p>\n<p>V\u0103 reamintim, SCM Timi\u0219oara i-a mai adus \u00een aceast\u0103 var\u0103 pe David Robert Stan, Aurelian Gavriloaia, Skyler Tyrone Flatten sau Kahron Ross, iar c\u0103pitanul Laszlo Lazar \u0219i-a dat \u0219i el acordul s\u0103 continue la Timi\u0219oara.<\/p>\n<p>***<\/p>\n<p><strong><span class=\"dia_suggestion w0\">Mai<\/span>\u00a0<span class=\"dia_suggestion w1\">multe<\/span>\u00a0<span class=\"dia_suggestion w2\">g\u0103si\u021bi<\/span>\u00a0pe\u00a0<span class=\"dia_suggestion w4\">pagina noastr<span class=\"dia_suggestion w0\">\u0103<\/span><\/span>\u00a0de\u00a0<a href=\"https:\/\/www.facebook.com\/OpiniaTM\/?ref=page_internal\" target=\"_blank\" rel=\"noopener\">Facebook opiniatimisoarei.ro<\/a>!<\/strong><\/p>\n<p><strong><span class=\"dia_suggestion w0\">Dac\u0103<\/span>\u00a0<span class=\"dia_suggestion w1\">a\u021bi<\/span>\u00a0fost martorii unui eveniment\u00a0<span class=\"dia_suggestion w6\">sau<\/span>\u00a0<span class=\"dia_suggestion w7\">ai<\/span>\u00a0unei\u00a0<span class=\"dia_suggestion w9\">situa\u021bii<\/span>\u00a0<span class=\"dia_suggestion w10\">neobi\u0219nuite<\/span>\u00a0<span class=\"dia_suggestion w11\">care<\/span>\u00a0ar\u00a0<span class=\"dia_suggestion w13\">putea<\/span>\u00a0deveni subiect de\u00a0<span class=\"dia_suggestion w17\">\u0219tire<\/span>,\u00a0<span class=\"dia_suggestion w18\">contacta\u021bi<\/span>-ne\u00a0<span class=\"dia_suggestion w20\">la<\/span>\u00a0<a href=\"https:\/\/www.opiniatimisoarei.ro\/cdn-cgi\/l\/email-protection\" class=\"__cf_email__\" data-cfemail=\"1c6e79787d7f6875795c736c7572757d687571756f737d6e7975326e73\">[email\u00a0protected]<\/a>,\u00a0 pe\u00a0<a href=\"https:\/\/www.facebook.com\/OpiniaTM\">FB<\/a>\u00a0sau pe contul nostru de\u00a0<a href=\"https:\/\/www.instagram.com\/opiniatimisoarei.ro\/\" target=\"_blank\" rel=\"noopener\">Instagram<\/a>!<\/strong><\/p>\n<p><strong><span>CITESTE SI:<\/span>\u00a0<a href=\"https:\/\/www.opiniatimisoarei.ro\/afli-primul-tot-ceea-ce-se-intampla-cu-adevarat-important-in-timisoara-si-in-regiune-cu-aplicatia-de-stiri-opinia-timisoarei-3-tipuri-de-alerte-te-tin-mereu-conectat-la-evenimente-descarca-gratuit-a\/31\/10\/2022\">Afli primul tot ceea ce se intampla cu adevarat important in Timisoara si in regiune cu Aplicatia de stiri Opinia Timisoarei. 3 tipuri de alerte te tin mereu conectat la evenimente. Descarca gratuit Aplicatia OT aici!<\/a><\/strong><\/p>\n<\/div>\n<p>[analyse_source url=&#8221;https:\/\/www.opiniatimisoarei.ro\/petricevic-pesic-si-markovic-continua-la-timisoara-clubul-a-mai-anuntat-un-transfer\/05\/07\/2026&#8243;]<\/p>\n","protected":false},"excerpt":{"rendered":"<p>[analyse_image type=&#8221;featured&#8221; src=&#8221;https:\/\/www.opiniatimisoarei.ro\/wp-content\/uploads\/2026\/07\/Dragan-Milos-Nenad-728&#215;336.pnghttps:\/\/www.opiniatimisoarei.ro\/wp-content\/uploads\/2026\/07\/Dragan-Milos-Nenad.png&#8221;] TIMISOARA. Dup\u0103 ce a transferat mai mul\u021bi juc\u0103tori pentru a crea un lot competitiv pentru viitoarea stagiune din baschetul rom\u00e2nesc, SCM Timi\u0219oara \u0219i-a stabilit \u0219i echipa de antrenori. CITE\u0218TE \u0218I:Puncte importante reu\u0219ite de rugby\u0219tii Timi\u0219oarei la debutul \u00een Nations Cup. \u2018Stejarii\u2019 au fost \u00eenvin\u0219i de selec\u021bionata statului Chile Dragan Petricevic r\u0103m\u00e2ne principal [&hellip;]<\/p>\n","protected":false},"author":1,"featured_media":0,"comment_status":"open","ping_status":"","sticky":false,"template":"","format":"standard","meta":{"footnotes":""},"categories":[89],"tags":[226,190],"class_list":["post-2029404","post","type-post","status-publish","format-standard","hentry","category-romania","tag-crawlmanager","tag-opiniatimisoarei-ro"],"_links":{"self":[{"href":"https:\/\/analyse.optim.biz\/index.php?rest_route=\/wp\/v2\/posts\/2029404","targetHints":{"allow":["GET"]}}],"collection":[{"href":"https:\/\/analyse.optim.biz\/index.php?rest_route=\/wp\/v2\/posts"}],"about":[{"href":"https:\/\/analyse.optim.biz\/index.php?rest_route=\/wp\/v2\/types\/post"}],"author":[{"embeddable":true,"href":"https:\/\/analyse.optim.biz\/index.php?rest_route=\/wp\/v2\/users\/1"}],"replies":[{"embeddable":true,"href":"https:\/\/analyse.optim.biz\/index.php?rest_route=%2Fwp%2Fv2%2Fcomments&post=2029404"}],"version-history":[{"count":0,"href":"https:\/\/analyse.optim.biz\/index.php?rest_route=\/wp\/v2\/posts\/2029404\/revisions"}],"wp:attachment":[{"href":"https:\/\/analyse.optim.biz\/index.php?rest_route=%2Fwp%2Fv2%2Fmedia&parent=2029404"}],"wp:term":[{"taxonomy":"category","embeddable":true,"href":"https:\/\/analyse.optim.biz\/index.php?rest_route=%2Fwp%2Fv2%2Fcategories&post=2029404"},{"taxonomy":"post_tag","embeddable":true,"href":"https:\/\/analyse.optim.biz\/index.php?rest_route=%2Fwp%2Fv2%2Ftags&post=2029404"}],"curies":[{"name":"wp","href":"https:\/\/api.w.org\/{rel}","templated":true}]}}