{"id":2029395,"date":"2026-07-03T16:34:50","date_gmt":"2026-07-03T13:34:50","guid":{"rendered":"https:\/\/analyse.optim.biz\/?p=2029395"},"modified":"2026-07-03T16:34:50","modified_gmt":"2026-07-03T13:34:50","slug":"etapa-a-campionatului-national-de-viteza-in-coasta-in-banat-timisoreanul-radu-benea-in-cautarea-unui-nou-record","status":"publish","type":"post","link":"https:\/\/analyse.optim.biz\/?p=2029395","title":{"rendered":"Etap\u0103 a Campionatului Na\u021bional de Vitez\u0103 \u00een Coast\u0103 \u00een Banat. Timi\u0219oreanul Radu Benea, \u00een c\u0103utarea unui nou record"},"content":{"rendered":"<p>[analyse_image type=&#8221;featured&#8221; src=&#8221;https:\/\/www.opiniatimisoarei.ro\/wp-content\/uploads\/2025\/10\/Radu-Benea-raliu-2-728&#215;336.jpghttps:\/\/www.opiniatimisoarei.ro\/wp-content\/uploads\/2025\/10\/Radu-Benea-raliu-2.jpg&#8221;]<\/p>\n<div class=\"the_content\">\n<p><strong>TIMI\u0218OARA.<\/strong> Campionul na\u021bional absolut en-titre al Categoriei I la vitez\u0103 \u00een coast\u0103, Radu Benea, se num\u0103r\u0103 printre cei 59 de pilo\u021bi care vor lua startul \u00een acest final de s\u0103pt\u0103m\u00e2n\u0103 la Memorialul Werner Hirschvogel de la Re\u0219i\u021ba, a patra etap\u0103 a sezonului, pe traseul unde de\u021bine deja recordul.<\/p>\n<p><strong><span>CITE\u0218TE \u0218I:<\/span><a href=\"https:\/\/www.opiniatimisoarei.ro\/emotiile-continua-pentru-absolventii-de-gimnaziu-si-parinti-au-curs-contestatiile-la-evaluarea-nationala-in-timis\/03\/07\/2026\">Au curs contesta\u021biile la Evaluarea Na\u021bional\u0103 \u00een Timi\u0219. Emo\u021biile continu\u0103 pentru absolven\u021bii de gimnaziu \u0219i p\u0103rin\u021bi<\/a><\/strong><\/p>\n<p>Cu dou\u0103 victorii din trei posibile \u00een actuala edi\u021bie a campionatului, \u00eentreceri \u00een care a stabilit de fiecare dat\u0103 \u0219i un nou record de traseu la categoria turismelor (n.r. toate ma\u0219inile, cu excep\u021bia monoposturilor), pilotul timi\u0219orean a ajuns optimist la Re\u0219i\u021ba, acolo unde s-a impus \u0219i anul trecut.<\/p>\n<p>De asemenea, cel de-al doilea component al Canova Racing, Nicolas Benea, \u00een v\u00e2rst\u0103 de 18 ani, vine la Re\u0219i\u021ba dup\u0103 dou\u0103 rezultate excelente la Bra\u0219ov \u0219i Harghita B\u0103i, unde a \u00eencheiat de fiecare dat\u0103 \u00een Top 8 la turisme. La volanul unui Seat Cupra TCR, Nicolas va avea \u0219i de aceast\u0103 dat\u0103 o misiune dificil\u0103 \u00een lupta pentru o clasare \u00eentre cei mai buni pilo\u021bi ai weekendului.<\/p>\n<blockquote>\n<p>\u201eR<strong>e\u0219i\u021ba este etapa noastr\u0103 de cas\u0103 la vitez\u0103 \u00een coast\u0103, una care ne place foarte mult, mai ales datorit\u0103 pasiunii pe care fanii motorsportului din Banat o arat\u0103 la fiecare edi\u021bie. Mi-a\u0219 dori s\u0103 stabilesc un nou record, \u00eens\u0103 cel mai important este s\u0103 ob\u021binem victoria de care avem nevoie pentru a ne consolida pozi\u021bia \u00een clasamentul general<\/strong>\u201d, a declarat Radu Benea.<\/p>\n<\/blockquote>\n<p>Recunoscut pentru unul dintre cele mai tehnice \u0219i spectaculoase trasee din Rom\u00e2nia, Valea Domanului a oferit de-a lungul timpului dueluri memorabile \u0219i recorduri greu de egalat. Succesiunea rapid\u0103 de viraje, diferen\u021bele de nivel \u0219i apropierea spectatorilor de ac\u021biune transform\u0103 Memorialul Werner Hirschvogel \u00eentr-una dintre cele mai apreciate etape din calendar.<\/p>\n<p>Etapa va debuta s\u00e2mb\u0103t\u0103 diminea\u021b\u0103 cu man\u0219ele de antrenament, iar cele dou\u0103 man\u0219e de concurs sunt programate duminic\u0103, \u00eencep\u00e2nd cu ora 13:00.<\/p>\n<p>Traseul de concurs de pe Valea Domanului, care \u00eencepe din zona stadionului din Re\u0219i\u021ba, m\u0103soar\u0103 2,8 kilometri \u0219i are o diferen\u021b\u0103 de nivel de 260 de metri.<\/p>\n<p>***<\/p>\n<p><strong><span class=\"dia_suggestion w0\">Mai<\/span>\u00a0<span class=\"dia_suggestion w1\">multe<\/span>\u00a0<span class=\"dia_suggestion w2\">g\u0103si\u021bi<\/span>\u00a0pe\u00a0<span class=\"dia_suggestion w4\">pagina noastr<span class=\"dia_suggestion w0\">\u0103<\/span><\/span>\u00a0de\u00a0<a href=\"https:\/\/www.facebook.com\/OpiniaTM\/?ref=page_internal\" target=\"_blank\" rel=\"noopener\">Facebook opiniatimisoarei.ro<\/a>!<\/strong><\/p>\n<p><strong><span class=\"dia_suggestion w0\">Dac\u0103<\/span>\u00a0<span class=\"dia_suggestion w1\">a\u021bi<\/span>\u00a0fost martorii unui eveniment\u00a0<span class=\"dia_suggestion w6\">sau<\/span>\u00a0<span class=\"dia_suggestion w7\">ai<\/span>\u00a0unei\u00a0<span class=\"dia_suggestion w9\">situa\u021bii<\/span>\u00a0<span class=\"dia_suggestion w10\">neobi\u0219nuite<\/span>\u00a0<span class=\"dia_suggestion w11\">care<\/span>\u00a0ar\u00a0<span class=\"dia_suggestion w13\">putea<\/span>\u00a0deveni subiect de\u00a0<span class=\"dia_suggestion w17\">\u0219tire<\/span>,\u00a0<span class=\"dia_suggestion w18\">contacta\u021bi<\/span>-ne\u00a0<span class=\"dia_suggestion w20\">la<\/span>\u00a0<a href=\"https:\/\/www.opiniatimisoarei.ro\/cdn-cgi\/l\/email-protection\" class=\"__cf_email__\" data-cfemail=\"116374757072657874517e61787f787065787c78627e706374783f637e\">[email\u00a0protected]<\/a>,\u00a0 pe\u00a0<a href=\"https:\/\/www.facebook.com\/OpiniaTM\">FB<\/a>\u00a0sau pe contul nostru de\u00a0<a href=\"https:\/\/www.instagram.com\/opiniatimisoarei.ro\/\" target=\"_blank\" rel=\"noopener\">Instagram<\/a>!<\/strong><\/p>\n<p><strong><span>CITESTE SI:<\/span>\u00a0<a href=\"https:\/\/www.opiniatimisoarei.ro\/afli-primul-tot-ceea-ce-se-intampla-cu-adevarat-important-in-timisoara-si-in-regiune-cu-aplicatia-de-stiri-opinia-timisoarei-3-tipuri-de-alerte-te-tin-mereu-conectat-la-evenimente-descarca-gratuit-a\/31\/10\/2022\">Afli primul tot ceea ce se intampla cu adevarat important in Timisoara si in regiune cu Aplicatia de stiri Opinia Timisoarei. 3 tipuri de alerte te tin mereu conectat la evenimente. Descarca gratuit Aplicatia OT aici!<\/a><\/strong><\/p>\n<\/div>\n<p>[analyse_source url=&#8221;https:\/\/www.opiniatimisoarei.ro\/etapa-a-campionatului-national-de-viteza-in-coasta-in-banat-timisoreanul-radu-benea-in-cautarea-unui-nou-record\/03\/07\/2026&#8243;]<\/p>\n","protected":false},"excerpt":{"rendered":"<p>[analyse_image type=&#8221;featured&#8221; src=&#8221;https:\/\/www.opiniatimisoarei.ro\/wp-content\/uploads\/2025\/10\/Radu-Benea-raliu-2-728&#215;336.jpghttps:\/\/www.opiniatimisoarei.ro\/wp-content\/uploads\/2025\/10\/Radu-Benea-raliu-2.jpg&#8221;] TIMI\u0218OARA. Campionul na\u021bional absolut en-titre al Categoriei I la vitez\u0103 \u00een coast\u0103, Radu Benea, se num\u0103r\u0103 printre cei 59 de pilo\u021bi care vor lua startul \u00een acest final de s\u0103pt\u0103m\u00e2n\u0103 la Memorialul Werner Hirschvogel de la Re\u0219i\u021ba, a patra etap\u0103 a sezonului, pe traseul unde de\u021bine deja recordul. CITE\u0218TE \u0218I:Au curs contesta\u021biile [&hellip;]<\/p>\n","protected":false},"author":1,"featured_media":0,"comment_status":"open","ping_status":"","sticky":false,"template":"","format":"standard","meta":{"footnotes":""},"categories":[89],"tags":[226,190],"class_list":["post-2029395","post","type-post","status-publish","format-standard","hentry","category-romania","tag-crawlmanager","tag-opiniatimisoarei-ro"],"_links":{"self":[{"href":"https:\/\/analyse.optim.biz\/index.php?rest_route=\/wp\/v2\/posts\/2029395","targetHints":{"allow":["GET"]}}],"collection":[{"href":"https:\/\/analyse.optim.biz\/index.php?rest_route=\/wp\/v2\/posts"}],"about":[{"href":"https:\/\/analyse.optim.biz\/index.php?rest_route=\/wp\/v2\/types\/post"}],"author":[{"embeddable":true,"href":"https:\/\/analyse.optim.biz\/index.php?rest_route=\/wp\/v2\/users\/1"}],"replies":[{"embeddable":true,"href":"https:\/\/analyse.optim.biz\/index.php?rest_route=%2Fwp%2Fv2%2Fcomments&post=2029395"}],"version-history":[{"count":0,"href":"https:\/\/analyse.optim.biz\/index.php?rest_route=\/wp\/v2\/posts\/2029395\/revisions"}],"wp:attachment":[{"href":"https:\/\/analyse.optim.biz\/index.php?rest_route=%2Fwp%2Fv2%2Fmedia&parent=2029395"}],"wp:term":[{"taxonomy":"category","embeddable":true,"href":"https:\/\/analyse.optim.biz\/index.php?rest_route=%2Fwp%2Fv2%2Fcategories&post=2029395"},{"taxonomy":"post_tag","embeddable":true,"href":"https:\/\/analyse.optim.biz\/index.php?rest_route=%2Fwp%2Fv2%2Ftags&post=2029395"}],"curies":[{"name":"wp","href":"https:\/\/api.w.org\/{rel}","templated":true}]}}