{"id":2029097,"date":"2026-07-06T10:15:05","date_gmt":"2026-07-06T07:15:05","guid":{"rendered":"https:\/\/analyse.optim.biz\/?p=2029097"},"modified":"2026-07-06T10:15:05","modified_gmt":"2026-07-06T07:15:05","slug":"jaf-la-muzeul-lalique-din-wingen-sur-moder-bas-rhin-bijuterii-de-cca-4-milioane-euro-furate","status":"publish","type":"post","link":"https:\/\/analyse.optim.biz\/?p=2029097","title":{"rendered":"Jaf la Muzeul Lalique din Wingen-sur-Moder (Bas-Rhin). Bijuterii de cca. 4 milioane euro, furate"},"content":{"rendered":"<p>[analyse_image type=&#8221;featured&#8221; src=&#8221;https:\/\/dobrogeanews.b-cdn.net\/wp-content\/uploads\/2026\/07\/alt-jaf-la-francezi.jpg&#8221;]<\/p>\n<div id=\"post-71726\" class=\"entry single-default post-71726 post type-post status-publish format-standard has-post-thumbnail hentry category-info\">\n<div>\n<div class=\"ss-follow-wrapper ss-clearfix ss-regular-buttons ss-columns-1 ss-default-style\">\n<div class=\"ss-follow-column\" data-ss-sf-network-id=\"&quot;facebook&quot;\"><a href=\"https:\/\/www.facebook.com\/dobrogeanews\" class=\"ss-follow-network ss-facebook-color\" rel=\"nofollow noopener\" aria-label=\"facebook\" target=\"_blank\"><span class=\"ss-follow-network-label\">Urm\u0103re\u015fte-ne \u015fi pe Facebook!<\/span><span class=\"ss-follow-network-count\"><span class=\"ss-follow-network-count-number\">57K<\/span><span class=\"ss-follow-network-count-label\">Followers<\/span><\/span><\/a><\/div>\n<\/div>\n<\/div>\n<p>Muzeul Lalique din Wingen-sur-Moder (Bas-Rhin) a anun\u021bat duminic\u0103 faptul c\u0103 a fost \u021binta unui jaf, <strong>\u201eau fost furate aproximativ dou\u0103zeci de bijuterii. Pagubele sunt estimate la c\u00e2teva milioane de euro, probabil patru milioane\u201d<\/strong> conform unei surse AFP. Obiectele furate sunt din cristal, f\u0103r\u0103 pietre pre\u0163ioase. <\/p>\n<figure class=\"wp-block-image size-full is-resized\">\n<source type=\"image\/webp\" data-lazy-srcset=\"https:\/\/dobrogeanews.b-cdn.net\/wp-content\/uploads\/2026\/07\/alt-jaf-la-francezi.jpg.webp 2560w, https:\/\/dobrogeanews.b-cdn.net\/wp-content\/uploads\/2026\/07\/alt-jaf-la-francezi-300x246.jpg.webp 300w, https:\/\/dobrogeanews.b-cdn.net\/wp-content\/uploads\/2026\/07\/alt-jaf-la-francezi-1024x840.jpg.webp 1024w, https:\/\/dobrogeanews.b-cdn.net\/wp-content\/uploads\/2026\/07\/alt-jaf-la-francezi-768x630.jpg.webp 768w, https:\/\/dobrogeanews.b-cdn.net\/wp-content\/uploads\/2026\/07\/alt-jaf-la-francezi-1536x1260.jpg.webp 1536w, https:\/\/dobrogeanews.b-cdn.net\/wp-content\/uploads\/2026\/07\/alt-jaf-la-francezi-2048x1680.jpg.webp 2048w\" sizes=\"(max-width: 640px) 100vw, 640px\" \/><br \/>\n<img loading=\"lazy\" decoding=\"async\" src=\"https:\/\/dobrogeanews.b-cdn.net\/wp-content\/uploads\/2026\/07\/alt-jaf-la-francezi.jpg\" alt=\"Jaf la Muzeul Lalique din Wingen sur Moder Bas Rhin\" width=\"640\" height=\"525\"><\/figure>\n<p>\u00centrebat de cotidianul regional Les Derni\u00e8res Nouvelles d\u2019Alsace (DNA), Christian Dorschner, primarul localit\u0103\u0163ii Wingen-sur-Moder \u2013 o comun\u0103 cu 1.500 de locuitori situat\u0103 la aproximativ 60 km nord-vest de Strasbourg \u2013 s-a declarat \u201efurios\u201d. \u201eToate alarmele s-au declan\u015fat, a\u015fa cum trebuie. Dar, se pare c\u0103 firma de paz\u0103 a avut o mare lacun\u0103: nu a intervenit imediat \u015fi nu a anun\u0163at jandarmii\u201d, a mai spus primarul.<\/p>\n<p>Inaugurat \u00een 2011, Muzeul Lalique este situat \u00een apropierea fabricii cu acela\u015fi nume, \u00eenfiin\u0163at\u0103 \u00een 1921 pe versantul alsacian al Mun\u0163ilor Vosgi. Pe o suprafa\u0163\u0103 de 900 m\u00b2, acesta expune \u201epeste 650 de opere excep\u0163ionale care permit reconstituirea carierei lui Ren\u00e9 Lalique \u015fi a succesorilor s\u0103i\u201d, prin \u201eo gam\u0103 larg\u0103 de crea\u0163ii, de la bijuteriile Art Nouveau la cristalul contemporan, trec\u00e2nd prin sticla Art Deco\u201d, precizeaz\u0103 site-ul web al institu\u0163iei.<\/p>\n<p>Spargerea de duminic\u0103 constituie \u201eo atingere inacceptabil\u0103 adus\u0103 patrimoniului nostru\u201d, a depl\u00e2ns \u00eentr-un comunicat pre\u015fedintele regiunii Grand Est, Franck Leroy. \u201eDincolo de operele furate, a fost lovit un loc emblematic al istoriei, al m\u0103iestriei \u015fi al culturii noastre\u201d, a ad\u0103ugat el.<\/p>\n<div class=\"monsterinsights-inline-popular-posts monsterinsights-inline-popular-posts-charlie monsterinsights-popular-posts-styled\">\n<div class=\"monsterinsights-inline-popular-posts-text\"><span class=\"monsterinsights-inline-popular-posts-label\">Vezi \u0219i:<\/span><\/p>\n<div class=\"monsterinsights-inline-popular-posts-post\"><a class=\"monsterinsights-inline-popular-posts-title\" href=\"https:\/\/www.dobrogeanews.ro\/stefan-ilie-primar-tulcea-avem-buget-mai-mare-si-mai-multe-investitii-modernizarea-strazilor-si-a-retelelor-de-utilitati-de-sub-carosabil-continua-tulcea-va-fi-un-oras-european\/\">\u0218tefan Ilie, primar Tulcea: Avem buget mai mare \u0219i mai multe investi\u021bii. Modernizarea str\u0103zilor \u0219i a re\u021belelor de utilit\u0103\u021bi de sub carosabil, continu\u0103. Tulcea va fi un ora\u0219 european(!)<\/a><\/div>\n<div class=\"monsterinsights-inline-popular-posts-post\"><a class=\"monsterinsights-inline-popular-posts-title\" href=\"https:\/\/www.dobrogeanews.ro\/santierul-naval-vard-shipyards-tulcea-nkt-eleonora-prima-nava-din-lume-de-pozare-a-cablurilor-care-functioneaza-cu-e-metanol-la-standardele-moderne-de-mediu\/\">\u0218antierul Naval Vard Shipyards Tulcea: NKT Eleonora, prima nav\u0103 din lume (de pozare a cablurilor) care func\u021bioneaz\u0103 cu e-metanol, la standardele moderne de mediu<\/a><\/div>\n<div class=\"monsterinsights-inline-popular-posts-post\"><a class=\"monsterinsights-inline-popular-posts-title\" href=\"https:\/\/www.dobrogeanews.ro\/dupa-aprobarea-bugetului-2026-la-babadag-se-deschid-alte-santiere-de-investitii\/\">Dup\u0103 aprobarea bugetului 2026, la Babadag se deschid alte \u0219antiere de investi\u021bii<\/a><\/div>\n<\/div>\n<\/div>\n<p class=\"has-text-align-center has-white-color has-text-color has-background\"><span><a href=\"https:\/\/news.google.com\/publications\/CAAqBwgKMIu5pgsw88O-Aw?ceid=RO:ro&amp;oc=3\">Urm\u0103ri\u0163i \u015etirile Dobrogeanews \u015fi pe Google News<\/a><\/span><\/p>\n<\/div>\n<div id=\"post-71726\" class=\"entry single-default post-71726 post type-post status-publish format-standard has-post-thumbnail hentry category-info\">\n<div>\n<div class=\"ss-follow-wrapper ss-clearfix ss-regular-buttons ss-columns-1 ss-default-style\">\n<div class=\"ss-follow-column\" data-ss-sf-network-id=\"&quot;facebook&quot;\"><a href=\"https:\/\/www.facebook.com\/dobrogeanews\" class=\"ss-follow-network ss-facebook-color\" rel=\"nofollow noopener\" aria-label=\"facebook\" target=\"_blank\"><span class=\"ss-follow-network-label\">Urm\u0103re\u015fte-ne \u015fi pe Facebook!<\/span><span class=\"ss-follow-network-count\"><span class=\"ss-follow-network-count-number\">57K<\/span><span class=\"ss-follow-network-count-label\">Followers<\/span><\/span><\/a><\/div>\n<\/div>\n<\/div>\n<p>Muzeul Lalique din Wingen-sur-Moder (Bas-Rhin) a anun\u021bat duminic\u0103 faptul c\u0103 a fost \u021binta unui jaf, <strong>\u201eau fost furate aproximativ dou\u0103zeci de bijuterii. Pagubele sunt estimate la c\u00e2teva milioane de euro, probabil patru milioane\u201d<\/strong> conform unei surse AFP. Obiectele furate sunt din cristal, f\u0103r\u0103 pietre pre\u0163ioase. <\/p>\n<figure class=\"wp-block-image size-full is-resized\">\n<source type=\"image\/webp\" data-lazy-srcset=\"https:\/\/dobrogeanews.b-cdn.net\/wp-content\/uploads\/2026\/07\/alt-jaf-la-francezi.jpg.webp 2560w, https:\/\/dobrogeanews.b-cdn.net\/wp-content\/uploads\/2026\/07\/alt-jaf-la-francezi-300x246.jpg.webp 300w, https:\/\/dobrogeanews.b-cdn.net\/wp-content\/uploads\/2026\/07\/alt-jaf-la-francezi-1024x840.jpg.webp 1024w, https:\/\/dobrogeanews.b-cdn.net\/wp-content\/uploads\/2026\/07\/alt-jaf-la-francezi-768x630.jpg.webp 768w, https:\/\/dobrogeanews.b-cdn.net\/wp-content\/uploads\/2026\/07\/alt-jaf-la-francezi-1536x1260.jpg.webp 1536w, https:\/\/dobrogeanews.b-cdn.net\/wp-content\/uploads\/2026\/07\/alt-jaf-la-francezi-2048x1680.jpg.webp 2048w\" sizes=\"(max-width: 640px) 100vw, 640px\" \/><br \/>\n<img loading=\"lazy\" decoding=\"async\" src=\"https:\/\/dobrogeanews.b-cdn.net\/wp-content\/uploads\/2026\/07\/alt-jaf-la-francezi.jpg\" alt=\"Jaf la Muzeul Lalique din Wingen sur Moder Bas Rhin\" width=\"640\" height=\"525\"><\/figure>\n<p>\u00centrebat de cotidianul regional Les Derni\u00e8res Nouvelles d\u2019Alsace (DNA), Christian Dorschner, primarul localit\u0103\u0163ii Wingen-sur-Moder \u2013 o comun\u0103 cu 1.500 de locuitori situat\u0103 la aproximativ 60 km nord-vest de Strasbourg \u2013 s-a declarat \u201efurios\u201d. \u201eToate alarmele s-au declan\u015fat, a\u015fa cum trebuie. Dar, se pare c\u0103 firma de paz\u0103 a avut o mare lacun\u0103: nu a intervenit imediat \u015fi nu a anun\u0163at jandarmii\u201d, a mai spus primarul.<\/p>\n<p>Inaugurat \u00een 2011, Muzeul Lalique este situat \u00een apropierea fabricii cu acela\u015fi nume, \u00eenfiin\u0163at\u0103 \u00een 1921 pe versantul alsacian al Mun\u0163ilor Vosgi. Pe o suprafa\u0163\u0103 de 900 m\u00b2, acesta expune \u201epeste 650 de opere excep\u0163ionale care permit reconstituirea carierei lui Ren\u00e9 Lalique \u015fi a succesorilor s\u0103i\u201d, prin \u201eo gam\u0103 larg\u0103 de crea\u0163ii, de la bijuteriile Art Nouveau la cristalul contemporan, trec\u00e2nd prin sticla Art Deco\u201d, precizeaz\u0103 site-ul web al institu\u0163iei.<\/p>\n<p>Spargerea de duminic\u0103 constituie \u201eo atingere inacceptabil\u0103 adus\u0103 patrimoniului nostru\u201d, a depl\u00e2ns \u00eentr-un comunicat pre\u015fedintele regiunii Grand Est, Franck Leroy. \u201eDincolo de operele furate, a fost lovit un loc emblematic al istoriei, al m\u0103iestriei \u015fi al culturii noastre\u201d, a ad\u0103ugat el.<\/p>\n<div class=\"monsterinsights-inline-popular-posts monsterinsights-inline-popular-posts-charlie monsterinsights-popular-posts-styled\">\n<div class=\"monsterinsights-inline-popular-posts-text\"><span class=\"monsterinsights-inline-popular-posts-label\">Vezi \u0219i:<\/span><\/p>\n<div class=\"monsterinsights-inline-popular-posts-post\"><a class=\"monsterinsights-inline-popular-posts-title\" href=\"https:\/\/www.dobrogeanews.ro\/stefan-ilie-primar-tulcea-avem-buget-mai-mare-si-mai-multe-investitii-modernizarea-strazilor-si-a-retelelor-de-utilitati-de-sub-carosabil-continua-tulcea-va-fi-un-oras-european\/\">\u0218tefan Ilie, primar Tulcea: Avem buget mai mare \u0219i mai multe investi\u021bii. Modernizarea str\u0103zilor \u0219i a re\u021belelor de utilit\u0103\u021bi de sub carosabil, continu\u0103. Tulcea va fi un ora\u0219 european(!)<\/a><\/div>\n<div class=\"monsterinsights-inline-popular-posts-post\"><a class=\"monsterinsights-inline-popular-posts-title\" href=\"https:\/\/www.dobrogeanews.ro\/santierul-naval-vard-shipyards-tulcea-nkt-eleonora-prima-nava-din-lume-de-pozare-a-cablurilor-care-functioneaza-cu-e-metanol-la-standardele-moderne-de-mediu\/\">\u0218antierul Naval Vard Shipyards Tulcea: NKT Eleonora, prima nav\u0103 din lume (de pozare a cablurilor) care func\u021bioneaz\u0103 cu e-metanol, la standardele moderne de mediu<\/a><\/div>\n<div class=\"monsterinsights-inline-popular-posts-post\"><a class=\"monsterinsights-inline-popular-posts-title\" href=\"https:\/\/www.dobrogeanews.ro\/dupa-aprobarea-bugetului-2026-la-babadag-se-deschid-alte-santiere-de-investitii\/\">Dup\u0103 aprobarea bugetului 2026, la Babadag se deschid alte \u0219antiere de investi\u021bii<\/a><\/div>\n<\/div>\n<\/div>\n<p class=\"has-text-align-center has-white-color has-text-color has-background\"><span><a href=\"https:\/\/news.google.com\/publications\/CAAqBwgKMIu5pgsw88O-Aw?ceid=RO:ro&amp;oc=3\">Urm\u0103ri\u0163i \u015etirile Dobrogeanews \u015fi pe Google News<\/a><\/span><\/p>\n<\/div>\n<p>[analyse_source url=&#8221;https:\/\/www.dobrogeanews.ro\/jaf-la-muzeul-lalique-din-wingen-sur-moder-bas-rhin-bijuterii-de-cca-4-milioane-euro-furate\/&#8221;]<\/p>\n","protected":false},"excerpt":{"rendered":"<p>[analyse_image type=&#8221;featured&#8221; src=&#8221;https:\/\/dobrogeanews.b-cdn.net\/wp-content\/uploads\/2026\/07\/alt-jaf-la-francezi.jpg&#8221;] Urm\u0103re\u015fte-ne \u015fi pe Facebook!57KFollowers Muzeul Lalique din Wingen-sur-Moder (Bas-Rhin) a anun\u021bat duminic\u0103 faptul c\u0103 a fost \u021binta unui jaf, \u201eau fost furate aproximativ dou\u0103zeci de bijuterii. Pagubele sunt estimate la c\u00e2teva milioane de euro, probabil patru milioane\u201d conform unei surse AFP. Obiectele furate sunt din cristal, f\u0103r\u0103 pietre pre\u0163ioase. \u00centrebat de cotidianul [&hellip;]<\/p>\n","protected":false},"author":1,"featured_media":0,"comment_status":"open","ping_status":"","sticky":false,"template":"","format":"standard","meta":{"footnotes":""},"categories":[89],"tags":[226,223],"class_list":["post-2029097","post","type-post","status-publish","format-standard","hentry","category-romania","tag-crawlmanager","tag-dobrogeanews-ro"],"_links":{"self":[{"href":"https:\/\/analyse.optim.biz\/index.php?rest_route=\/wp\/v2\/posts\/2029097","targetHints":{"allow":["GET"]}}],"collection":[{"href":"https:\/\/analyse.optim.biz\/index.php?rest_route=\/wp\/v2\/posts"}],"about":[{"href":"https:\/\/analyse.optim.biz\/index.php?rest_route=\/wp\/v2\/types\/post"}],"author":[{"embeddable":true,"href":"https:\/\/analyse.optim.biz\/index.php?rest_route=\/wp\/v2\/users\/1"}],"replies":[{"embeddable":true,"href":"https:\/\/analyse.optim.biz\/index.php?rest_route=%2Fwp%2Fv2%2Fcomments&post=2029097"}],"version-history":[{"count":0,"href":"https:\/\/analyse.optim.biz\/index.php?rest_route=\/wp\/v2\/posts\/2029097\/revisions"}],"wp:attachment":[{"href":"https:\/\/analyse.optim.biz\/index.php?rest_route=%2Fwp%2Fv2%2Fmedia&parent=2029097"}],"wp:term":[{"taxonomy":"category","embeddable":true,"href":"https:\/\/analyse.optim.biz\/index.php?rest_route=%2Fwp%2Fv2%2Fcategories&post=2029097"},{"taxonomy":"post_tag","embeddable":true,"href":"https:\/\/analyse.optim.biz\/index.php?rest_route=%2Fwp%2Fv2%2Ftags&post=2029097"}],"curies":[{"name":"wp","href":"https:\/\/api.w.org\/{rel}","templated":true}]}}