{"id":202848,"date":"2014-06-17T16:23:29","date_gmt":"2014-06-17T13:23:29","guid":{"rendered":"https:\/\/analyse.optim.biz\/?p=202848"},"modified":"2014-06-17T16:23:29","modified_gmt":"2014-06-17T13:23:29","slug":"curtea-constitutionala-raspunde-premierului-termenul-de-redactare-a-motivarii-unei-decizii-este-de-cel-mult-30-de-zile-de-la-data-pronuntarii","status":"publish","type":"post","link":"https:\/\/analyse.optim.biz\/?p=202848","title":{"rendered":"Curtea Constitu\u0163ional\u0103 r\u0103spunde premierului: Termenul de redactare a motiv\u0103rii unei decizii este de cel mult 30 de zile de la data pronun\u0163\u0103rii"},"content":{"rendered":"<div class=\"entry data-app-meta data-app-meta-article\" data-embed-base-url-canonical=\"https:\/\/www.digi24.ro\/embed\/stiri\/actualitate\/politica\/curtea-constitutionala-raspunde-premierului-termenul-de-redactare-a-motivarii-unei-decizii-este-de-cel-mult-30-de-zile-de-la-data-pronuntarii-257441\">\n<p data-index=\"1\">\u00a0<img decoding=\"async\" src=\"https:\/\/analyse.optim.biz\/wp-content\/uploads\/2024\/09\/jnc9odawjmhhc2g9zjq4y2zhmznkyzrizgizowfiotzmmmizyjm5ztllody-thumb_.jpg\" data-skip-htmlfix=\"1\" title=\"jnc9odawjmhhc2g9zjq4y2zhmznkyzrizgizowfiotzmmmizyjm5ztllody-thumb_\"><\/p>\n<p data-index=\"2\">\u201eArgumenta\u0163ia re\u0163inut\u0103 \u00een motivarea solu\u0163iei pronun\u0163ate de Plenul Cur\u0163ii Constitu\u0163ionale va fi prezentat\u0103 \u00een cuprinsul Deciziei nr. 283 din 21 mai 2014.<\/p>\n<p data-index=\"3\">Potrivit dispozi\u0163iilor art.60 alin.(1) teza a doua din Legea nr.47\/1992 privind organizarea \u015fi func\u0163ionarea Cur\u0163ii Constitu\u0163ionale, termenul de redactare a actului jurisdic\u0163ional este de cel mult 30 de zile de la data pronun\u0163\u0103rii.<\/p>\n<p data-index=\"4\">Dup\u0103 redactare, decizia va fi comunicat\u0103 Pre\u015fedintelui Rom\u00e2niei \u0219i se va publica \u00een Monitorul Oficial al Rom\u00e2niei, Partea I.<\/p>\n<p data-index=\"5\">Folosesc acest prilej, domnule prim-ministru, spre a v\u0103 asigura de \u00eenalta considera\u0163ie a Cur\u0163ii Constitu\u0163ionale\u201d, subliniaz\u0103 Curtea Constitu\u0163ional\u0103, \u00eentr-un <strong><a href=\"http:\/\/www.ccr.ro\/noutati\/RSPUNSUL-LA-SOLICITAREA-FORMULAT-DE-PRIM-MINISTRUL-ROMNIEI-94\" target=\"_blank\" data-skip-linkfix=\"1\" rel=\"noopener\">comunicat de pres\u0103.<\/a><\/strong><\/p>\n<p data-index=\"6\"><a href=\"https:\/\/www.digi24.ro\/Stiri\/Digi24\/Actualitate\/Politica\/V+Ponta+i-a+scris+lui+A+Zegrean+Sunt+patru+saptamani+de+cand+CC+\" target=\"_blank\" data-skip-linkfix=\"1\" rel=\"noopener\"><strong>Premierul Victor Ponta<\/strong><\/a> a transmis o scrisoare pre\u015fedintelui Cur\u0163ii Constitu\u0163ionale, Augustin Zegrean, \u00een care arat\u0103 c\u0103 netransmiterea c\u0103tre pre\u015fedintele Traian B\u0103sescu a deciziei privind Legea insolven\u0163ei, procedur\u0103 care s\u0103 permit\u0103 promulgarea actului, genereaz\u0103 ne\u00eencasarea unor venituri.<\/p>\n<\/div>\n<p> Source URL: https:\/\/www.digi24.ro\/stiri\/actualitate\/politica\/curtea-constitutionala-raspunde-premierului-termenul-de-redactare-a-motivarii-unei-decizii-este-de-cel-mult-30-de-zile-de-la-data-pronuntarii-257441<\/p>\n","protected":false},"excerpt":{"rendered":"<p>\u00a0 \u201eArgumenta\u0163ia re\u0163inut\u0103 \u00een motivarea solu\u0163iei pronun\u0163ate de Plenul Cur\u0163ii Constitu\u0163ionale va fi prezentat\u0103 \u00een cuprinsul Deciziei nr. 283 din 21 mai 2014. Potrivit dispozi\u0163iilor art.60 alin.(1) teza a doua din Legea nr.47\/1992 privind organizarea \u015fi func\u0163ionarea Cur\u0163ii Constitu\u0163ionale, termenul de redactare a actului jurisdic\u0163ional este de cel mult 30 de zile de la data [&hellip;]<\/p>\n","protected":false},"author":1,"featured_media":202849,"comment_status":"open","ping_status":"","sticky":false,"template":"","format":"standard","meta":{"footnotes":""},"categories":[2],"tags":[11],"class_list":["post-202848","post","type-post","status-publish","format-standard","has-post-thumbnail","hentry","category-politics","tag-digi24"],"_links":{"self":[{"href":"https:\/\/analyse.optim.biz\/index.php?rest_route=\/wp\/v2\/posts\/202848","targetHints":{"allow":["GET"]}}],"collection":[{"href":"https:\/\/analyse.optim.biz\/index.php?rest_route=\/wp\/v2\/posts"}],"about":[{"href":"https:\/\/analyse.optim.biz\/index.php?rest_route=\/wp\/v2\/types\/post"}],"author":[{"embeddable":true,"href":"https:\/\/analyse.optim.biz\/index.php?rest_route=\/wp\/v2\/users\/1"}],"replies":[{"embeddable":true,"href":"https:\/\/analyse.optim.biz\/index.php?rest_route=%2Fwp%2Fv2%2Fcomments&post=202848"}],"version-history":[{"count":0,"href":"https:\/\/analyse.optim.biz\/index.php?rest_route=\/wp\/v2\/posts\/202848\/revisions"}],"wp:featuredmedia":[{"embeddable":true,"href":"https:\/\/analyse.optim.biz\/index.php?rest_route=\/wp\/v2\/media\/202849"}],"wp:attachment":[{"href":"https:\/\/analyse.optim.biz\/index.php?rest_route=%2Fwp%2Fv2%2Fmedia&parent=202848"}],"wp:term":[{"taxonomy":"category","embeddable":true,"href":"https:\/\/analyse.optim.biz\/index.php?rest_route=%2Fwp%2Fv2%2Fcategories&post=202848"},{"taxonomy":"post_tag","embeddable":true,"href":"https:\/\/analyse.optim.biz\/index.php?rest_route=%2Fwp%2Fv2%2Ftags&post=202848"}],"curies":[{"name":"wp","href":"https:\/\/api.w.org\/{rel}","templated":true}]}}