{"id":202837,"date":"2014-06-17T16:33:29","date_gmt":"2014-06-17T13:33:29","guid":{"rendered":"https:\/\/analyse.optim.biz\/?p=202837"},"modified":"2014-06-17T16:33:29","modified_gmt":"2014-06-17T13:33:29","slug":"daniel-constantin-pc-va-sustine-candidatul-psd-la-prezidentiale-doar-daca-numele-lui-e-victor-ponta","status":"publish","type":"post","link":"https:\/\/analyse.optim.biz\/?p=202837","title":{"rendered":"Daniel Constantin: PC va sus\u0163ine candidatul PSD la preziden\u0163iale doar dac\u0103 numele lui e Victor Ponta"},"content":{"rendered":"<div class=\"entry data-app-meta data-app-meta-article\" data-embed-base-url-canonical=\"https:\/\/www.digi24.ro\/embed\/stiri\/actualitate\/politica\/daniel-constantin-pc-va-sustine-candidatul-psd-la-prezidentiale-doar-daca-numele-lui-e-victor-ponta-257450\">\n<p data-index=\"1\">\u201ePartidul Conservator nu cred c\u0103 \u00eel va sus\u0163ine pe domnul Geoan\u0103. Nu am nimic cu el, dar \u00een conjunctura actual\u0103 nu are \u015fanse s\u0103 c\u00e2\u015ftige pre\u015fedin\u0163ia Rom\u00e2niei. Noi am spus ca partid c\u0103 sus\u0163inem candidatul PSD, dar dac\u0103 acel candidat se nume\u015fte Victor Ponta\u201d, a declarat Daniel Constantin.<\/p>\n<\/div>\n<p> Source URL: https:\/\/www.digi24.ro\/stiri\/actualitate\/politica\/daniel-constantin-pc-va-sustine-candidatul-psd-la-prezidentiale-doar-daca-numele-lui-e-victor-ponta-257450<\/p>\n","protected":false},"excerpt":{"rendered":"<p>\u201ePartidul Conservator nu cred c\u0103 \u00eel va sus\u0163ine pe domnul Geoan\u0103. Nu am nimic cu el, dar \u00een conjunctura actual\u0103 nu are \u015fanse s\u0103 c\u00e2\u015ftige pre\u015fedin\u0163ia Rom\u00e2niei. Noi am spus ca partid c\u0103 sus\u0163inem candidatul PSD, dar dac\u0103 acel candidat se nume\u015fte Victor Ponta\u201d, a declarat Daniel Constantin. Source URL: https:\/\/www.digi24.ro\/stiri\/actualitate\/politica\/daniel-constantin-pc-va-sustine-candidatul-psd-la-prezidentiale-doar-daca-numele-lui-e-victor-ponta-257450<\/p>\n","protected":false},"author":1,"featured_media":202838,"comment_status":"open","ping_status":"","sticky":false,"template":"","format":"standard","meta":{"footnotes":""},"categories":[2],"tags":[11],"class_list":["post-202837","post","type-post","status-publish","format-standard","has-post-thumbnail","hentry","category-politics","tag-digi24"],"_links":{"self":[{"href":"https:\/\/analyse.optim.biz\/index.php?rest_route=\/wp\/v2\/posts\/202837","targetHints":{"allow":["GET"]}}],"collection":[{"href":"https:\/\/analyse.optim.biz\/index.php?rest_route=\/wp\/v2\/posts"}],"about":[{"href":"https:\/\/analyse.optim.biz\/index.php?rest_route=\/wp\/v2\/types\/post"}],"author":[{"embeddable":true,"href":"https:\/\/analyse.optim.biz\/index.php?rest_route=\/wp\/v2\/users\/1"}],"replies":[{"embeddable":true,"href":"https:\/\/analyse.optim.biz\/index.php?rest_route=%2Fwp%2Fv2%2Fcomments&post=202837"}],"version-history":[{"count":0,"href":"https:\/\/analyse.optim.biz\/index.php?rest_route=\/wp\/v2\/posts\/202837\/revisions"}],"wp:featuredmedia":[{"embeddable":true,"href":"https:\/\/analyse.optim.biz\/index.php?rest_route=\/wp\/v2\/media\/202838"}],"wp:attachment":[{"href":"https:\/\/analyse.optim.biz\/index.php?rest_route=%2Fwp%2Fv2%2Fmedia&parent=202837"}],"wp:term":[{"taxonomy":"category","embeddable":true,"href":"https:\/\/analyse.optim.biz\/index.php?rest_route=%2Fwp%2Fv2%2Fcategories&post=202837"},{"taxonomy":"post_tag","embeddable":true,"href":"https:\/\/analyse.optim.biz\/index.php?rest_route=%2Fwp%2Fv2%2Ftags&post=202837"}],"curies":[{"name":"wp","href":"https:\/\/api.w.org\/{rel}","templated":true}]}}