{"id":202801,"date":"2014-06-17T23:27:28","date_gmt":"2014-06-17T20:27:28","guid":{"rendered":"https:\/\/analyse.optim.biz\/?p=202801"},"modified":"2014-06-17T23:27:28","modified_gmt":"2014-06-17T20:27:28","slug":"daniel-chitoiu-pleaca-din-pnl-cu-tot-cu-plasme","status":"publish","type":"post","link":"https:\/\/analyse.optim.biz\/?p=202801","title":{"rendered":"Daniel Chi\u021boiu pleac\u0103 din PNL cu tot cu plasme"},"content":{"rendered":"<div class=\"entry data-app-meta data-app-meta-article\" data-embed-base-url-canonical=\"https:\/\/www.digi24.ro\/embed\/stiri\/actualitate\/politica\/daniel-chitoiu-pleaca-din-pnl-cu-tot-cu-plasme-257604\">\n<p data-index=\"1\"><img decoding=\"async\" src=\"https:\/\/analyse.optim.biz\/wp-content\/uploads\/2024\/09\/ywzhzgqxnwi4zdhjnmjimtrjmjhkzgu0mq-thumb_.jpg\" data-skip-htmlfix=\"1\" title=\"ywzhzgqxnwi4zdhjnmjimtrjmjhkzgu0mq-thumb_\">Potrivit unor surse liberale, Daniel Chi\u0163oiu \u015fi-ar fi adunat lucrurile din sediul PNL. El ar fi luat mobila pe care o avea \u00een biroul s\u0103u de vicepre\u015fedinte, dar \u015fi plasmele din imobil, pe care le donase partidului \u00een vremea c\u00e2nd era m\u00e2na dreapt\u0103 a pre\u015fedintelui.<\/p>\n<p data-index=\"2\">Fostul ministru <a href=\"https:\/\/www.digi24.ro\/Stiri\/Digi24\/Actualitate\/Politica\/Tariceanu+lansare+platforma+politica+liberali+sustinere\" target=\"_blank\" data-skip-linkfix=\"1\" rel=\"noopener\"><strong>face parte din grupul ini\u0163iat, \u00een interiorul PNL, de C\u0103lin Popescu T\u0103riceanu<\/strong><\/a>.<\/p>\n<p data-index=\"3\"><strong>Crin Antonescu<\/strong>, fost \u015fef al PNL, a cerut ca aceia care sus\u0163in proiectul politic al pre\u015fedintelui Senatului s\u0103 fie exclu\u015fi din partid.<\/p>\n<\/div>\n<p> Source URL: https:\/\/www.digi24.ro\/stiri\/actualitate\/politica\/daniel-chitoiu-pleaca-din-pnl-cu-tot-cu-plasme-257604<\/p>\n","protected":false},"excerpt":{"rendered":"<p>Potrivit unor surse liberale, Daniel Chi\u0163oiu \u015fi-ar fi adunat lucrurile din sediul PNL. El ar fi luat mobila pe care o avea \u00een biroul s\u0103u de vicepre\u015fedinte, dar \u015fi plasmele din imobil, pe care le donase partidului \u00een vremea c\u00e2nd era m\u00e2na dreapt\u0103 a pre\u015fedintelui. Fostul ministru face parte din grupul ini\u0163iat, \u00een interiorul PNL, [&hellip;]<\/p>\n","protected":false},"author":1,"featured_media":202802,"comment_status":"open","ping_status":"","sticky":false,"template":"","format":"standard","meta":{"footnotes":""},"categories":[2],"tags":[11],"class_list":["post-202801","post","type-post","status-publish","format-standard","has-post-thumbnail","hentry","category-politics","tag-digi24"],"_links":{"self":[{"href":"https:\/\/analyse.optim.biz\/index.php?rest_route=\/wp\/v2\/posts\/202801","targetHints":{"allow":["GET"]}}],"collection":[{"href":"https:\/\/analyse.optim.biz\/index.php?rest_route=\/wp\/v2\/posts"}],"about":[{"href":"https:\/\/analyse.optim.biz\/index.php?rest_route=\/wp\/v2\/types\/post"}],"author":[{"embeddable":true,"href":"https:\/\/analyse.optim.biz\/index.php?rest_route=\/wp\/v2\/users\/1"}],"replies":[{"embeddable":true,"href":"https:\/\/analyse.optim.biz\/index.php?rest_route=%2Fwp%2Fv2%2Fcomments&post=202801"}],"version-history":[{"count":0,"href":"https:\/\/analyse.optim.biz\/index.php?rest_route=\/wp\/v2\/posts\/202801\/revisions"}],"wp:featuredmedia":[{"embeddable":true,"href":"https:\/\/analyse.optim.biz\/index.php?rest_route=\/wp\/v2\/media\/202802"}],"wp:attachment":[{"href":"https:\/\/analyse.optim.biz\/index.php?rest_route=%2Fwp%2Fv2%2Fmedia&parent=202801"}],"wp:term":[{"taxonomy":"category","embeddable":true,"href":"https:\/\/analyse.optim.biz\/index.php?rest_route=%2Fwp%2Fv2%2Fcategories&post=202801"},{"taxonomy":"post_tag","embeddable":true,"href":"https:\/\/analyse.optim.biz\/index.php?rest_route=%2Fwp%2Fv2%2Ftags&post=202801"}],"curies":[{"name":"wp","href":"https:\/\/api.w.org\/{rel}","templated":true}]}}