{"id":202789,"date":"2014-06-18T01:34:29","date_gmt":"2014-06-17T22:34:29","guid":{"rendered":"https:\/\/analyse.optim.biz\/?p=202789"},"modified":"2014-06-18T01:34:29","modified_gmt":"2014-06-17T22:34:29","slug":"klaus-iohannis-daca-domnul-ponta-e-asa-de-liberal-il-invit-sa-se-inscrie-in-pnl","status":"publish","type":"post","link":"https:\/\/analyse.optim.biz\/?p=202789","title":{"rendered":"Klaus Iohannis: \u201eDac\u0103 domnul Ponta e a\u015fa de liberal, \u00eel invit s\u0103 se \u00eenscrie \u00een PNL\u201d"},"content":{"rendered":"<div class=\"entry data-app-meta data-app-meta-article\" data-embed-base-url-canonical=\"https:\/\/www.digi24.ro\/embed\/stiri\/actualitate\/politica\/klaus-iohannis-daca-domnul-ponta-e-asa-de-liberal-il-invit-sa-se-inscrie-in-pnl-257622\">\n<p data-index=\"1\"><span><strong>Pre\u015fedintele interimar al PNL, Klaus Iohannis, i-a r\u0103spuns mar\u0163i premierului Victor Ponta, care afirma c\u0103 este mai liberal dec\u00e2t primarul Sibiului, cu o invita\u0163ie s\u0103 se \u00eenscrie \u00een Partidul Na\u0163ional Liberal.<\/strong><\/span><\/p>\n<p data-index=\"2\"><img decoding=\"async\" src=\"https:\/\/analyse.optim.biz\/wp-content\/uploads\/2024\/09\/ad0xmtm4oti5m2y4mtk3yzrjyjuxmmiwogqynti1zdizoa-thumb_.jpg\" data-skip-htmlfix=\"1\" title=\"ad0xmtm4oti5m2y4mtk3yzrjyjuxmmiwogqynti1zdizoa-thumb_\"><\/p>\n<p data-index=\"3\">\u201e<em><strong>Am citit despre afirma\u0163ia foarte interesant\u0103 a domnului Ponta, cum c\u0103 ar fi mai liberal ca mine. Reciproca nu este adev\u0103rat\u0103; eu nu sunt mai socialist ca domnul Ponta. Dar, pe de alt\u0103 parte, iat\u0103 o metod\u0103 u\u015foar\u0103 prin care PNL poate s\u0103 primeasc\u0103 func\u0163ia de prim-ministru. Dac\u0103 domnul Ponta e a\u015fa de liberal, \u00eel invit s\u0103 se \u00eenscrie \u00een PNL<\/strong><\/em>\u201d, a spus Klaus Iohannis, pre\u015fedintele interimar al forma\u0163iunii liberale.<\/p>\n<p data-index=\"4\"><span>\u201e<\/span><span><span><em><strong>Eu sunt mai liberal dec\u00e2t domnul Iohannis m\u0103car pentru faptul c\u0103 \u00een 2012, \u00een cadrul Uniunii Social Liberale &#8211; din care domnul Iohannis nu f\u0103cea parte -, ne-am luptat cu partidul domnului B\u0103sescu, m\u0103car pentru faptul c\u0103 am aplicat la guvernare m\u0103surile propuse de liberali, exact acei liberali care acum am v\u0103zut c\u0103 sunt da\u0163i afar\u0103: domnul T\u0103riceanu, domnul Chi\u0163oiu, domnul Silaghi<\/strong><\/em><\/span><\/span><span><span>\u201d, declara luni pentru <a href=\"http:\/\/www.agerpres.ro\/politica\/2014\/06\/16\/interviu-ponta-am-invatat-destule-din-trecut-ca-sa-nu-pierdem-a-treia-oara-prezidentialele-15-34-32\" target=\"_blank\" data-skip-linkfix=\"1\" rel=\"noopener\"><strong>Agerpres<\/strong><\/a> premierul social-democrat Victor Ponta.<\/span><\/span><\/p>\n<\/div>\n<p> Source URL: https:\/\/www.digi24.ro\/stiri\/actualitate\/politica\/klaus-iohannis-daca-domnul-ponta-e-asa-de-liberal-il-invit-sa-se-inscrie-in-pnl-257622<\/p>\n","protected":false},"excerpt":{"rendered":"<p>Pre\u015fedintele interimar al PNL, Klaus Iohannis, i-a r\u0103spuns mar\u0163i premierului Victor Ponta, care afirma c\u0103 este mai liberal dec\u00e2t primarul Sibiului, cu o invita\u0163ie s\u0103 se \u00eenscrie \u00een Partidul Na\u0163ional Liberal. \u201eAm citit despre afirma\u0163ia foarte interesant\u0103 a domnului Ponta, cum c\u0103 ar fi mai liberal ca mine. Reciproca nu este adev\u0103rat\u0103; eu nu sunt [&hellip;]<\/p>\n","protected":false},"author":1,"featured_media":202790,"comment_status":"open","ping_status":"","sticky":false,"template":"","format":"standard","meta":{"footnotes":""},"categories":[2],"tags":[11],"class_list":["post-202789","post","type-post","status-publish","format-standard","has-post-thumbnail","hentry","category-politics","tag-digi24"],"_links":{"self":[{"href":"https:\/\/analyse.optim.biz\/index.php?rest_route=\/wp\/v2\/posts\/202789","targetHints":{"allow":["GET"]}}],"collection":[{"href":"https:\/\/analyse.optim.biz\/index.php?rest_route=\/wp\/v2\/posts"}],"about":[{"href":"https:\/\/analyse.optim.biz\/index.php?rest_route=\/wp\/v2\/types\/post"}],"author":[{"embeddable":true,"href":"https:\/\/analyse.optim.biz\/index.php?rest_route=\/wp\/v2\/users\/1"}],"replies":[{"embeddable":true,"href":"https:\/\/analyse.optim.biz\/index.php?rest_route=%2Fwp%2Fv2%2Fcomments&post=202789"}],"version-history":[{"count":0,"href":"https:\/\/analyse.optim.biz\/index.php?rest_route=\/wp\/v2\/posts\/202789\/revisions"}],"wp:featuredmedia":[{"embeddable":true,"href":"https:\/\/analyse.optim.biz\/index.php?rest_route=\/wp\/v2\/media\/202790"}],"wp:attachment":[{"href":"https:\/\/analyse.optim.biz\/index.php?rest_route=%2Fwp%2Fv2%2Fmedia&parent=202789"}],"wp:term":[{"taxonomy":"category","embeddable":true,"href":"https:\/\/analyse.optim.biz\/index.php?rest_route=%2Fwp%2Fv2%2Fcategories&post=202789"},{"taxonomy":"post_tag","embeddable":true,"href":"https:\/\/analyse.optim.biz\/index.php?rest_route=%2Fwp%2Fv2%2Ftags&post=202789"}],"curies":[{"name":"wp","href":"https:\/\/api.w.org\/{rel}","templated":true}]}}