{"id":2027674,"date":"2026-07-05T08:08:34","date_gmt":"2026-07-05T05:08:34","guid":{"rendered":"https:\/\/analyse.optim.biz\/?p=2027674"},"modified":"2026-07-05T08:08:34","modified_gmt":"2026-07-05T05:08:34","slug":"un-barbat-a-cazut-de-pe-trotineta-electrica-s-a-lovit-la-cap-si-a-murit-pe-dj-226-midia","status":"publish","type":"post","link":"https:\/\/analyse.optim.biz\/?p=2027674","title":{"rendered":"Un b\u0103rbat a c\u0103zut de pe trotineta electric\u0103, s-a lovit la cap \u0219i a murit (pe DJ 226 Midia)"},"content":{"rendered":"<p>[analyse_image type=&#8221;featured&#8221; src=&#8221;https:\/\/dobrogeanews.b-cdn.net\/wp-content\/uploads\/2026\/07\/un-trotinotist-a-cazut-si-a-murit.jpg&#8221;]<\/p>\n<div id=\"post-71708\" class=\"entry single-default post-71708 post type-post status-publish format-standard has-post-thumbnail hentry category-info\">\n<p>Poli\u021bi\u0219tii ora\u0219ului N\u0103vodari au fost sesiza\u021bi, prin apel 112, cu privire la faptul c\u0103, pe pista de biciclete de pe DJ 226, \u00een zona Midia, se afl\u0103 o persoan\u0103 c\u0103zut\u0103 la sol, \u00een stare de incon\u0219tien\u021b\u0103. <\/p>\n<figure class=\"wp-block-image size-full is-resized\">\n<source type=\"image\/webp\" data-lazy-srcset=\"https:\/\/dobrogeanews.b-cdn.net\/wp-content\/uploads\/2026\/07\/un-trotinotist-a-cazut-si-a-murit.jpg.webp 2560w, https:\/\/dobrogeanews.b-cdn.net\/wp-content\/uploads\/2026\/07\/un-trotinotist-a-cazut-si-a-murit-300x212.jpg.webp 300w, https:\/\/dobrogeanews.b-cdn.net\/wp-content\/uploads\/2026\/07\/un-trotinotist-a-cazut-si-a-murit-1024x723.jpg.webp 1024w, https:\/\/dobrogeanews.b-cdn.net\/wp-content\/uploads\/2026\/07\/un-trotinotist-a-cazut-si-a-murit-768x542.jpg.webp 768w, https:\/\/dobrogeanews.b-cdn.net\/wp-content\/uploads\/2026\/07\/un-trotinotist-a-cazut-si-a-murit-1536x1085.jpg.webp 1536w, https:\/\/dobrogeanews.b-cdn.net\/wp-content\/uploads\/2026\/07\/un-trotinotist-a-cazut-si-a-murit-2048x1446.jpg.webp 2048w\" sizes=\"(max-width: 640px) 100vw, 640px\" \/><br \/>\n<img loading=\"lazy\" decoding=\"async\" src=\"https:\/\/dobrogeanews.b-cdn.net\/wp-content\/uploads\/2026\/07\/un-trotinotist-a-cazut-si-a-murit.jpg\" alt=\"\" width=\"640\" height=\"452\"><\/figure>\n<p>Ajun\u0219i la fa\u021ba locului au constatat c\u0103 un b\u0103rbat, de 45 de ani, din Istria ar fi utilizat o trotinet\u0103 electric\u0103, pe pista special amenajat\u0103, paralel cu DJ 226, iar la un moment dat, din cauze ce urmeaz\u0103 a fi stabilite ulterior, ar fi c\u0103zut de pe aceasta \u0219i s-ar fi lovit la cap. Echipajum medical a constatat decesul.<\/p>\n<p>Trupul ne\u00eensufle\u021bit a fost transportat la morg\u0103 pentru efectuarea autopsiei, \u00een vederea stabilirii cauzelor decesului.<\/p>\n<p>\u00cen cauz\u0103 a fost \u00eentocmit dosar penal, cercet\u0103rile fiind continuate pentru stabilirea cu exactitate a cauzelor \u0219i \u00eemprejur\u0103rilor \u00een care s-a produs evenimentul.<\/p>\n<\/div>\n<div id=\"post-71708\" class=\"entry single-default post-71708 post type-post status-publish format-standard has-post-thumbnail hentry category-info\">\n<p>Poli\u021bi\u0219tii ora\u0219ului N\u0103vodari au fost sesiza\u021bi, prin apel 112, cu privire la faptul c\u0103, pe pista de biciclete de pe DJ 226, \u00een zona Midia, se afl\u0103 o persoan\u0103 c\u0103zut\u0103 la sol, \u00een stare de incon\u0219tien\u021b\u0103. <\/p>\n<figure class=\"wp-block-image size-full is-resized\">\n<source type=\"image\/webp\" data-lazy-srcset=\"https:\/\/dobrogeanews.b-cdn.net\/wp-content\/uploads\/2026\/07\/un-trotinotist-a-cazut-si-a-murit.jpg.webp 2560w, https:\/\/dobrogeanews.b-cdn.net\/wp-content\/uploads\/2026\/07\/un-trotinotist-a-cazut-si-a-murit-300x212.jpg.webp 300w, https:\/\/dobrogeanews.b-cdn.net\/wp-content\/uploads\/2026\/07\/un-trotinotist-a-cazut-si-a-murit-1024x723.jpg.webp 1024w, https:\/\/dobrogeanews.b-cdn.net\/wp-content\/uploads\/2026\/07\/un-trotinotist-a-cazut-si-a-murit-768x542.jpg.webp 768w, https:\/\/dobrogeanews.b-cdn.net\/wp-content\/uploads\/2026\/07\/un-trotinotist-a-cazut-si-a-murit-1536x1085.jpg.webp 1536w, https:\/\/dobrogeanews.b-cdn.net\/wp-content\/uploads\/2026\/07\/un-trotinotist-a-cazut-si-a-murit-2048x1446.jpg.webp 2048w\" sizes=\"(max-width: 640px) 100vw, 640px\" \/><br \/>\n<img loading=\"lazy\" decoding=\"async\" src=\"https:\/\/dobrogeanews.b-cdn.net\/wp-content\/uploads\/2026\/07\/un-trotinotist-a-cazut-si-a-murit.jpg\" alt=\"\" width=\"640\" height=\"452\"><\/figure>\n<p>Ajun\u0219i la fa\u021ba locului au constatat c\u0103 un b\u0103rbat, de 45 de ani, din Istria ar fi utilizat o trotinet\u0103 electric\u0103, pe pista special amenajat\u0103, paralel cu DJ 226, iar la un moment dat, din cauze ce urmeaz\u0103 a fi stabilite ulterior, ar fi c\u0103zut de pe aceasta \u0219i s-ar fi lovit la cap. Echipajum medical a constatat decesul.<\/p>\n<p>Trupul ne\u00eensufle\u021bit a fost transportat la morg\u0103 pentru efectuarea autopsiei, \u00een vederea stabilirii cauzelor decesului.<\/p>\n<p>\u00cen cauz\u0103 a fost \u00eentocmit dosar penal, cercet\u0103rile fiind continuate pentru stabilirea cu exactitate a cauzelor \u0219i \u00eemprejur\u0103rilor \u00een care s-a produs evenimentul.<\/p>\n<\/div>\n<p>[analyse_source url=&#8221;https:\/\/www.dobrogeanews.ro\/un-barbat-a-cazut-de-pe-trotineta-electrica-s-a-lovit-la-cap-si-a-murit-pe-dj-226-midia\/&#8221;]<\/p>\n","protected":false},"excerpt":{"rendered":"<p>[analyse_image type=&#8221;featured&#8221; src=&#8221;https:\/\/dobrogeanews.b-cdn.net\/wp-content\/uploads\/2026\/07\/un-trotinotist-a-cazut-si-a-murit.jpg&#8221;] Poli\u021bi\u0219tii ora\u0219ului N\u0103vodari au fost sesiza\u021bi, prin apel 112, cu privire la faptul c\u0103, pe pista de biciclete de pe DJ 226, \u00een zona Midia, se afl\u0103 o persoan\u0103 c\u0103zut\u0103 la sol, \u00een stare de incon\u0219tien\u021b\u0103. Ajun\u0219i la fa\u021ba locului au constatat c\u0103 un b\u0103rbat, de 45 de ani, din Istria ar [&hellip;]<\/p>\n","protected":false},"author":1,"featured_media":0,"comment_status":"open","ping_status":"","sticky":false,"template":"","format":"standard","meta":{"footnotes":""},"categories":[89],"tags":[226,223],"class_list":["post-2027674","post","type-post","status-publish","format-standard","hentry","category-romania","tag-crawlmanager","tag-dobrogeanews-ro"],"_links":{"self":[{"href":"https:\/\/analyse.optim.biz\/index.php?rest_route=\/wp\/v2\/posts\/2027674","targetHints":{"allow":["GET"]}}],"collection":[{"href":"https:\/\/analyse.optim.biz\/index.php?rest_route=\/wp\/v2\/posts"}],"about":[{"href":"https:\/\/analyse.optim.biz\/index.php?rest_route=\/wp\/v2\/types\/post"}],"author":[{"embeddable":true,"href":"https:\/\/analyse.optim.biz\/index.php?rest_route=\/wp\/v2\/users\/1"}],"replies":[{"embeddable":true,"href":"https:\/\/analyse.optim.biz\/index.php?rest_route=%2Fwp%2Fv2%2Fcomments&post=2027674"}],"version-history":[{"count":0,"href":"https:\/\/analyse.optim.biz\/index.php?rest_route=\/wp\/v2\/posts\/2027674\/revisions"}],"wp:attachment":[{"href":"https:\/\/analyse.optim.biz\/index.php?rest_route=%2Fwp%2Fv2%2Fmedia&parent=2027674"}],"wp:term":[{"taxonomy":"category","embeddable":true,"href":"https:\/\/analyse.optim.biz\/index.php?rest_route=%2Fwp%2Fv2%2Fcategories&post=2027674"},{"taxonomy":"post_tag","embeddable":true,"href":"https:\/\/analyse.optim.biz\/index.php?rest_route=%2Fwp%2Fv2%2Ftags&post=2027674"}],"curies":[{"name":"wp","href":"https:\/\/api.w.org\/{rel}","templated":true}]}}