{"id":202767,"date":"2014-06-18T15:55:57","date_gmt":"2014-06-18T12:55:57","guid":{"rendered":"https:\/\/analyse.optim.biz\/?p=202767"},"modified":"2014-06-18T15:55:57","modified_gmt":"2014-06-18T12:55:57","slug":"decizie-in-guvern-reducerea-cas-cu-5-din-1-octombrie","status":"publish","type":"post","link":"https:\/\/analyse.optim.biz\/?p=202767","title":{"rendered":"Decizie \u00een Guvern: Reducerea CAS, cu 5% din 1 octombrie"},"content":{"rendered":"<div class=\"entry data-app-meta data-app-meta-article\" data-embed-base-url-canonical=\"https:\/\/www.digi24.ro\/embed\/stiri\/actualitate\/politica\/decizie-in-guvern-reducerea-cas-cu-5-din-1-octombrie-257934\">\n<p data-index=\"1\">\u201eCred c\u0103 este o m\u0103sur\u0103 foarte bun\u0103, cerut\u0103 de mult timp de toate partidele politice. Unele, dup\u0103 ce am fost noi de acord, nu mai sunt ele de acord, dar e treaba lor. Avem &#8211; \u015fi am discutat clar cu intitu\u0163iile financiare interna\u0163ionale &#8211; ne \u00eencadr\u0103m \u00een 2014 \u00een toate obliga\u0163iile pe care ni le-am asumat. Am fost un guvern mai bun gospodar \u015fi avem ni\u015fte bani pu\u015fi deoparte pentru aceast\u0103 reducere&#8221;, a sus\u0163inut premierul.<\/p>\n<p data-index=\"2\">El a ad\u0103ugat c\u0103 este important ca mai departe, prin toate m\u0103surile fiscal-bugetare \u015fi de combatere a evaziunii fiscale, aceast\u0103 m\u0103sur\u0103 s\u0103 fie sustenabil\u0103 pe termen lung.<\/p>\n<p data-index=\"3\"><strong><a href=\"https:\/\/www.digi24.ro\/Stiri\/Digi24\/Economie\/Stiri\/BUSINESS+CLUB+Reducere+CAS+cu+necunoscute\" target=\"_blank\" data-skip-linkfix=\"1\" rel=\"noopener\">Contribu\u0163iile de asigur\u0103ri sociale<\/a><\/strong> vor fi reduse la angajator cu cinci puncte procentuale, dar de la 1 octombrie, nu de la 1 iulie cum era programat ini\u0163ial, cu un impact bugetar de 850 milioane lei, f\u0103r\u0103 majorarea deficitului bugetar, a anun\u0163at, joi, premierul Victor Ponta, preciz\u00e2nd \u00eens\u0103 c\u0103 <a href=\"https:\/\/www.digi24.ro\/Stiri\/Digi24\/Economie\/Stiri\/Proiect+Scaderea+CAS+pe+banii+romanilor+bogati+cu+restante+la+im\" target=\"_blank\" data-skip-linkfix=\"1\" rel=\"noopener\"><strong>m\u0103sura nu are acordul FMI<\/strong><\/a>, ci este asumat\u0103 de Guvern.<\/p>\n<\/div>\n<p> Source URL: https:\/\/www.digi24.ro\/stiri\/actualitate\/politica\/decizie-in-guvern-reducerea-cas-cu-5-din-1-octombrie-257934<\/p>\n","protected":false},"excerpt":{"rendered":"<p>\u201eCred c\u0103 este o m\u0103sur\u0103 foarte bun\u0103, cerut\u0103 de mult timp de toate partidele politice. Unele, dup\u0103 ce am fost noi de acord, nu mai sunt ele de acord, dar e treaba lor. Avem &#8211; \u015fi am discutat clar cu intitu\u0163iile financiare interna\u0163ionale &#8211; ne \u00eencadr\u0103m \u00een 2014 \u00een toate obliga\u0163iile pe care ni le-am [&hellip;]<\/p>\n","protected":false},"author":1,"featured_media":202768,"comment_status":"open","ping_status":"","sticky":false,"template":"","format":"standard","meta":{"footnotes":""},"categories":[2],"tags":[11],"class_list":["post-202767","post","type-post","status-publish","format-standard","has-post-thumbnail","hentry","category-politics","tag-digi24"],"_links":{"self":[{"href":"https:\/\/analyse.optim.biz\/index.php?rest_route=\/wp\/v2\/posts\/202767","targetHints":{"allow":["GET"]}}],"collection":[{"href":"https:\/\/analyse.optim.biz\/index.php?rest_route=\/wp\/v2\/posts"}],"about":[{"href":"https:\/\/analyse.optim.biz\/index.php?rest_route=\/wp\/v2\/types\/post"}],"author":[{"embeddable":true,"href":"https:\/\/analyse.optim.biz\/index.php?rest_route=\/wp\/v2\/users\/1"}],"replies":[{"embeddable":true,"href":"https:\/\/analyse.optim.biz\/index.php?rest_route=%2Fwp%2Fv2%2Fcomments&post=202767"}],"version-history":[{"count":0,"href":"https:\/\/analyse.optim.biz\/index.php?rest_route=\/wp\/v2\/posts\/202767\/revisions"}],"wp:featuredmedia":[{"embeddable":true,"href":"https:\/\/analyse.optim.biz\/index.php?rest_route=\/wp\/v2\/media\/202768"}],"wp:attachment":[{"href":"https:\/\/analyse.optim.biz\/index.php?rest_route=%2Fwp%2Fv2%2Fmedia&parent=202767"}],"wp:term":[{"taxonomy":"category","embeddable":true,"href":"https:\/\/analyse.optim.biz\/index.php?rest_route=%2Fwp%2Fv2%2Fcategories&post=202767"},{"taxonomy":"post_tag","embeddable":true,"href":"https:\/\/analyse.optim.biz\/index.php?rest_route=%2Fwp%2Fv2%2Ftags&post=202767"}],"curies":[{"name":"wp","href":"https:\/\/api.w.org\/{rel}","templated":true}]}}