{"id":202756,"date":"2014-06-18T21:59:14","date_gmt":"2014-06-18T18:59:14","guid":{"rendered":"https:\/\/analyse.optim.biz\/?p=202756"},"modified":"2014-06-18T21:59:14","modified_gmt":"2014-06-18T18:59:14","slug":"kelemen-hunor-udmr-il-va-sustine-pe-victor-ponta-daca-lucrurile-merg-bine","status":"publish","type":"post","link":"https:\/\/analyse.optim.biz\/?p=202756","title":{"rendered":"Kelemen Hunor: UDMR \u00eel va sus\u0163ine pe Victor Ponta, dac\u0103 lucrurile merg bine"},"content":{"rendered":"<div class=\"entry data-app-meta data-app-meta-article\" data-embed-base-url-canonical=\"https:\/\/www.digi24.ro\/embed\/stiri\/actualitate\/politica\/kelemen-hunor-udmr-il-va-sustine-pe-victor-ponta-daca-lucrurile-merg-bine-258117\">\n<p data-index=\"1\">\u201e<span>Depinde cu cine este \u00een turul doi \u015fi depinde de program \u015fi de cum evolueaz\u0103 lucrurile p\u00e2n\u0103 atunci. Dar dac\u0103 lucrurile merg bine \u015fi dac\u0103 are un contracandidat care nu m\u0103 convinge, da. Eu l-am votat \u0219i pe Iliescu, \u0219ti\u021bi, niciodat\u0103 nu credeam. \u0218i totu\u0219i, diferen\u021ba este foarte mare, \u00eentre Iliescu \u015fi Ponta. Este, din acest punct de vedere, un joc este deschis\u201d, a spus Kelemen Hunor la <a href=\"http:\/\/www.gandul.info\/politica\/cum-vor-vota-maghiarii-din-romania-in-turul-doi-la-prezidentiale-kelemen-hunor-la-gandul-live-sa-spuneti-dumneavoastra-daca-romanii-aleg-un-neamt-la-presedintia-romaniei-12776917\" target=\"_blank\" data-skip-linkfix=\"1\" rel=\"noopener\">G\u00e2ndul live<\/a>.<\/span><\/p>\n<\/div>\n<p> Source URL: https:\/\/www.digi24.ro\/stiri\/actualitate\/politica\/kelemen-hunor-udmr-il-va-sustine-pe-victor-ponta-daca-lucrurile-merg-bine-258117<\/p>\n","protected":false},"excerpt":{"rendered":"<p>\u201eDepinde cu cine este \u00een turul doi \u015fi depinde de program \u015fi de cum evolueaz\u0103 lucrurile p\u00e2n\u0103 atunci. Dar dac\u0103 lucrurile merg bine \u015fi dac\u0103 are un contracandidat care nu m\u0103 convinge, da. Eu l-am votat \u0219i pe Iliescu, \u0219ti\u021bi, niciodat\u0103 nu credeam. \u0218i totu\u0219i, diferen\u021ba este foarte mare, \u00eentre Iliescu \u015fi Ponta. Este, din [&hellip;]<\/p>\n","protected":false},"author":1,"featured_media":202757,"comment_status":"open","ping_status":"","sticky":false,"template":"","format":"standard","meta":{"footnotes":""},"categories":[2],"tags":[11],"class_list":["post-202756","post","type-post","status-publish","format-standard","has-post-thumbnail","hentry","category-politics","tag-digi24"],"_links":{"self":[{"href":"https:\/\/analyse.optim.biz\/index.php?rest_route=\/wp\/v2\/posts\/202756","targetHints":{"allow":["GET"]}}],"collection":[{"href":"https:\/\/analyse.optim.biz\/index.php?rest_route=\/wp\/v2\/posts"}],"about":[{"href":"https:\/\/analyse.optim.biz\/index.php?rest_route=\/wp\/v2\/types\/post"}],"author":[{"embeddable":true,"href":"https:\/\/analyse.optim.biz\/index.php?rest_route=\/wp\/v2\/users\/1"}],"replies":[{"embeddable":true,"href":"https:\/\/analyse.optim.biz\/index.php?rest_route=%2Fwp%2Fv2%2Fcomments&post=202756"}],"version-history":[{"count":0,"href":"https:\/\/analyse.optim.biz\/index.php?rest_route=\/wp\/v2\/posts\/202756\/revisions"}],"wp:featuredmedia":[{"embeddable":true,"href":"https:\/\/analyse.optim.biz\/index.php?rest_route=\/wp\/v2\/media\/202757"}],"wp:attachment":[{"href":"https:\/\/analyse.optim.biz\/index.php?rest_route=%2Fwp%2Fv2%2Fmedia&parent=202756"}],"wp:term":[{"taxonomy":"category","embeddable":true,"href":"https:\/\/analyse.optim.biz\/index.php?rest_route=%2Fwp%2Fv2%2Fcategories&post=202756"},{"taxonomy":"post_tag","embeddable":true,"href":"https:\/\/analyse.optim.biz\/index.php?rest_route=%2Fwp%2Fv2%2Ftags&post=202756"}],"curies":[{"name":"wp","href":"https:\/\/api.w.org\/{rel}","templated":true}]}}