{"id":2027458,"date":"2026-07-04T13:09:59","date_gmt":"2026-07-04T10:09:59","guid":{"rendered":"https:\/\/analyse.optim.biz\/?p=2027458"},"modified":"2026-07-04T13:09:59","modified_gmt":"2026-07-04T10:09:59","slug":"p-cine-sunt-extremistii-europei-si-cine-autorii-totalitarismului-de-matase","status":"publish","type":"post","link":"https:\/\/analyse.optim.biz\/?p=2027458","title":{"rendered":"(P) Cine sunt \u201cextremi\u0219tii\u201d Europei \u0219i cine autorii totalitarismului de m\u0103tase?"},"content":{"rendered":"<p>[analyse_image type=&#8221;featured&#8221; src=&#8221;https:\/\/buzaulinreportaje.ro\/wp-content\/uploads\/2026\/07\/Oana-2.jpeghttps:\/\/buzaulinreportaje.ro\/wp-content\/uploads\/2026\/07\/Oana-2.jpeg&#8221;]<\/p>\n<div class=\"entry-content herald-entry-content\">\n<p class=\"wp-block-paragraph\">Europa rece, din ce \u00een ce mai \u00eensingurat\u0103 \u0219i \u00een continu\u0103 deriv\u0103 a echilibrului, prin ochii unui politician t\u00e2n\u0103r, aflat la primul mandat \u00een Parlamentul Rom\u00e2niei sau c\u00e2nd oficialii mediului politic provin dintre oamenii simpli\u2026<\/p>\n<p class=\"wp-block-paragraph\"><em>\ud835\udc13\ud835\udc28\ud835\udc2d\ud835\udc1a\ud835\udc25\ud835\udc22\ud835\udc2d\ud835\udc1a\ud835\udc2b\ud835\udc22\ud835\udc2c\ud835\udc26\ud835\udc2e\ud835\udc25 \ud835\udc1d\ud835\udc1e \ud835\udc26\ud835\udc1a\u0306\ud835\udc2d\ud835\udc1a\ud835\udc2c\ud835\udc1e \ud835\udc1d\ud835\udc22\ud835\udc27 \ud835\udc04\ud835\udc2e\ud835\udc2b\ud835\udc28\ud835\udc29\ud835\udc1a \ud835\udc2c\u0326\ud835\udc22 \ud835\udc1d\ud835\udc22\ud835\udc27 \ud835\udc11\ud835\udc28\ud835\udc26\ud835\udc1a\u0302\ud835\udc27\ud835\udc22\ud835\udc1a<\/em><\/p>\n<p class=\"wp-block-paragraph\"><em>\ud835\udc04\ud835\udc31\ud835\udc2d\ud835\udc2b\ud835\udc1e\ud835\udc26\ud835\udc22\ud835\udc2c\u0326\ud835\udc2d\ud835\udc22\ud835\udc22 \ud835\udc1c\ud835\udc1a\ud835\udc2b\ud835\udc1e \ud835\udc22\u0302\ud835\udc2c\u0326\ud835\udc22 \ud835\udc27\ud835\udc2e\ud835\udc26\ud835\udc1e\ud835\udc2c\ud835\udc1c \ud835\udc1c\ud835\udc1e\ud835\udc2d\ud835\udc1a\u0306\ud835\udc2d\u0326\ud835\udc1e\ud835\udc27\ud835\udc22\ud835\udc22 \ud835\udc1c\ud835\udc1a\ud835\udc2b\ud835\udc1e \ud835\udc27\ud835\udc2e \ud835\udc2c\ud835\udc1e \ud835\udc2c\ud835\udc2e\ud835\udc29\ud835\udc2e\ud835\udc27 \ud835\udc2f\ud835\udc28\ud835\udc22\ud835\udc27\ud835\udc2d\u0326\ud835\udc1e\ud835\udc22 \ud835\udc25\ud835\udc28\ud835\udc2b ,,\ud835\udc1e\ud835\udc31\ud835\udc2d\ud835\udc2b\ud835\udc1e\ud835\udc26\ud835\udc22\ud835\udc2c\u0326\ud835\udc2d\ud835\udc22\u201d<\/em><\/p>\n<p class=\"wp-block-paragraph\"><em>\u00cenc\u0103 primesc materiale de pres\u0103 din Germania, dup\u0103 anii tr\u0103i\u021bi acolo. Am citit ast\u0103zi c\u0103 la Erfurt, \u00een estul Germaniei, chiar locul unde am tr\u0103it o vreme \u0219i unde l-am adus pe lume pe unul din copiii mei, weekendul acesta s-au ciocnit dou\u0103 Europe.<\/em><\/p>\n<p class=\"wp-block-paragraph\"><em>\u00cen\u0103untru, Alternativa pentru Germania, partid perceput ca extremist \u0219i neo-nazist, \u00ee\u0219i \u021binea congresul na\u021bional, preg\u0103tindu-se s\u0103-\u0219i realeag\u0103 co-liderii Alice Weidel \u0219i Tino Chrupalla \u0219i s\u0103 proiecteze o imagine de unitate , imaginea unui partid care a devenit cea mai mare for\u021b\u0103 de opozi\u021bie din Bundestag. Afar\u0103, mii de protestatari s-au ciocnit cu for\u021bele de ordine. Iar deasupra tuturor , o coinciden\u021b\u0103 pe care istoricii nu au putut s\u0103 o treac\u0103 cu vederea: se \u00eemplinesc o sut\u0103 de ani de la o reuniune a Partidului Nazist \u021binut\u0103 \u00een apropiere, cea care a consolidat puterea lui Hitler asupra mi\u0219c\u0103rii fasciste. AfD respinge acuza\u021bia c\u0103 data ar avea vreo \u00eenc\u0103rc\u0103tur\u0103 simbolic\u0103.<\/em><\/p>\n<p class=\"wp-block-paragraph\"><em>Nu, nu se \u00eentorc anii 30. Nu asta se \u00eent\u00e2mpl\u0103. Ceea ce se \u00eent\u00e2mpl\u0103 e, \u00eentr-un fel, mai subtil \u0219i tocmai de aceea mai greu de comb\u0103tut.<\/em><\/p>\n<p class=\"wp-block-paragraph\"><em>\ud835\udc15\ud835\udc1e\ud835\udc1c\ud835\udc21\ud835\udc22\ud835\udc2e\ud835\udc25 \ud835\udc2d\ud835\udc28\ud835\udc2d\ud835\udc1a\ud835\udc25\ud835\udc22\ud835\udc2d\ud835\udc1a\ud835\udc2b\ud835\udc22\ud835\udc2c\ud835\udc26 \ud835\udc1a \ud835\udc1c\ud835\udc2e\ud835\udc1c\ud835\udc1e\ud835\udc2b\ud835\udc22\ud835\udc2d \ud835\udc2c\ud835\udc28\ud835\udc1c\ud835\udc22\ud835\udc1e\ud835\udc2d\ud835\udc1a\u0306\ud835\udc2d\u0326\ud835\udc22\ud835\udc25\ud835\udc1e \ud835\udc29\ud835\udc2b\ud835\udc22\ud835\udc27 \ud835\udc1f\ud835\udc2b\ud835\udc22\ud835\udc1c\ud835\udc1a \ud835\udc1d\ud835\udc1e \ud835\udc1d\ud835\udc2e\ud835\udc2b\ud835\udc1e\ud835\udc2b\ud835\udc1e. \ud835\udc02\ud835\udc1e\ud835\udc25 \ud835\udc1c\ud835\udc1a\ud835\udc2b\ud835\udc1e \ud835\udc2c\ud835\udc1e \ud835\udc27\ud835\udc1a\ud835\udc2c\u0326\ud835\udc2d\ud835\udc1e \ud835\udc1a\ud835\udc1c\ud835\udc2e\ud835\udc26, \ud835\udc2e\ud835\udc27\ud835\udc2e\ud835\udc25 \u201e\ud835\udc1d\ud835\udc1e \ud835\udc26\ud835\udc1a\u0306\ud835\udc2d\ud835\udc1a\ud835\udc2c\ud835\udc1e\u201d, \ud835\udc1c\ud835\udc2e\ud835\udc1c\ud835\udc1e\ud835\udc2b\ud835\udc1e\ud835\udc2c\u0326\ud835\udc2d\ud835\udc1e \ud835\udc29\ud835\udc2b\ud835\udc22\ud835\udc27 \ud835\udc26\ud835\udc1a\ud835\udc27\ud835\udc22\ud835\udc29\ud835\udc2e\ud835\udc25\ud835\udc1a\ud835\udc2b\ud835\udc1e\ud835\udc1a \ud835\udc1d\ud835\udc2b\ud835\udc1a\ud835\udc20\ud835\udc28\ud835\udc2c\ud835\udc2d\ud835\udc1e\ud835\udc22 \ud835\udc27\ud835\udc28\ud835\udc1a\ud835\udc2c\ud835\udc2d\ud835\udc2b\ud835\udc1e \ud835\udc1d\ud835\udc1e \ud835\udc29\ud835\udc25\ud835\udc1a\u0306\ud835\udc1c\ud835\udc1e\ud835\udc2b\ud835\udc1e \ud835\udc2c\u0326\ud835\udc22 \ud835\udc1a \ud835\udc1f\ud835\udc2b\ud835\udc22\ud835\udc1c\ud835\udc22\ud835\udc22 \ud835\udc27\ud835\udc28\ud835\udc1a\ud835\udc2c\ud835\udc2d\ud835\udc2b\ud835\udc1e \ud835\udc1d\ud835\udc1e \ud835\udc1d\ud835\udc22\ud835\udc2c\ud835\udc1c\ud835\udc28\ud835\udc27\ud835\udc1f\ud835\udc28\ud835\udc2b\ud835\udc2d. \ud835\udc0d\ud835\udc2e \ud835\udc2f\ud835\udc22\ud835\udc27\ud835\udc1e \ud835\udc1c\ud835\udc2e \ud835\udc1c\ud835\udc22\ud835\udc33\ud835\udc26\ud835\udc1e \ud835\udc2c\u0326\ud835\udc22 \ud835\udc2d\ud835\udc1a\ud835\udc27\ud835\udc1c, \ud835\udc1c\ud835\udc22 \ud835\udc1c\ud835\udc2e \ud835\udc1a\ud835\udc25\ud835\udc20\ud835\udc28\ud835\udc2b\ud835\udc22\ud835\udc2d\ud835\udc26 \ud835\udc2c\u0326\ud835\udc22 \ud835\udc2b\ud835\udc1e\ud835\udc2c\ud835\udc1e\ud835\udc27\ud835\udc2d\ud835\udc22\ud835\udc26\ud835\udc1e\ud835\udc27\ud835\udc2d, \ud835\udc1c\ud835\udc2e \ud835\udc2d\ud835\udc1e\ud835\udc21\ud835\udc27\ud835\udc22\ud835\udc1c\ud835\udc22 \ud835\udc1d\ud835\udc1e \ud835\udc1a \ud835\udc27\ud835\udc1e \ud835\udc2d\ud835\udc22\ud835\udc27\ud835\udc1e \ud835\udc29\ud835\udc1e\ud835\udc2b\ud835\udc26\ud835\udc1a\ud835\udc27\ud835\udc1e\ud835\udc27\ud835\udc2d \ud835\udc1d\ud835\udc22\ud835\udc2f\ud835\udc22\ud835\udc33\ud835\udc1a\ud835\udc2d\u0326\ud835\udc22, \ud835\udc22\u0302\ud835\udc27\ud835\udc2d\ud835\udc28\ud835\udc2b\ud835\udc2c\u0326\ud835\udc22 \ud835\udc2e\ud835\udc27\ud835\udc22\ud835\udc22 \ud835\udc22\u0302\ud835\udc26\ud835\udc29\ud835\udc28\ud835\udc2d\ud835\udc2b\ud835\udc22\ud835\udc2f\ud835\udc1a \ud835\udc1c\ud835\udc1e\ud835\udc25\ud835\udc28\ud835\udc2b\ud835\udc25\ud835\udc1a\ud835\udc25\ud835\udc2d\u0326\ud835\udc22 , \ud835\udc1c\ud835\udc2e \ud835\udc22\ud835\udc1d\ud835\udc1e\ud835\udc1e\ud835\udc1a \ud835\udc1c\ud835\udc1a \ud835\udc1d\ud835\udc28\ud835\udc1a\ud835\udc2b \ud835\udc2e\ud835\udc27 \ud835\udc20\ud835\udc2b\ud835\udc2e\ud835\udc29 \ud835\udc1a\ud835\udc27\ud835\udc2e\ud835\udc26\ud835\udc1e \ud835\udc2f\ud835\udc2b\ud835\udc1e\ud835\udc1a \ud835\udc1b\ud835\udc22\ud835\udc27\ud835\udc1e\ud835\udc25\ud835\udc1e \ud835\udc2d\ud835\udc1a\u0306\ud835\udc2b\ud835\udc22\ud835\udc22, \ud835\udc1c\ud835\udc1a\u0306 \ud835\udc1c\ud835\udc1e\ud835\udc22 \ud835\udc1c\ud835\udc2b\ud835\udc1e\ud835\udc1d\ud835\udc22\ud835\udc27\ud835\udc1c\ud835\udc22\ud835\udc28\ud835\udc2c\u0326\ud835\udc22 \ud835\udc2c\ud835\udc2e\ud835\udc27\ud835\udc2d \ud835\udc2b\ud835\udc1e\ud835\udc2d\ud835\udc2b\ud835\udc28\ud835\udc20\ud835\udc2b\ud835\udc1a\ud835\udc33\ud835\udc22, \ud835\udc1c\ud835\udc1a\u0306 \ud835\udc2d\ud835\udc2b\ud835\udc1e\ud835\udc1b\ud835\udc2e\ud835\udc22\ud835\udc1e \ud835\udc2c\ud835\udc1a\u0306 \ud835\udc1a\ud835\udc1c\ud835\udc1c\ud835\udc1e\ud835\udc29\ud835\udc2d\ud835\udc1a\u0306\ud835\udc26 \ud835\udc1f\ud835\udc1a\u0306\ud835\udc2b\ud835\udc1a\u0306 \ud835\udc1a \ud835\udc29\ud835\udc2e\ud835\udc27\ud835\udc1e \ud835\udc25\ud835\udc1a \ud835\udc22\u0302\ud835\udc27\ud835\udc1d\ud835\udc28\ud835\udc22\ud835\udc1a\ud835\udc25\ud835\udc1a\u0306 \ud835\udc1b\ud835\udc22\ud835\udc27\ud835\udc1e\ud835\udc25\ud835\udc1e-\ud835\udc2c\ud835\udc2e\ud835\udc29\ud835\udc2b\ud835\udc1e\ud835\udc26<\/em><em>\ud835\udc1a\ud835\udc1d\ud835\udc2e\ud835\udc2c \ud835\udc1d\ud835\udc1e \ud835\udc1e\ud835\udc22;<\/em><\/p>\n<p class=\"wp-block-paragraph\"><em>\ud835\udc2b\ud835\udc1e\ud835\udc2d\u0326\ud835\udc1e\ud835\udc2d\ud835\udc1a \ud835\udc1a\ud835\udc1c\ud835\udc1e\ud835\udc2c\ud835\udc2d\ud835\udc2e\ud835\udc22 \ud835\udc29\ud835\udc2b\ud835\udc1e-\ud835\udc2d\ud835\udc28\ud835\udc2d\ud835\udc1a\ud835\udc25\ud835\udc22\ud835\udc2d\ud835\udc1a\ud835\udc2b\ud835\udc22\ud835\udc2c\ud835\udc26 \ud835\udc1a\ud835\udc2b\ud835\udc1e \ud835\udc22\ud835\udc27\ud835\udc20\ud835\udc2b\ud835\udc1e\ud835\udc1d\ud835\udc22\ud835\udc1e\ud835\udc27\ud835\udc2d\ud835\udc1e \ud835\udc29\ud835\udc1e \ud835\udc1c\ud835\udc1a\ud835\udc2b\ud835\udc1e \ud835\udc25\ud835\udc1e \ud835\udc29\ud835\udc2e\ud835\udc2d\ud835\udc1e\ud835\udc26 \ud835\udc27\ud835\udc2e\ud835\udc26\ud835\udc22 \ud835\udc1c\ud835\udc2e \ud835\udc29\ud835\udc2b\ud835\udc1e\ud835\udc1c\ud835\udc22\ud835\udc33\ud835\udc22\ud835\udc1e.<\/em><\/p>\n<p class=\"wp-block-paragraph\"><em>\ud835\udc0f\ud835\udc2b\ud835\udc22\ud835\udc26\ud835\udc2e\ud835\udc25 \ud835\udc22\ud835\udc27\ud835\udc20\ud835\udc2b\ud835\udc1e\ud835\udc1d\ud835\udc22\ud835\udc1e\ud835\udc27\ud835\udc2d: \u00eensingurarea \u0219i atomizarea social\u0103.<\/em><\/p>\n<p class=\"wp-block-paragraph\"><em>Categorii \u00eentregi de oameni, in Rom\u00e2nia. \u00een estul Germaniei, \u00een multe alte tari europene, se simt neauzite, nedrept\u0103\u021bite, nereprezentate politic \u0219i social. Acest extremism de care se tot discut\u0103 ca \u0219i cum a ap\u0103rut din neant cre\u0219te pe fondul nemul\u021bumirii aleg\u0103torilor fa\u021b\u0103 de felul \u00een care guvernele gestioneaz\u0103 economii stagnante, dispre\u021bul pentru anumite categorii sociale, migra\u021bia- mai mult in Vest ca la noi, \u00eenc\u0103! Dar a \u00eenceput \u0219i la noi.<\/em><\/p>\n<p class=\"wp-block-paragraph\"><em>\ud835\udc00\ud835\udc25 \ud835\udc1d\ud835\udc28\ud835\udc22\ud835\udc25\ud835\udc1e\ud835\udc1a \ud835\udc22\ud835\udc27\ud835\udc20\ud835\udc2b\ud835\udc1e\ud835\udc1d\ud835\udc22\ud835\udc1e\ud835\udc27\ud835\udc2d: \ud835\udc29\ud835\udc22\ud835\udc1e\ud835\udc2b\ud835\udc1d\ud835\udc1e\ud835\udc2b\ud835\udc1e\ud835\udc1a \ud835\udc22\u0302\ud835\udc27\ud835\udc1c\ud835\udc2b\ud835\udc1e\ud835\udc1d\ud835\udc1e\ud835\udc2b\ud835\udc22\ud835\udc22 \ud835\udc22\u0302\ud835\udc27 \ud835\udc1c\ud835\udc1e\ud835\udc25\ud835\udc1a\u0306\ud835\udc25\ud835\udc1a\ud835\udc25\ud835\udc2d \ud835\udc2c\u0326\ud835\udc22 \ud835\udc22\u0302\ud835\udc27 \ud835\udc22\ud835\udc27\ud835\udc2c\ud835\udc2d\ud835\udc22\ud835\udc2d\ud835\udc2e\ud835\udc2d\u0326\ud835\udc22\ud835\udc22.<\/em><\/p>\n<p class=\"wp-block-paragraph\"><em>\ud835\udc00\ud835\udc25 \ud835\udc2d\ud835\udc2b\ud835\udc1e\ud835\udc22\ud835\udc25\ud835\udc1e\ud835\udc1a: \ud835\udc29\ud835\udc2b\ud835\udc28\ud835\udc29\ud835\udc1a\ud835\udc20\ud835\udc1a\ud835\udc27\ud835\udc1d\ud835\udc1a \ud835\udc2c\u0326\ud835\udc22 \ud835\udc1d\ud835\udc22\ud835\udc2c\ud835\udc29\ud835\udc28\ud835\udc27\ud835\udc22\ud835\udc1b\ud835\udc22\ud835\udc25\ud835\udc22\ud835\udc2d\ud835\udc1a\ud835\udc2d\ud835\udc1e\ud835\udc1a \ud835\udc27\ud835\udc28\ud835\udc1a\ud835\udc2c\ud835\udc2d\ud835\udc2b\ud835\udc1a\u0306 \ud835\udc1d\ud835\udc1e \ud835\udc1a \ud835\udc1c\ud835\udc2b\ud835\udc1e\ud835\udc1d\ud835\udc1e \ud835\udc26\ud835\udc22\ud835\udc27\ud835\udc1c\ud835\udc22\ud835\udc2e\ud835\udc27\ud835\udc22\ud835\udc25\ud835\udc1e \ud835\udc2e\ud835\udc2d\ud835\udc22\ud835\udc25\ud835\udc1e. Nu minciunile gogonate , acelea se demonteaz\u0103 singure , ci minciunile confortabile, cele care ne spun exact ce vrem s\u0103 auzim despre cine e de vin\u0103. Cineva ne spune repetitiv cine sunt du\u0219manii.<\/em><\/p>\n<p class=\"wp-block-paragraph\"><em>Scriitorul american Rod Dreher, care cina, acum c\u00e2\u021biva ani, cu o familie de ru\u0219i ortodoc\u0219i dintr-o suburbie a Moscovei poveste\u0219te \u00edn excelenta sa carte ,,S\u0103 nu tr\u0103ie\u0219ti \u00een minciun\u0103\u201d (Live Not by Lies), discu\u021bia cu ei.<\/em><\/p>\n<p class=\"wp-block-paragraph\"><em>\u201eNu \u00een\u021beleg cum a putut crede cineva ce promiteau bol\u0219evicii\u201d, a spus el<\/em><\/p>\n<p class=\"wp-block-paragraph\"><em>B\u0103tr\u00e2nul din capul mesei i-a r\u0103spuns cu trei sute de ani de istorie: elite bogate \u0219i puternice \u0219i-au tratat \u021b\u0103ranii doar cu pu\u021bin mai bine dec\u00e2t pe animale. Bol\u0219evicii erau r\u0103ul \u00eentruchipat, a \u00eencheiat el , dar se putea vedea de unde au venit. Au fost accepta\u021bi ca alternativ\u0103 disperat\u0103 la tratamentul celorlal\u021bi<\/em>.<\/p>\n<p class=\"wp-block-paragraph\"><em>Aceasta e lec\u021bia pe care Europa de azi refuz\u0103 cu obstina\u021bie s\u0103 o \u00eenve\u021be. Extremismul nu cade din cer. Cre\u0219te din p\u0103m\u00e2ntul pe care l-am l\u0103sat p\u00e2rloag\u0103: din regiuni abandonate, din oameni trata\u021bi ca cifre statistice, din decenii \u00een care a pune anumite \u00eentreb\u0103ri te costa mai mult dec\u00e2t valorau r\u0103spunsurile.<\/em><\/p>\n<p class=\"wp-block-paragraph\"><em>\u0218i mai e o lec\u021bie, foarte util\u0103; a lui Soljeni\u021b\u00een, scris\u0103 chiar \u00een ziua arest\u0103rii sale, \u00een februarie 1974: tirania nu se sprijin\u0103 doar pe for\u021b\u0103 brut\u0103. Supravie\u021buie\u0219te pentru c\u0103 oamenii accept\u0103 s\u0103 participe la minciun\u0103 , din fric\u0103, din comoditate, din oboseal\u0103 moral\u0103. Antidotul lui era dezarmant de simplu: nu ni se cere s\u0103 ie\u0219im \u00een pia\u021b\u0103 s\u0103 strig\u0103m adev\u0103rul; ni se cere doar s\u0103 refuz\u0103m s\u0103 spunem , s\u0103 sus\u021binem \u0219i s\u0103 propag\u0103m ceea ce nu g\u00e2ndim.<\/em><\/p>\n<p class=\"wp-block-paragraph\"><em>C\u00e2nd am plecat din Germania, am l\u0103sat in urm\u0103 o \u021bar\u0103 in care Bisericile au devenit cluburi de noapte, in care regulile erau pentru toti in afar\u0103 de imigran\u021bii din Asia si Africa , care aveau voie orice, inclusiv s\u0103 r\u0103stoarne ordinea social\u0103 a Germaniei. Am fost martora unor abuzuri incredibile pe str\u0103zile unor ora\u0219e care odinioar\u0103 erau floarea cea vestit\u0103 a culturii \u0219i civiliza\u021biei europene.<\/em><\/p>\n<p class=\"wp-block-paragraph\"><em>\ud835\udc00\ud835\udc2c\ud835\udc2d\ud835\udc1a \ud835\udc22\u0302\ud835\udc27\ud835\udc2c\ud835\udc1e\ud835\udc1a\ud835\udc26\ud835\udc27\ud835\udc1a\u0306, \ud835\udc29\ud835\udc1e\ud835\udc27\ud835\udc2d\ud835\udc2b\ud835\udc2e \ud835\udc04\ud835\udc2e\ud835\udc2b\ud835\udc28\ud835\udc29\ud835\udc1a \ud835\udc2c\u0326\ud835\udc22 \ud835\udc11\ud835\udc28\ud835\udc26\ud835\udc1a\u0302\ud835\udc27\ud835\udc22\ud835\udc1a \ud835\udc25\ud835\udc2e\ud835\udc22 \ud835\udfd0\ud835\udfce\ud835\udfd0\ud835\udfd4 \ud835\udc2b\ud835\udc1e\ud835\udc1f\ud835\udc2e\ud835\udc33\ud835\udc2e\ud835\udc25 \ud835\udc1d\ud835\udc1e \ud835\udc1a \ud835\udc2b\ud835\udc1e\ud835\udc29\ud835\udc1e\ud835\udc2d\ud835\udc1a \ud835\udc26\ud835\udc22\ud835\udc27\ud835\udc1c\ud835\udc22\ud835\udc2e\ud835\udc27\ud835\udc22\ud835\udc25\ud835\udc1e \ud835\udc1c\ud835\udc28\ud835\udc27\ud835\udc1f\ud835\udc28\ud835\udc2b\ud835\udc2d\ud835\udc1a\ud835\udc1b\ud835\udc22\ud835\udc25\ud835\udc1e \ud835\udc1a\ud835\udc25\ud835\udc1e \ud835\udc2e\ud835\udc27\ud835\udc2e\ud835\udc22 \ud835\udc1e\ud835\udc2c\ud835\udc2d\ud835\udc1a\ud835\udc1b\ud835\udc25\ud835\udc22\ud835\udc2c\ud835\udc21\ud835\udc26\ud835\udc1e\ud835\udc27\ud835\udc2d \ud835\udc1c\ud835\udc1a\ud835\udc2b\ud835\udc1e \ud835\udc29\ud835\udc2b\ud835\udc1e\ud835\udc1f\ud835\udc1e\ud835\udc2b\ud835\udc1a\u0306 \ud835\udc2c\ud835\udc1a\u0306 \ud835\udc1e\ud835\udc2d\ud835\udc22\ud835\udc1c\ud835\udc21\ud835\udc1e\ud835\udc2d\ud835\udc1e\ud835\udc33\ud835\udc1e \ud835\udc28 \ud835\udc29\ud835\udc1a\ud835\udc2b\ud835\udc2d\ud835\udc1e \ud835\udc1d\ud835\udc22\ud835\udc27 \ud835\udc1e\ud835\udc25\ud835\udc1e\ud835\udc1c\ud835\udc2d\ud835\udc28\ud835\udc2b\ud835\udc1a\ud835\udc2d \ud835\udc1d\ud835\udc2b\ud835\udc1e\ud835\udc29\ud835\udc2d \ud835\udc29\ud835\udc2b\ud835\udc28\ud835\udc1b\ud835\udc25\ud835\udc1e\ud835\udc26\ud835\udc1a\u0306 \ud835\udc26\ud835\udc28\ud835\udc2b\ud835\udc1a\ud835\udc25\ud835\udc1a\u0306, \ud835\udc22\u0302\ud835\udc27 \ud835\udc25\ud835\udc28\ud835\udc1c \ud835\udc2c\ud835\udc1a\u0306 \ud835\udc2c\ud835\udc1e \ud835\udc22\u0302\ud835\udc27\ud835\udc2d\ud835\udc2b\ud835\udc1e\ud835\udc1b\ud835\udc1e \ud835\udc1d\ud835\udc1e \ud835\udc1c\ud835\udc1e \ud835\udc25-\ud835\udc1a \ud835\udc29\ud835\udc22\ud835\udc1e\ud835\udc2b\ud835\udc1d\ud835\udc2e\ud835\udc2d. \ud835\udc04\ud835\udc2e\ud835\udc2b\ud835\udc28\ud835\udc29\ud835\udc1a \ud835\udc22-\ud835\udc1a \ud835\udc22\u0302\ud835\udc27\ud835\udc2d\ud835\udc28\ud835\udc2b\ud835\udc2c \ud835\udc2c\ud835\udc29\ud835\udc1a\ud835\udc2d\ud835\udc1e\ud835\udc25\ud835\udc1e \ud835\udc0b\ud835\udc2e\ud835\udc22 \ud835\udc03\ud835\udc2e\ud835\udc26\ud835\udc27\ud835\udc1e\ud835\udc33\ud835\udc1e\ud835\udc2e, \ud835\udc1a \ud835\udc22\u0302\ud835\udc27\ud835\udc2d\ud835\udc28\ud835\udc2b\ud835\udc2c \ud835\udc2c\ud835\udc29\ud835\udc1a\ud835\udc2d\ud835\udc1e\ud835\udc25\ud835\udc1e \ud835\udc28\ud835\udc1a\ud835\udc26\ud835\udc1e\ud835\udc27\ud835\udc22\ud835\udc25\ud835\udc28\ud835\udc2b \ud835\udc1c\ud835\udc1a\ud835\udc2b\ud835\udc1e \ud835\udc27\ud835\udc2e \ud835\udc2c\ud835\udc1e \ud835\udc2b\ud835\udc1e\ud835\udc20\ud835\udc1a\u0306\ud835\udc2c\ud835\udc1e\ud835\udc2c\ud835\udc1c \ud835\udc22\ud835\udc27 \ud835\udc22\ud835\udc1d\ud835\udc1e\ud835\udc28\ud835\udc25\ud835\udc28\ud835\udc20\ud835\udc22\ud835\udc1a \ud835\udc2c\u0326\ud835\udc22 \ud835\udc22\u0302\ud835\udc27 \ud835\udc2f\ud835\udc28\ud835\udc22\ud835\udc27\ud835\udc2d\u0326\ud835\udc1a \ud835\udc2d\ud835\udc28\ud835\udc2d\ud835\udc1a\ud835\udc25\ud835\udc22\ud835\udc2d\ud835\udc1a\ud835\udc2b\ud835\udc22\ud835\udc2c\ud835\udc26\ud835\udc2e\ud835\udc25\ud835\udc2e\ud835\udc22 \ud835\udc1d\ud835\udc1e \ud835\udc26\ud835\udc1a\u0306\ud835\udc2d\ud835\udc1a\ud835\udc2c\ud835\udc1e, \ud835\udc1c\ud835\udc1a\ud835\udc2b\ud835\udc1e , \ud835\udc1a \ud835\udc22\u0302\ud835\udc27\ud835\udc1c\ud835\udc1e\ud835\udc29\ud835\udc2e\ud835\udc2d \ud835\udc2c\ud835\udc1a\u0306 \ud835\udc2c\ud835\udc1e \ud835\udc2d\u0326\ud835\udc1e\ud835\udc1a\ud835\udc2c\ud835\udc1a\u0306 \ud835\udc2c\u0326\ud835\udc22 \ud835\udc25\ud835\udc1a \ud835\udc27\ud835\udc28\ud835\udc22. \ud835\udc12\u0326\ud835\udc22 \ud835\udc27\ud835\udc2e, \ud835\udc27\ud835\udc2e \ud835\udc2c\ud835\udc2e\ud835\udc27\ud835\udc2d \ud835\udc1d\ud835\udc1e \ud835\udc2f\ud835\udc22\ud835\udc27\ud835\udc1a\u0306 \ud835\udc28\ud835\udc1a\ud835\udc26\ud835\udc1e\ud835\udc27\ud835\udc22\ud835\udc22.<\/em><\/p>\n<p class=\"wp-block-paragraph\"><em>\ud835\udc00\ud835\udc2d\ud835\udc1e\ud835\udc27\ud835\udc2d\u0326\ud835\udc22\ud835\udc1e \ud835\udc26\ud835\udc1a\ud835\udc2b\ud835\udc1e \ud835\udc25\ud835\udc1a \ud835\udc29\ud835\udc28\ud835\udc25\ud835\udc22\ud835\udc2d\ud835\udc22\ud835\udc1c\ud835\udc22\ud835\udc1e\ud835\udc27\ud835\udc22\ud835\udc22 \ud835\udc1c\ud835\udc1a\ud835\udc2b\ud835\udc1e \ud835\udc27\ud835\udc2e\ud835\udc26\ud835\udc1e\ud835\udc2c\ud835\udc1c \ud835\udc1d\ud835\udc22\ud835\udc2b\ud835\udc1e\ud835\udc1c\ud835\udc2d \ud835\udc2c\ud835\udc1a\ud835\udc2e \ud835\udc22\ud835\udc27\ud835\udc1d\ud835\udc22\ud835\udc2b\ud835\udc1e\ud835\udc1c\ud835\udc2d \ud835\udc1c\ud835\udc1e\ud835\udc2d\ud835\udc1a\u0306\ud835\udc2d\u0326\ud835\udc1e\ud835\udc27\ud835\udc22\ud835\udc22 \ud835\udc1c\ud835\udc1a\ud835\udc2b\ud835\udc1e \ud835\udc27\ud835\udc2e \ud835\udc2c\ud835\udc2e\ud835\udc27\ud835\udc2d \ud835\udc1d\ud835\udc1e \ud835\udc1a\ud835\udc1c\ud835\udc28\ud835\udc2b\ud835\udc1d \ud835\udc1c\ud835\udc2e \ud835\udc1e\ud835\udc22 \u0219i \ud835\udc1c\ud835\udc2e \ud835\udc1a\ud835\udc20\ud835\udc1e\ud835\udc27\ud835\udc1d\ud835\udc1a \ud835\udc25\ud835\udc28\ud835\udc2b ,,\ud835\udc1e\ud835\udc31\ud835\udc2d\ud835\udc2b\ud835\udc1e\ud835\udc26\ud835\udc22\ud835\udc2c\u0326\ud835\udc2d\ud835\udc22\u201d \ud835\udc1c\ud835\udc21\ud835\udc22\ud835\udc1a\ud835\udc2b \ud835\udc1e\ud835\udc22 \ud835\udc2c\ud835\udc2e\ud835\udc27\ud835\udc2d \ud835\udc1a\ud835\udc2b\ud835\udc2d\ud835\udc22\ud835\udc33\ud835\udc1a\ud835\udc27\ud835\udc22\ud835\udc22 \ud835\udc2d\ud835\udc28\ud835\udc2d\ud835\udc1a\ud835\udc25\ud835\udc22\ud835\udc2d\ud835\udc1a\ud835\udc2b\ud835\udc22\ud835\udc2c\ud835\udc26\ud835\udc2e\ud835\udc25\ud835\udc2e\ud835\udc22 \ud835\udc1d\ud835\udc1e \ud835\udc26\ud835\udc1a\u0306\ud835\udc2d\ud835\udc1a\ud835\udc2c\ud835\udc1e !<\/em>,<\/p>\n<p class=\"has-text-align-right wp-block-paragraph\"><strong>deputat PSD, Oana Matache<\/strong><\/p>\n<div class=\"herald-share-content\">\n<div class=\"meks_ess layout-5-1 transparent no-labels solid\"><a href=\"https:\/\/buzaulinreportaje.ro\/p-cine-sunt-extremistii-europei-si-cine-autorii-totalitarismului-de-matase\/\" class=\"meks_ess-item socicon-facebook\" data-url=\"http:\/\/www.facebook.com\/sharer\/sharer.php?u=https%3A%2F%2Fbuzaulinreportaje.ro%2Fp-cine-sunt-extremistii-europei-si-cine-autorii-totalitarismului-de-matase%2F&amp;t=%28P%29%20Cine%20sunt%20%E2%80%9Cextremi%C8%99tii%E2%80%9D%20Europei%20%C8%99i%20cine%20autorii%20totalitarismului%20de%20m%C4%83tase%3F\"><span>Facebook<\/span><\/a><a href=\"https:\/\/api.whatsapp.com\/send?text=%28P%29%20Cine%20sunt%20%E2%80%9Cextremi%C8%99tii%E2%80%9D%20Europei%20%C8%99i%20cine%20autorii%20totalitarismului%20de%20m%C4%83tase%3F%20https%3A%2F%2Fbuzaulinreportaje.ro%2Fp-cine-sunt-extremistii-europei-si-cine-autorii-totalitarismului-de-matase%2F\" class=\"meks_ess-item socicon-whatsapp prevent-share-popup\"><span>WhatsApp<\/span><\/a><a href=\"https:\/\/buzaulinreportaje.ro\/p-cine-sunt-extremistii-europei-si-cine-autorii-totalitarismului-de-matase\/\" class=\"meks_ess-item socicon-twitter\" data-url=\"http:\/\/twitter.com\/intent\/tweet?url=https%3A%2F%2Fbuzaulinreportaje.ro%2Fp-cine-sunt-extremistii-europei-si-cine-autorii-totalitarismului-de-matase%2F&amp;text=%28P%29%20Cine%20sunt%20%E2%80%9Cextremi%C8%99tii%E2%80%9D%20Europei%20%C8%99i%20cine%20autorii%20totalitarismului%20de%20m%C4%83tase%3F\"><span>X<\/span><\/a><\/div>\n<\/div>\n<\/div>\n<p>[analyse_source url=&#8221;https:\/\/buzaulinreportaje.ro\/p-cine-sunt-extremistii-europei-si-cine-autorii-totalitarismului-de-matase\/&#8221;]<\/p>\n","protected":false},"excerpt":{"rendered":"<p>[analyse_image type=&#8221;featured&#8221; src=&#8221;https:\/\/buzaulinreportaje.ro\/wp-content\/uploads\/2026\/07\/Oana-2.jpeghttps:\/\/buzaulinreportaje.ro\/wp-content\/uploads\/2026\/07\/Oana-2.jpeg&#8221;] Europa rece, din ce \u00een ce mai \u00eensingurat\u0103 \u0219i \u00een continu\u0103 deriv\u0103 a echilibrului, prin ochii unui politician t\u00e2n\u0103r, aflat la primul mandat \u00een Parlamentul Rom\u00e2niei sau c\u00e2nd oficialii mediului politic provin dintre oamenii simpli\u2026 \ud835\udc13\ud835\udc28\ud835\udc2d\ud835\udc1a\ud835\udc25\ud835\udc22\ud835\udc2d\ud835\udc1a\ud835\udc2b\ud835\udc22\ud835\udc2c\ud835\udc26\ud835\udc2e\ud835\udc25 \ud835\udc1d\ud835\udc1e \ud835\udc26\ud835\udc1a\u0306\ud835\udc2d\ud835\udc1a\ud835\udc2c\ud835\udc1e \ud835\udc1d\ud835\udc22\ud835\udc27 \ud835\udc04\ud835\udc2e\ud835\udc2b\ud835\udc28\ud835\udc29\ud835\udc1a \ud835\udc2c\u0326\ud835\udc22 \ud835\udc1d\ud835\udc22\ud835\udc27 \ud835\udc11\ud835\udc28\ud835\udc26\ud835\udc1a\u0302\ud835\udc27\ud835\udc22\ud835\udc1a \ud835\udc04\ud835\udc31\ud835\udc2d\ud835\udc2b\ud835\udc1e\ud835\udc26\ud835\udc22\ud835\udc2c\u0326\ud835\udc2d\ud835\udc22\ud835\udc22 \ud835\udc1c\ud835\udc1a\ud835\udc2b\ud835\udc1e \ud835\udc22\u0302\ud835\udc2c\u0326\ud835\udc22 \ud835\udc27\ud835\udc2e\ud835\udc26\ud835\udc1e\ud835\udc2c\ud835\udc1c \ud835\udc1c\ud835\udc1e\ud835\udc2d\ud835\udc1a\u0306\ud835\udc2d\u0326\ud835\udc1e\ud835\udc27\ud835\udc22\ud835\udc22 \ud835\udc1c\ud835\udc1a\ud835\udc2b\ud835\udc1e \ud835\udc27\ud835\udc2e \ud835\udc2c\ud835\udc1e \ud835\udc2c\ud835\udc2e\ud835\udc29\ud835\udc2e\ud835\udc27 [&hellip;]<\/p>\n","protected":false},"author":1,"featured_media":0,"comment_status":"open","ping_status":"","sticky":false,"template":"","format":"standard","meta":{"footnotes":""},"categories":[2],"tags":[59,226],"class_list":["post-2027458","post","type-post","status-publish","format-standard","hentry","category-politics","tag-buzaulinreportaje-ro","tag-crawlmanager"],"_links":{"self":[{"href":"https:\/\/analyse.optim.biz\/index.php?rest_route=\/wp\/v2\/posts\/2027458","targetHints":{"allow":["GET"]}}],"collection":[{"href":"https:\/\/analyse.optim.biz\/index.php?rest_route=\/wp\/v2\/posts"}],"about":[{"href":"https:\/\/analyse.optim.biz\/index.php?rest_route=\/wp\/v2\/types\/post"}],"author":[{"embeddable":true,"href":"https:\/\/analyse.optim.biz\/index.php?rest_route=\/wp\/v2\/users\/1"}],"replies":[{"embeddable":true,"href":"https:\/\/analyse.optim.biz\/index.php?rest_route=%2Fwp%2Fv2%2Fcomments&post=2027458"}],"version-history":[{"count":0,"href":"https:\/\/analyse.optim.biz\/index.php?rest_route=\/wp\/v2\/posts\/2027458\/revisions"}],"wp:attachment":[{"href":"https:\/\/analyse.optim.biz\/index.php?rest_route=%2Fwp%2Fv2%2Fmedia&parent=2027458"}],"wp:term":[{"taxonomy":"category","embeddable":true,"href":"https:\/\/analyse.optim.biz\/index.php?rest_route=%2Fwp%2Fv2%2Fcategories&post=2027458"},{"taxonomy":"post_tag","embeddable":true,"href":"https:\/\/analyse.optim.biz\/index.php?rest_route=%2Fwp%2Fv2%2Ftags&post=2027458"}],"curies":[{"name":"wp","href":"https:\/\/api.w.org\/{rel}","templated":true}]}}