{"id":202745,"date":"2014-06-19T10:09:07","date_gmt":"2014-06-19T07:09:07","guid":{"rendered":"https:\/\/analyse.optim.biz\/?p=202745"},"modified":"2014-06-19T10:09:07","modified_gmt":"2014-06-19T07:09:07","slug":"cazul-mircea-basescu-bercea-mondial-victor-ponta-orice-presedinte-in-fata-unei-asemenea-situatii-ar-trebui-sa-demisioneze-imediat","status":"publish","type":"post","link":"https:\/\/analyse.optim.biz\/?p=202745","title":{"rendered":"Cazul Mircea B\u0103sescu-Bercea Mondial. Victor Ponta: Orice pre\u0219edinte, \u00een fa\u021ba unei asemenea situa\u021bii, ar trebui s\u0103 demisioneze imediat"},"content":{"rendered":"<div class=\"entry data-app-meta data-app-meta-article\" data-embed-base-url-canonical=\"https:\/\/www.digi24.ro\/embed\/stiri\/actualitate\/politica\/cazul-mircea-basescu-bercea-mondial-victor-ponta-orice-presedinte-in-fata-unei-asemenea-situatii-ar-trebui-sa-demisioneze-imediat-258215\">\n<p data-index=\"1\"><strong>Actualizare 10:25:<\/strong> Deocamdat\u0103, Traian B\u0103sescu nu a f\u0103cut niciul fel de declara\u021bie despre acest caz, de altfel, ultima declara\u021bie public\u0103 a \u0219efului statului a fost acum trei s\u0103pt\u0103m\u00e2ni, la alegerile europarlamentare.<\/p>\n<p data-index=\"2\">Alina Manolache, reporter Digi24, relateaz\u0103 c\u0103 purt\u0103torul de cuv\u00e2nt al Administra\u021biei Preziden\u021biale a spus c\u0103, dac\u0103 Traian B\u0103sescu va avea ceva de comunicat, va transmite \u00eentregii prese.<\/p>\n<hr>\n<p data-index=\"3\">\u201e<span>Nu am v\u0103zut o implicare direct\u0103 a pre\u0219edintelui B\u0103sescu, dar am v\u0103zut un caz foarte clar de trafic de influen\u021b\u0103 realizat de c\u0103tre fratele pre\u0219edintelui\u201d, a spus Victor Ponta.<\/span><\/p>\n<p data-index=\"4\">\u201e<span>Este un moment \u00een care institu\u021biile de justi\u021bie pot s\u0103 dea marele examen al independen\u021bei\u201d<\/span><\/p>\n<p data-index=\"5\">\u201e<span>Cred c\u0103 pre\u0219edintele Rom\u00e2niei, \u0219i nu doar pre\u0219edintele Rom\u00e2niei, ci orice pre\u0219edinte dintr-o \u021bar\u0103 european\u0103 \u00een fa\u021ba unei asemenea situa\u021bii, tocmai pentru a nu arunca o umbr\u0103 de \u00eendoial\u0103 asupra justi\u021biei ar trebui s\u0103 demisioneze imediat, \u00een a\u0219a fel \u00eenc\u00e2t nimeni s\u0103 nu poat\u0103 s\u0103 considere c\u0103 din pozi\u021bia pe care o ocup\u0103, c\u0103 p\u00e2n\u0103 la urma este persoana care a numit \u00een func\u021bie \u0219i \u0219eful DNA, \u0219i procurorul general, poate s\u0103 influen\u021beze desf\u0103\u0219urarea normal\u0103 a anchetei\u201d, a declarat premierul Ponta.<\/span><\/p>\n<p data-index=\"6\">El a men\u021bionat \u00eens\u0103 c\u0103 acest caz nu-l acuz\u0103 direct pe Traian B\u0103sescu, dar \u00eel acuz\u0103 pe fratelui acestuia. Totodat\u0103, a dat cazul pre\u0219edintelui Germaniei, \u201ecare a demisionat din func\u021bie pentru un lucru mult mai pu\u021bin grav\u201d.<\/p>\n<p data-index=\"7\">\u201e<span>C\u0103 termin\u0103 \u00een noiembrie sau c\u0103 termin\u0103 acum&#8230; pentru credibilitatea justi\u021biei \u00een fa\u021ba rom\u00e2nilor, pentru \u00eencrederea c\u0103 nimeni nu este mai presus de aplicarea legii, catergoric aceasta ar fi cea mai bun\u0103 decizie. Pre\u0219edintele a vorbit mereu c\u00e2t de important\u0103 este independen\u021ba \u0219i prestigiul justi\u021biei, ori acum este momentul \u00een care el \u00eensu\u0219i trebui s\u0103 sprijine prestigiul \u0219i independen\u021ba justi\u021biei \u0219i s\u0103 renun\u021be la func\u021bia din care orice rom\u00e2n poate s\u0103 cread\u0103 c\u0103, \u00eentr-un fel sau altul, influean\u021beaz\u0103 aflarea adev\u0103rului \u0219i sanc\u021bionarea celor vinova\u021bi\u201d, a mai spus Victor Ponta.<\/span><\/p>\n<p data-index=\"8\">Pre\u0219edintele PSD a men\u021bionat c\u0103, \u201edac\u0103 pre\u0219edintele \u021b\u0103rii a f\u0103cut ceva\u201d, este luat\u0103 \u00een calcul suspendarea din func\u021bie.\u00a0<\/p>\n<p data-index=\"9\">\u201eDin ce am v\u0103zut, n-a f\u0103cut el ceva\u201d, a subliniat \u0219eful Guvernului, care a ad\u0103ugat c\u0103 nu ar fi un gest de onoare, ci un gest de ap\u0103rare a justi\u021biei.<\/p>\n<\/div>\n<p> Source URL: https:\/\/www.digi24.ro\/stiri\/actualitate\/politica\/cazul-mircea-basescu-bercea-mondial-victor-ponta-orice-presedinte-in-fata-unei-asemenea-situatii-ar-trebui-sa-demisioneze-imediat-258215<\/p>\n","protected":false},"excerpt":{"rendered":"<p>Actualizare 10:25: Deocamdat\u0103, Traian B\u0103sescu nu a f\u0103cut niciul fel de declara\u021bie despre acest caz, de altfel, ultima declara\u021bie public\u0103 a \u0219efului statului a fost acum trei s\u0103pt\u0103m\u00e2ni, la alegerile europarlamentare. Alina Manolache, reporter Digi24, relateaz\u0103 c\u0103 purt\u0103torul de cuv\u00e2nt al Administra\u021biei Preziden\u021biale a spus c\u0103, dac\u0103 Traian B\u0103sescu va avea ceva de comunicat, va [&hellip;]<\/p>\n","protected":false},"author":1,"featured_media":202746,"comment_status":"open","ping_status":"","sticky":false,"template":"","format":"standard","meta":{"footnotes":""},"categories":[2],"tags":[11],"class_list":["post-202745","post","type-post","status-publish","format-standard","has-post-thumbnail","hentry","category-politics","tag-digi24"],"_links":{"self":[{"href":"https:\/\/analyse.optim.biz\/index.php?rest_route=\/wp\/v2\/posts\/202745","targetHints":{"allow":["GET"]}}],"collection":[{"href":"https:\/\/analyse.optim.biz\/index.php?rest_route=\/wp\/v2\/posts"}],"about":[{"href":"https:\/\/analyse.optim.biz\/index.php?rest_route=\/wp\/v2\/types\/post"}],"author":[{"embeddable":true,"href":"https:\/\/analyse.optim.biz\/index.php?rest_route=\/wp\/v2\/users\/1"}],"replies":[{"embeddable":true,"href":"https:\/\/analyse.optim.biz\/index.php?rest_route=%2Fwp%2Fv2%2Fcomments&post=202745"}],"version-history":[{"count":0,"href":"https:\/\/analyse.optim.biz\/index.php?rest_route=\/wp\/v2\/posts\/202745\/revisions"}],"wp:featuredmedia":[{"embeddable":true,"href":"https:\/\/analyse.optim.biz\/index.php?rest_route=\/wp\/v2\/media\/202746"}],"wp:attachment":[{"href":"https:\/\/analyse.optim.biz\/index.php?rest_route=%2Fwp%2Fv2%2Fmedia&parent=202745"}],"wp:term":[{"taxonomy":"category","embeddable":true,"href":"https:\/\/analyse.optim.biz\/index.php?rest_route=%2Fwp%2Fv2%2Fcategories&post=202745"},{"taxonomy":"post_tag","embeddable":true,"href":"https:\/\/analyse.optim.biz\/index.php?rest_route=%2Fwp%2Fv2%2Ftags&post=202745"}],"curies":[{"name":"wp","href":"https:\/\/api.w.org\/{rel}","templated":true}]}}