{"id":2027413,"date":"2026-07-04T14:51:23","date_gmt":"2026-07-04T11:51:23","guid":{"rendered":"https:\/\/analyse.optim.biz\/?p=2027413"},"modified":"2026-07-04T14:51:23","modified_gmt":"2026-07-04T11:51:23","slug":"salva-de-tun-si-costume-de-epoca-la-ceremonia-schimbului-de-garda-de-la-timisoara-la-ce-ora-are-loc-evenimentul","status":"publish","type":"post","link":"https:\/\/analyse.optim.biz\/?p=2027413","title":{"rendered":"Salv\u0103 de tun \u0219i costume de epoc\u0103 la ceremonia Schimbului de Gard\u0103 de la Timi\u0219oara. La ce or\u0103 are loc evenimentul"},"content":{"rendered":"<p>[analyse_image type=&#8221;featured&#8221; src=&#8221;https:\/\/www.opiniatimisoarei.ro\/wp-content\/uploads\/2026\/07\/schimb-garda-cetate-728&#215;336.pnghttps:\/\/www.opiniatimisoarei.ro\/wp-content\/uploads\/2026\/07\/schimb-garda-cetate.png&#8221;]<\/p>\n<div class=\"the_content\">\n<p><strong>TIMISOARA.<\/strong> Cu toate c\u0103 \u00een ora\u0219 sunt \u00een plin\u0103 desf\u0103\u0219urare Festivalul Inimilor \u0219i JAZZX, timi\u0219orenii sunt a\u0219tepta\u021bi \u0219i la un spectacol din alte timpuri, \u00een Pia\u021ba Unirii.<\/p>\n<p><strong><span>CITE\u0218TE \u0218I:<\/span><a href=\"https:\/\/www.opiniatimisoarei.ro\/andrei-spitzer-antrenorul-nascut-la-timisoara-mort-in-noaptea-neagra-a-jocurilor-olimpice-video\/04\/07\/2026\">Andrei Spitzer, antrenorul n\u0103scut la Timi\u0219oara, mort \u00een \u2018noaptea neagr\u0103\u2019 a Jocurilor Olimpice. VIDEO<\/a><\/strong><\/p>\n<p>Reprezentan\u021bii Asocia\u021biei Reconstituiri Istorice Timi\u0219oara organizeaz\u0103 \u00een acest weekend un nou schimb de gard\u0103 \u00een Cetate.<\/p>\n<blockquote>\n<p>\u201c<strong>Dragi prieteni ai Regimentului de Gard\u0103 Timi\u0219oara v\u0103 invit\u0103m m\u00e2ine duminic\u0103 5 iulie la ora 20,30 \u00een Pia\u021ba Unirii la o nou\u0103 \u00eent\u00e2lnire cu trupa noastr\u0103.<\/strong><br \/><strong>Acum 310 ani luptele dintre imperii au n\u0103scut o nou\u0103 regiune, o noua lume Banatul \u2013 Timi\u0219oarei<\/strong>\u201c, transmis reprezentan\u021bii Asocia\u021biei Reconstituiri Istorice.<\/p>\n<\/blockquote>\n<p>V\u0103 reamintim, de ani buni, din prim\u0103var\u0103 p\u00e2n\u0103 \u00een toamn\u0103, \u00een cadrul unui proiect de voluntariat, cavaleri \u00eembr\u0103ca\u021bi \u00een costume ca pe vremea prin\u021bului Eugeniu de Savoya, \u00eearma\u021bi \u0219i purt\u00e2nd tobe \u0219i steaguri, pot fi v\u0103zu\u021bi \u00een cadrul spectacolului schimbului de gard\u0103 de la Timi\u0219oara, a\u0219a cum se \u00eent\u00e2mpl\u0103 \u0219i \u00een alte ora\u0219e cetate, vizitate de turi\u0219ti, \u00een toat\u0103 Europa.<\/p>\n<p>***<\/p>\n<p><strong><span class=\"dia_suggestion w0\">Mai<\/span>\u00a0<span class=\"dia_suggestion w1\">multe<\/span>\u00a0<span class=\"dia_suggestion w2\">g\u0103si\u021bi<\/span>\u00a0pe\u00a0<span class=\"dia_suggestion w4\">pagina noastr<span class=\"dia_suggestion w0\">\u0103<\/span><\/span>\u00a0de\u00a0<a href=\"https:\/\/www.facebook.com\/OpiniaTM\/?ref=page_internal\" target=\"_blank\" rel=\"noopener\">Facebook opiniatimisoarei.ro<\/a>!<\/strong><\/p>\n<p><strong><span class=\"dia_suggestion w0\">Dac\u0103<\/span>\u00a0<span class=\"dia_suggestion w1\">a\u021bi<\/span>\u00a0fost martorii unui eveniment\u00a0<span class=\"dia_suggestion w6\">sau<\/span>\u00a0<span class=\"dia_suggestion w7\">ai<\/span>\u00a0unei\u00a0<span class=\"dia_suggestion w9\">situa\u021bii<\/span>\u00a0<span class=\"dia_suggestion w10\">neobi\u0219nuite<\/span>\u00a0<span class=\"dia_suggestion w11\">care<\/span>\u00a0ar\u00a0<span class=\"dia_suggestion w13\">putea<\/span>\u00a0deveni subiect de\u00a0<span class=\"dia_suggestion w17\">\u0219tire<\/span>,\u00a0<span class=\"dia_suggestion w18\">contacta\u021bi<\/span>-ne\u00a0<span class=\"dia_suggestion w20\">la<\/span>\u00a0<a href=\"https:\/\/www.opiniatimisoarei.ro\/cdn-cgi\/l\/email-protection\" class=\"__cf_email__\" data-cfemail=\"b8cadddcd9dbccd1ddf8d7c8d1d6d1d9ccd1d5d1cbd7d9caddd196cad7\">[email\u00a0protected]<\/a>,\u00a0 pe\u00a0<a href=\"https:\/\/www.facebook.com\/OpiniaTM\">FB<\/a>\u00a0sau pe contul nostru de\u00a0<a href=\"https:\/\/www.instagram.com\/opiniatimisoarei.ro\/\" target=\"_blank\" rel=\"noopener\">Instagram<\/a>!<\/strong><\/p>\n<p><strong><span>CITESTE SI:<\/span>\u00a0<a href=\"https:\/\/www.opiniatimisoarei.ro\/afli-primul-tot-ceea-ce-se-intampla-cu-adevarat-important-in-timisoara-si-in-regiune-cu-aplicatia-de-stiri-opinia-timisoarei-3-tipuri-de-alerte-te-tin-mereu-conectat-la-evenimente-descarca-gratuit-a\/31\/10\/2022\">Afli primul tot ceea ce se intampla cu adevarat important in Timisoara si in regiune cu Aplicatia de stiri Opinia Timisoarei. 3 tipuri de alerte te tin mereu conectat la evenimente. Descarca gratuit Aplicatia OT aici!<\/a><\/strong><\/p>\n<\/div>\n<p>[analyse_source url=&#8221;https:\/\/www.opiniatimisoarei.ro\/salva-de-tun-si-costume-de-epoca-la-ceremonia-schimbului-de-garda-de-la-timisoara-la-ce-ora-are-loc-evenimentul\/04\/07\/2026&#8243;]<\/p>\n","protected":false},"excerpt":{"rendered":"<p>[analyse_image type=&#8221;featured&#8221; src=&#8221;https:\/\/www.opiniatimisoarei.ro\/wp-content\/uploads\/2026\/07\/schimb-garda-cetate-728&#215;336.pnghttps:\/\/www.opiniatimisoarei.ro\/wp-content\/uploads\/2026\/07\/schimb-garda-cetate.png&#8221;] TIMISOARA. Cu toate c\u0103 \u00een ora\u0219 sunt \u00een plin\u0103 desf\u0103\u0219urare Festivalul Inimilor \u0219i JAZZX, timi\u0219orenii sunt a\u0219tepta\u021bi \u0219i la un spectacol din alte timpuri, \u00een Pia\u021ba Unirii. CITE\u0218TE \u0218I:Andrei Spitzer, antrenorul n\u0103scut la Timi\u0219oara, mort \u00een \u2018noaptea neagr\u0103\u2019 a Jocurilor Olimpice. VIDEO Reprezentan\u021bii Asocia\u021biei Reconstituiri Istorice Timi\u0219oara organizeaz\u0103 \u00een acest weekend un [&hellip;]<\/p>\n","protected":false},"author":1,"featured_media":0,"comment_status":"open","ping_status":"","sticky":false,"template":"","format":"standard","meta":{"footnotes":""},"categories":[89],"tags":[226,190],"class_list":["post-2027413","post","type-post","status-publish","format-standard","hentry","category-romania","tag-crawlmanager","tag-opiniatimisoarei-ro"],"_links":{"self":[{"href":"https:\/\/analyse.optim.biz\/index.php?rest_route=\/wp\/v2\/posts\/2027413","targetHints":{"allow":["GET"]}}],"collection":[{"href":"https:\/\/analyse.optim.biz\/index.php?rest_route=\/wp\/v2\/posts"}],"about":[{"href":"https:\/\/analyse.optim.biz\/index.php?rest_route=\/wp\/v2\/types\/post"}],"author":[{"embeddable":true,"href":"https:\/\/analyse.optim.biz\/index.php?rest_route=\/wp\/v2\/users\/1"}],"replies":[{"embeddable":true,"href":"https:\/\/analyse.optim.biz\/index.php?rest_route=%2Fwp%2Fv2%2Fcomments&post=2027413"}],"version-history":[{"count":0,"href":"https:\/\/analyse.optim.biz\/index.php?rest_route=\/wp\/v2\/posts\/2027413\/revisions"}],"wp:attachment":[{"href":"https:\/\/analyse.optim.biz\/index.php?rest_route=%2Fwp%2Fv2%2Fmedia&parent=2027413"}],"wp:term":[{"taxonomy":"category","embeddable":true,"href":"https:\/\/analyse.optim.biz\/index.php?rest_route=%2Fwp%2Fv2%2Fcategories&post=2027413"},{"taxonomy":"post_tag","embeddable":true,"href":"https:\/\/analyse.optim.biz\/index.php?rest_route=%2Fwp%2Fv2%2Ftags&post=2027413"}],"curies":[{"name":"wp","href":"https:\/\/api.w.org\/{rel}","templated":true}]}}