{"id":2027407,"date":"2026-06-30T12:05:17","date_gmt":"2026-06-30T09:05:17","guid":{"rendered":"https:\/\/analyse.optim.biz\/?p=2027407"},"modified":"2026-06-30T12:05:17","modified_gmt":"2026-06-30T09:05:17","slug":"solutie-anti-canicula-pentru-transportul-in-comun-din-timisoara-pe-unele-tronsoane-inca-nu-circula-tramvaiele-video","status":"publish","type":"post","link":"https:\/\/analyse.optim.biz\/?p=2027407","title":{"rendered":"Solu\u021bie anti canicul\u0103 pentru transportul \u00een comun din Timi\u0219oara. Pe unele tronsoane \u00eenc\u0103 nu circul\u0103 tramvaiele. VIDEO"},"content":{"rendered":"<p>[analyse_image type=&#8221;featured&#8221; src=&#8221;https:\/\/www.opiniatimisoarei.ro\/wp-content\/uploads\/2026\/06\/colatramvaie-sine-nisip-728&#215;336.pnghttps:\/\/www.opiniatimisoarei.ro\/wp-content\/uploads\/2026\/06\/colatramvaie-sine-nisip.png&#8221;]<\/p>\n<div class=\"the_content\">\n<p><strong>TIMISOARA.<\/strong> STPT a g\u0103sit o solu\u021bie pentru a evita noi probleme \u00een circula\u021bia tramvaielor, dup\u0103 ce luni mai multe garnituri au r\u0103mas blocate din pricina topirii masticului, materialul gumant turnat l\u00e2ng\u0103 \u0219ine.<\/p>\n<p><strong><span>CITE\u0218TE \u0218I:<\/span><a href=\"https:\/\/www.opiniatimisoarei.ro\/tramvaie-blocate-la-timisoara-din-cauza-caldurii-temperaturile-ridicate-au-topit-masticul-turnat-langa-sine-pe-mai-multe-linii-vor-circula-autobuze-in-zilele-urmatoare-video\/29\/06\/2026\">Tramvaie blocate la Timi\u0219oara din cauza c\u0103ldurii. Temperaturile ridicate au topit masticul turnat l\u00e2ng\u0103 \u0219ine. Pe mai multe linii vor circula autobuze \u00een zilele urm\u0103toare. VIDEO<\/a><\/strong><\/p>\n<p>Angaja\u021bii companiei au folosit nisip alb, care a fost pus pe linii, pentru ca acestea s\u0103 nu se mai \u00eencing\u0103 at\u00e2t de tare \u0219i s\u0103 ajute la topirea masticului, care s\u0103 ajung\u0103 mai apoi pe ro\u021bile tramvaielor.<\/p>\n<p>Metoda a fost aplicat\u0103 \u00een mai multe zone din ora\u0219.<\/p>\n<iframe loading=\"lazy\" src=\"https:\/\/www.facebook.com\/plugins\/video.php?height=314&amp;href=https%3A%2F%2Fwww.facebook.com%2Freel%2F1521333263018599%2F&amp;show_text=false&amp;width=560&amp;t=0\" width=\"560\" height=\"314\" frameborder scrolling=\"no\" allowfullscreen=\"allowfullscreen\"><\/iframe>\n<p>STPT a anun\u021bat mar\u021bi c\u0103 circula\u021bia garniturilor c\u0103tre Gara de Nord este \u00een continuare \u00eenchis\u0103.<\/p>\n<blockquote>\n<p>\u201c<strong>Circula\u021bia se desf\u0103\u0219oar\u0103 astfel:<\/strong><br \/><strong>\u2022 Linia 1: D\u00e2mbovi\u021ba \u2013 Torontal;<\/strong><br \/><strong>\u2022 Linia 2: Shopping City \u2013 Torontal;<\/strong><br \/><strong>\u2022 Linia 5: D\u00e2mbovi\u021ba \u2013 Rona\u021b;<\/strong><br \/><strong>\u2022 Linia 4 \u0219i 7: circul\u0103 pe traseul normal;<\/strong><br \/><strong>\u2022 Liniile 8 \u0219i 9 circul\u0103 pe trasee scurtate, \u00eentorc\u00e2nd la D\u00e2mbovi\u021ba, f\u0103r\u0103 a mai ajunge la Gara de Nord.<\/strong><br \/><strong>Pentru asigurarea transportului c\u0103l\u0103torilor:<\/strong><br \/><strong>\u2022 pe tronsonul Gara de Nord \u2013 Regele Carol I circula\u021bia este asigurat\u0103 de microbuze;<\/strong><br \/><strong>\u2022 pe tronsonul Pia\u021ba 700 \u2013 Gara de Est circula\u021bia este asigurat\u0103 de microbuze, pe traseul Gara de Est \u2013 Meteo \u2013 Prin\u021bul Turcesc \u2013 Pia\u021ba Traian \u2013 Pia\u021ba 700 \u2013 Spitalul Louis \u021aurcanu.<\/strong><br \/><strong>Traseul Pia\u021ba Virgil Economu \u2013 Meteo \u2013 Gara de Est \u2013 Pia\u021ba Badea C\u00e2r\u021ban \u2013 Pia\u021ba Virgil Economu este acoperi cu un autobuz.<\/strong>\u201c, transmit reprezentan\u021bii STPT.<\/p>\n<\/blockquote>\n<p>V\u0103 reamintim, Timi\u0219oara, \u0219i \u00eentreg Banatul, se afl\u0103 de luni sub inciden\u021ba unui cod ro\u0219u de canicul\u0103. Luni, din pricina temperaturilor ridicate, masticul turnat pe l\u00e2ng\u0103 liniile de tramvai s-a topit, fiind luat pe ro\u021bi de tramvaie, ceea ce a dus la blocarea circula\u021biei. Oamenii au stat minute \u00eentregi \u00een garniturile blocate pe \u0219ine.<\/p>\n<iframe loading=\"lazy\" src=\"https:\/\/www.facebook.com\/plugins\/video.php?height=314&amp;href=https%3A%2F%2Fwww.facebook.com%2Freel%2F1555256786231733%2F&amp;show_text=false&amp;width=560&amp;t=0\" width=\"560\" height=\"314\" frameborder scrolling=\"no\" allowfullscreen=\"allowfullscreen\"><\/iframe>\n<p><strong><span>UPDATE:<\/span><\/strong> STPT a continuat \u0219i stropirea liniilor, \u00eens\u0103 canicula continu\u0103 s\u0103 dfreeze probleme, iar tramvaiele r\u0103m\u00e2n oprite \u00een sta\u021bii.<\/p>\n<blockquote>\n<p>\u201c<strong>\u00cen ciuda eforturilor, fenomenul de ieri se repet\u0103, de\u0219i stropim continuu de diminea\u021b\u0103, suntem nevoi\u021bi s\u0103 oprim momentan tramvaiele \u00een sta\u021bii. <\/strong><br \/><strong>V\u0103 mul\u021bumim pentru \u00een\u021belegere \u0219i v\u0103 recomand\u0103m s\u0103 urm\u0103ri\u021bi \u00een continuare pagina oficial\u0103 de Facebook \u0219i site-ul www.stpt.ro pentru cele mai recente informa\u021bii privind circula\u021bia mijloacelor de transport<\/strong>\u201c, transmit reprezentan\u021bii STPT.<\/p>\n<\/blockquote>\n<p>***<\/p>\n<p><strong><span class=\"dia_suggestion w0\">Mai<\/span>\u00a0<span class=\"dia_suggestion w1\">multe<\/span>\u00a0<span class=\"dia_suggestion w2\">g\u0103si\u021bi<\/span>\u00a0pe\u00a0<span class=\"dia_suggestion w4\">pagina noastr<span class=\"dia_suggestion w0\">\u0103<\/span><\/span>\u00a0de\u00a0<a href=\"https:\/\/www.facebook.com\/OpiniaTM\/?ref=page_internal\" target=\"_blank\" rel=\"noopener\">Facebook opiniatimisoarei.ro<\/a>!<\/strong><\/p>\n<p><strong><span class=\"dia_suggestion w0\">Dac\u0103<\/span>\u00a0<span class=\"dia_suggestion w1\">a\u021bi<\/span>\u00a0fost martorii unui eveniment\u00a0<span class=\"dia_suggestion w6\">sau<\/span>\u00a0<span class=\"dia_suggestion w7\">ai<\/span>\u00a0unei\u00a0<span class=\"dia_suggestion w9\">situa\u021bii<\/span>\u00a0<span class=\"dia_suggestion w10\">neobi\u0219nuite<\/span>\u00a0<span class=\"dia_suggestion w11\">care<\/span>\u00a0ar\u00a0<span class=\"dia_suggestion w13\">putea<\/span>\u00a0deveni subiect de\u00a0<span class=\"dia_suggestion w17\">\u0219tire<\/span>,\u00a0<span class=\"dia_suggestion w18\">contacta\u021bi<\/span>-ne\u00a0<span class=\"dia_suggestion w20\">la<\/span>\u00a0<a href=\"https:\/\/www.opiniatimisoarei.ro\/cdn-cgi\/l\/email-protection\" class=\"__cf_email__\" data-cfemail=\"790b1c1d181a0d101c391609101710180d1014100a16180b1c10570b16\">[email\u00a0protected]<\/a>,\u00a0 pe\u00a0<a href=\"https:\/\/www.facebook.com\/OpiniaTM\">FB<\/a>\u00a0sau pe contul nostru de\u00a0<a href=\"https:\/\/www.instagram.com\/opiniatimisoarei.ro\/\" target=\"_blank\" rel=\"noopener\">Instagram<\/a>!<\/strong><\/p>\n<p><strong><span>CITESTE SI:<\/span>\u00a0<a href=\"https:\/\/www.opiniatimisoarei.ro\/afli-primul-tot-ceea-ce-se-intampla-cu-adevarat-important-in-timisoara-si-in-regiune-cu-aplicatia-de-stiri-opinia-timisoarei-3-tipuri-de-alerte-te-tin-mereu-conectat-la-evenimente-descarca-gratuit-a\/31\/10\/2022\">Afli primul tot ceea ce se intampla cu adevarat important in Timisoara si in regiune cu Aplicatia de stiri Opinia Timisoarei. 3 tipuri de alerte te tin mereu conectat la evenimente. Descarca gratuit Aplicatia OT aici!<\/a><\/strong><\/p>\n<\/div>\n<p>[analyse_source url=&#8221;https:\/\/www.opiniatimisoarei.ro\/solutie-anti-canicula-pentru-transportul-in-comun-din-timisoara-pe-unele-tronsoane-inca-nu-circula-tramvaiele-video\/30\/06\/2026&#8243;]<\/p>\n","protected":false},"excerpt":{"rendered":"<p>[analyse_image type=&#8221;featured&#8221; src=&#8221;https:\/\/www.opiniatimisoarei.ro\/wp-content\/uploads\/2026\/06\/colatramvaie-sine-nisip-728&#215;336.pnghttps:\/\/www.opiniatimisoarei.ro\/wp-content\/uploads\/2026\/06\/colatramvaie-sine-nisip.png&#8221;] TIMISOARA. STPT a g\u0103sit o solu\u021bie pentru a evita noi probleme \u00een circula\u021bia tramvaielor, dup\u0103 ce luni mai multe garnituri au r\u0103mas blocate din pricina topirii masticului, materialul gumant turnat l\u00e2ng\u0103 \u0219ine. CITE\u0218TE \u0218I:Tramvaie blocate la Timi\u0219oara din cauza c\u0103ldurii. Temperaturile ridicate au topit masticul turnat l\u00e2ng\u0103 \u0219ine. Pe mai multe linii [&hellip;]<\/p>\n","protected":false},"author":1,"featured_media":0,"comment_status":"open","ping_status":"","sticky":false,"template":"","format":"standard","meta":{"footnotes":""},"categories":[89],"tags":[226,190],"class_list":["post-2027407","post","type-post","status-publish","format-standard","hentry","category-romania","tag-crawlmanager","tag-opiniatimisoarei-ro"],"_links":{"self":[{"href":"https:\/\/analyse.optim.biz\/index.php?rest_route=\/wp\/v2\/posts\/2027407","targetHints":{"allow":["GET"]}}],"collection":[{"href":"https:\/\/analyse.optim.biz\/index.php?rest_route=\/wp\/v2\/posts"}],"about":[{"href":"https:\/\/analyse.optim.biz\/index.php?rest_route=\/wp\/v2\/types\/post"}],"author":[{"embeddable":true,"href":"https:\/\/analyse.optim.biz\/index.php?rest_route=\/wp\/v2\/users\/1"}],"replies":[{"embeddable":true,"href":"https:\/\/analyse.optim.biz\/index.php?rest_route=%2Fwp%2Fv2%2Fcomments&post=2027407"}],"version-history":[{"count":0,"href":"https:\/\/analyse.optim.biz\/index.php?rest_route=\/wp\/v2\/posts\/2027407\/revisions"}],"wp:attachment":[{"href":"https:\/\/analyse.optim.biz\/index.php?rest_route=%2Fwp%2Fv2%2Fmedia&parent=2027407"}],"wp:term":[{"taxonomy":"category","embeddable":true,"href":"https:\/\/analyse.optim.biz\/index.php?rest_route=%2Fwp%2Fv2%2Fcategories&post=2027407"},{"taxonomy":"post_tag","embeddable":true,"href":"https:\/\/analyse.optim.biz\/index.php?rest_route=%2Fwp%2Fv2%2Ftags&post=2027407"}],"curies":[{"name":"wp","href":"https:\/\/api.w.org\/{rel}","templated":true}]}}