{"id":2027403,"date":"2026-07-04T11:48:13","date_gmt":"2026-07-04T08:48:13","guid":{"rendered":"https:\/\/analyse.optim.biz\/?p=2027403"},"modified":"2026-07-04T11:48:13","modified_gmt":"2026-07-04T08:48:13","slug":"andrei-spitzer-antrenorul-nascut-la-timisoara-mort-in-noaptea-neagra-a-jocurilor-olimpice-video","status":"publish","type":"post","link":"https:\/\/analyse.optim.biz\/?p=2027403","title":{"rendered":"Andrei Spitzer, antrenorul n\u0103scut la Timi\u0219oara, mort \u00een \u2018noaptea neagr\u0103\u2019 a Jocurilor Olimpice. VIDEO"},"content":{"rendered":"<p>[analyse_image type=&#8221;featured&#8221; src=&#8221;https:\/\/www.opiniatimisoarei.ro\/wp-content\/uploads\/2026\/07\/Spitzer-colaj-728&#215;336.pnghttps:\/\/www.opiniatimisoarei.ro\/wp-content\/uploads\/2026\/07\/Spitzer-colaj.png&#8221;]<\/p>\n<div class=\"the_content\">\n<p><strong>TIMISOARA.<\/strong> S-a n\u0103scut la Timi\u0219oara, a antrenat departe de ora\u0219ul natal, \u0219i a murit \u00een una dintre cele mai mari tragedii din istoria sportului.<\/p>\n<p><strong><span>CITE\u0218TE \u0218I:<\/span><a href=\"https:\/\/www.opiniatimisoarei.ro\/cinci-titulari-de-la-scm-timisoara-pentru-debutul-din-nations-cup-cu-chile-un-alt-rugbyst-va-fi-rezerva\/03\/07\/2026\">Cinci titulari de la SCM Timi\u0219oara pentru debutul din Nations Cup cu Chile. Un alt rugbyst va fi rezerva<\/a><\/strong><\/p>\n<p>Andrei Spitzer a venit pe lume \u00eentr-o perioad\u0103 \u00een care Al Doilea R\u0103zboi Mondial \u00eenc\u0103 mai m\u0103cina b\u0103tr\u00e2nul continent, \u00een ziua de <strong>4 iulie a anului 1945<\/strong>. Era al doilea copil al Eleonorei \u0219i al lui Tiberiu Spitzer, supravie\u021butori ai lag\u0103relor naziste. Andrei mai avea o sor\u0103, Judith, cu 5 ani mai mare dec\u00e2t el, care a practicat canotajul.<\/p>\n<p>Andrei a \u00eenceput scrima la v\u00e2rsta de 9 ani \u0219i a avut succes \u00eenc\u0103 din start. \u00cen 1956, tat\u0103l Tiberiu Spitzer era r\u0103pus de cancer, iar mama t\u00e2n\u0103rului Andrei nu vede un viitor pentru el \u00een Rom\u00e2nia, astfel c\u0103 ia decizia s\u0103 se mute \u00een Israel. Sora sa, Judith avea s\u0103 r\u0103m\u00e2n\u0103 \u00een \u021bar\u0103, ea fiind deja c\u0103s\u0103torit\u0103.<\/p>\n<p>\u00cen Israel \u00eencepe s\u0103 \u00eenve\u021be ebraica \u0219i face \u0219i stagiul militar obligatoriu. \u00cen paralel continu\u0103 s\u0103 practice scrima.<\/p>\n<p>\u00cen 1968 este trimis \u00een Olanda pentru a-\u0219i continua preg\u0103tirea de scrimer \u0219i pentru a deveni antrenor al lotului na\u021bional al Israelului. \u00cen Olanda avea s\u0103 o cunoasc\u0103 pe Ankie, cea care \u00eei era elev\u0103 la orele de scrim\u0103. \u00centre cei doi se \u00eenfirip\u0103 o frumoas\u0103 poveste de dragoste, se c\u0103s\u0103toresc \u00een 1971 \u0219i se mut\u0103 \u00een Israel, la Biranit, aproape de grani\u021ba cu Libanul.<\/p>\n<p><img loading=\"lazy\" decoding=\"async\" class=\"alignnone size-full wp-image-882261\" src=\"https:\/\/www.opiniatimisoarei.ro\/wp-content\/uploads\/2026\/07\/spitzer-casatporie.png\" alt=\"\" width=\"1080\" height=\"700\"><\/p>\n<p>\u00cen 1972 este trimis la Jocurile Olimpice de la Munchen, ca antrenor al scrimerilor Yehuda Weinstain \u0219i Dan Allon. Cu dou\u0103 luni \u00eenainte de plecarea spre Germania, Andrei Spitzer devenea tat\u0103. So\u021bia sa d\u0103dea na\u0219tere unei fetite, Anouk.<\/p>\n<p><strong><span>Tragedia de la Munchen<\/span><\/strong><\/p>\n<p>Andrei \u0219i Ankie ajung la Munchen \u0219i sunt caza\u021bi \u00een Satul Olimpic. Fiica lor se afla la bunicii din Olanda.<br \/>\nDup\u0103 startul competi\u021biilor de scrim\u0103, cei doi \u00ee\u0219i iau 2 zile libere pentru a merge \u00een \u021aara Lalelelor s\u0103-\u0219i vad\u0103 fiica bolnav\u0103. Dup\u0103 ce se asigur\u0103 c\u0103 micu\u021ba este bine, Andrei se \u00eentoarce \u00een Germania\u2026 \u00een 5 septembrie 1972, pu\u021bin dup\u0103 miezul nop\u021bii.<\/p>\n<p>C\u00e2teva ore mai t\u00e2rziu, opt palestinieni, membri ai organiza\u021biei Septembrie Negru p\u0103trund \u00een Satul Olimpic, unde era cazat\u0103 echipa Israelului. Terori\u0219tii \u00eei execut\u0103 pe antrenorul Moshe Weinberg \u0219i pe halterofilul Yossef Romano, \u0219i \u00eei iau ostatici pe Spitzer \u0219i al\u021bi 8 colegi.<br \/>\nSpitzer a \u00eencerat s\u0103 transmit\u0103 negociatorilor informa\u021bii despre atacatori, de la fereastra de la etajul al doilea al hotelului \u00een care se afla. Este lovit \u00een cap cu o arm\u0103 de unul dintre terori\u0219ti, \u0219i \u00eendep\u0103rtat brutal de acolo. A fost ultimul moment \u00een care a fost v\u0103zut \u00een via\u021b\u0103 Andrei Spitzer.<\/p>\n<p><img loading=\"lazy\" decoding=\"async\" class=\"alignnone size-full wp-image-882262\" src=\"https:\/\/www.opiniatimisoarei.ro\/wp-content\/uploads\/2026\/07\/spizter-la-fereastra.png\" alt=\"\" width=\"1080\" height=\"650\"><\/p>\n<p>Negocierile au continuat \u00eenc\u0103 20 de ore. Atacatorii au cerut s\u0103 fie elibera\u021bi to\u021bi cei 235 de de\u021binu\u021bi palestinieni din \u00eenchisorile israeliene. Guvernul israelian, condus de Golda Meir, a refuzat cererea. P\u0103r\u021bile au convenit \u00een cele din urm\u0103 ca ostaticii \u0219i terori\u0219tii s\u0103 fie du\u0219i pe un aeroport militar, de unde s\u0103 decoleze spre Cairo. Odat\u0103 cu aterizarea \u00een Egipt, ostaticii aveau s\u0103 fie elibera\u021bi.<\/p>\n<p>Planul a fost stricat de autorit\u0103\u021bile germane, care au declan\u0219at o opera\u021biune de salvare\u2026 care a e\u0219uat. Cinci dintre terori\u0219ti au fost uci\u0219i, iar \u00een prim\u0103 instan\u021b\u0103 a fost anun\u021bat\u0103 salvarea ostaticilor. C\u00e2teva ore mai t\u00e2rziu informa\u021bia a fost modificat\u0103 \u0219i a fost anun\u021bat decesul tuturor sportivilor israelieni.<\/p>\n<p><img loading=\"lazy\" decoding=\"async\" class=\"alignnone size-full wp-image-882263\" src=\"https:\/\/www.opiniatimisoarei.ro\/wp-content\/uploads\/2026\/07\/Ankie-Spitzer.png\" alt=\"\" width=\"1080\" height=\"550\"><\/p>\n<p>Diminea\u021ba, so\u021bia lui Andre Spitzer a ajuns \u00een hotelul unde fusese cazat so\u021bul ei. \u00cen \u00eenc\u0103pere l-a g\u0103sit pe Waldi, o juc\u0103rie de plu\u0219 pe care Andre o cump\u0103rase pentru Anouk. Juc\u0103ria era p\u0103tat\u0103 cu s\u00e2nge, dar Ankie a luat-o s\u0103 i-o duc\u0103 fiicei ei.<\/p>\n<p>Dou\u0103 zile mai t\u00e2rziu, Andre Spitzer a fost \u00eenmorm\u00e2ntat \u00een cimitirul Kiryat Shaul din Tel Aviv.<\/p>\n<p><strong><span>Andrei Spitzer prezent \u00een capodopera lui Spielberg<\/span><\/strong><\/p>\n<p>\u00cen 2005, celebrul regizor Steven Spielberg a adus pe marele ecran povestea masacrului de la Munchen.<\/p>\n<p>\u00cen rolurile principale erau Eric Bana sau Daniel Craig, \u00een timp ce rolul lui Andrei Spitzer a fost preluat de Ori Pfeffer.<\/p>\n<p>&#8221; width=&#8221;728&#8243; height=&#8221;410&#8243; src=&#8221;https:\/\/www.youtube.com\/embed\/feIjYUEWVxk?feature=oembed&amp;wmode=opaque&amp;rel=0&#8243; frameborder=&#8221;0&#8243; allow=&#8221;accelerometer; autoplay; clipboard-write; encrypted-media; gyroscope; picture-in-picture; web-share&#8221; referrerpolicy=&#8221;strict-origin-when-cross-origin&#8221; allowfullscreen=&#8221;&#8221;]<\/p>\n<p>***<\/p>\n<p><strong><span class=\"dia_suggestion w0\">Mai<\/span>\u00a0<span class=\"dia_suggestion w1\">multe<\/span>\u00a0<span class=\"dia_suggestion w2\">g\u0103si\u021bi<\/span>\u00a0pe\u00a0<span class=\"dia_suggestion w4\">pagina noastr<span class=\"dia_suggestion w0\">\u0103<\/span><\/span>\u00a0de\u00a0<a href=\"https:\/\/www.facebook.com\/OpiniaTM\/?ref=page_internal\" target=\"_blank\" rel=\"noopener\">Facebook opiniatimisoarei.ro<\/a>!<\/strong><\/p>\n<p><strong><span class=\"dia_suggestion w0\">Dac\u0103<\/span>\u00a0<span class=\"dia_suggestion w1\">a\u021bi<\/span>\u00a0fost martorii unui eveniment\u00a0<span class=\"dia_suggestion w6\">sau<\/span>\u00a0<span class=\"dia_suggestion w7\">ai<\/span>\u00a0unei\u00a0<span class=\"dia_suggestion w9\">situa\u021bii<\/span>\u00a0<span class=\"dia_suggestion w10\">neobi\u0219nuite<\/span>\u00a0<span class=\"dia_suggestion w11\">care<\/span>\u00a0ar\u00a0<span class=\"dia_suggestion w13\">putea<\/span>\u00a0deveni subiect de\u00a0<span class=\"dia_suggestion w17\">\u0219tire<\/span>,\u00a0<span class=\"dia_suggestion w18\">contacta\u021bi<\/span>-ne\u00a0<span class=\"dia_suggestion w20\">la<\/span>\u00a0<a href=\"https:\/\/www.opiniatimisoarei.ro\/cdn-cgi\/l\/email-protection\" class=\"__cf_email__\" data-cfemail=\"bdcfd8d9dcdec9d4d8fdd2cdd4d3d4dcc9d4d0d4ced2dccfd8d493cfd2\">[email\u00a0protected]<\/a>,\u00a0 pe\u00a0<a href=\"https:\/\/www.facebook.com\/OpiniaTM\">FB<\/a>\u00a0sau pe contul nostru de\u00a0<a href=\"https:\/\/www.instagram.com\/opiniatimisoarei.ro\/\" target=\"_blank\" rel=\"noopener\">Instagram<\/a>!<\/strong><\/p>\n<p><strong><span>CITESTE SI:<\/span>\u00a0<a href=\"https:\/\/www.opiniatimisoarei.ro\/afli-primul-tot-ceea-ce-se-intampla-cu-adevarat-important-in-timisoara-si-in-regiune-cu-aplicatia-de-stiri-opinia-timisoarei-3-tipuri-de-alerte-te-tin-mereu-conectat-la-evenimente-descarca-gratuit-a\/31\/10\/2022\">Afli primul tot ceea ce se intampla cu adevarat important in Timisoara si in regiune cu Aplicatia de stiri Opinia Timisoarei. 3 tipuri de alerte te tin mereu conectat la evenimente. Descarca gratuit Aplicatia OT aici!<\/a><\/strong><\/p>\n<p>\u00a0<\/p>\n<\/div>\n<p>[analyse_source url=&#8221;https:\/\/www.opiniatimisoarei.ro\/andrei-spitzer-antrenorul-nascut-la-timisoara-mort-in-noaptea-neagra-a-jocurilor-olimpice-video\/04\/07\/2026&#8243;]<\/p>\n","protected":false},"excerpt":{"rendered":"<p>[analyse_image type=&#8221;featured&#8221; src=&#8221;https:\/\/www.opiniatimisoarei.ro\/wp-content\/uploads\/2026\/07\/Spitzer-colaj-728&#215;336.pnghttps:\/\/www.opiniatimisoarei.ro\/wp-content\/uploads\/2026\/07\/Spitzer-colaj.png&#8221;] TIMISOARA. S-a n\u0103scut la Timi\u0219oara, a antrenat departe de ora\u0219ul natal, \u0219i a murit \u00een una dintre cele mai mari tragedii din istoria sportului. CITE\u0218TE \u0218I:Cinci titulari de la SCM Timi\u0219oara pentru debutul din Nations Cup cu Chile. Un alt rugbyst va fi rezerva Andrei Spitzer a venit pe lume \u00eentr-o perioad\u0103 [&hellip;]<\/p>\n","protected":false},"author":1,"featured_media":0,"comment_status":"open","ping_status":"","sticky":false,"template":"","format":"standard","meta":{"footnotes":""},"categories":[89],"tags":[226,190],"class_list":["post-2027403","post","type-post","status-publish","format-standard","hentry","category-romania","tag-crawlmanager","tag-opiniatimisoarei-ro"],"_links":{"self":[{"href":"https:\/\/analyse.optim.biz\/index.php?rest_route=\/wp\/v2\/posts\/2027403","targetHints":{"allow":["GET"]}}],"collection":[{"href":"https:\/\/analyse.optim.biz\/index.php?rest_route=\/wp\/v2\/posts"}],"about":[{"href":"https:\/\/analyse.optim.biz\/index.php?rest_route=\/wp\/v2\/types\/post"}],"author":[{"embeddable":true,"href":"https:\/\/analyse.optim.biz\/index.php?rest_route=\/wp\/v2\/users\/1"}],"replies":[{"embeddable":true,"href":"https:\/\/analyse.optim.biz\/index.php?rest_route=%2Fwp%2Fv2%2Fcomments&post=2027403"}],"version-history":[{"count":0,"href":"https:\/\/analyse.optim.biz\/index.php?rest_route=\/wp\/v2\/posts\/2027403\/revisions"}],"wp:attachment":[{"href":"https:\/\/analyse.optim.biz\/index.php?rest_route=%2Fwp%2Fv2%2Fmedia&parent=2027403"}],"wp:term":[{"taxonomy":"category","embeddable":true,"href":"https:\/\/analyse.optim.biz\/index.php?rest_route=%2Fwp%2Fv2%2Fcategories&post=2027403"},{"taxonomy":"post_tag","embeddable":true,"href":"https:\/\/analyse.optim.biz\/index.php?rest_route=%2Fwp%2Fv2%2Ftags&post=2027403"}],"curies":[{"name":"wp","href":"https:\/\/api.w.org\/{rel}","templated":true}]}}