{"id":202733,"date":"2014-06-19T12:17:16","date_gmt":"2014-06-19T09:17:16","guid":{"rendered":"https:\/\/analyse.optim.biz\/?p=202733"},"modified":"2014-06-19T12:17:16","modified_gmt":"2014-06-19T09:17:16","slug":"cazul-mircea-basescu-bercea-mondial-traian-basescu-regret-ca-fratele-meu-s-a-implicat-intr-un-astfel-de-anturaj-faptul-ca-esti-fratele-presedintelui-nu-te-scuteste-de-responsabilitatea-in-fata-ju","status":"publish","type":"post","link":"https:\/\/analyse.optim.biz\/?p=202733","title":{"rendered":"Cazul Mircea B\u0103sescu-Bercea Mondial. Traian B\u0103sescu: &#8220;Regret c\u0103 fratele meu s-a implicat \u00eentr-un astfel de anturaj. Faptul c\u0103 e\u015fti fratele pre\u015fedintelui nu te scute\u015fte de responsabilitatea \u00een fa\u0163a justi\u0163iei&#8221;"},"content":{"rendered":"<div class=\"entry data-app-meta data-app-meta-article\" data-embed-base-url-canonical=\"https:\/\/www.digi24.ro\/embed\/stiri\/actualitate\/politica\/cazul-mircea-basescu-bercea-mondial-traian-basescu-regret-ca-fratele-meu-s-a-implicat-intr-un-astfel-de-anturaj-faptul-ca-esti-fratele-presedintelui-nu-te-scuteste-de-responsabilitatea-in-fata-ju-258280\">\n<p data-index=\"1\"><img decoding=\"async\" src=\"https:\/\/analyse.optim.biz\/wp-content\/uploads\/2024\/09\/ad04mtzkytg1zwu4ogmynjq0zdc1mda4ntzkyzeyotbmnw-thumb_.jpg\" data-skip-htmlfix=\"1\" title=\"ad04mtzkytg1zwu4ogmynjq0zdc1mda4ntzkyzeyotbmnw-thumb_\"><\/p>\n<p data-index=\"2\"><strong>&#8220;<\/strong>Niciodat\u0103 nu am avut cu Mircea B\u0103sescu vreo discu\u0163ie cu privire la sprijinirea lui Sandu Anghel \u00een procesele pe care le are.<\/p>\n<p data-index=\"3\">Exist\u0103 suspiciunea interven\u0163iei mele sau cel pu\u0163in a\u015fa a fost lansat\u0103 public.<\/p>\n<p data-index=\"4\">Fac un apel public la orice poli\u0163ist, procuror sau judec\u0103tor care a fost implicat \u00een cazul condamn\u0103rii lui Anghel Sandu &#8211; dac\u0103 a existat vreo interven\u0163ie a mea s\u0103 o fac\u0103 public\u0103.<\/p>\n<p data-index=\"5\">\u00centr-un stat de drept varianta justi\u0163iei este cea corect\u0103.<\/p>\n<p data-index=\"6\"><strong>Mi se pare c\u0103 fratele meu s-a implicat \u00eentr-o zon\u0103 cu oameni \u00een care n-ar fi trebuit s\u0103 se implice<\/strong>. \u00cen 10 ani nu am f\u0103cut nicio interven\u0163ie \u00een justi\u0163ie pentru mine. Mai mult, dac\u0103 au existat \u00eencerc\u0103ri de a m\u0103 convinge s\u0103 le fac, nu am ezitat s\u0103 le fac publice.<\/p>\n<p data-index=\"7\">Plec de la premisa c\u0103 \u00een fa\u0163a justi\u0163iei, indiferent cum ne cheam\u0103, to\u0163i suntem egali.<\/p>\n<p data-index=\"8\"><strong>Faptul c\u0103 e\u015fti fratele pre\u015fedintelui nu te scute\u015fte de responsabilitatea \u00een fa\u0163a justi\u0163iei.<\/strong><\/p>\n<p data-index=\"9\">Sper ca varianta pe care mi-a spus-o fratele meu s\u0103 fie cea corect\u0103. Regret c\u0103 fratele meu s-a implicat \u00eentr-un astfel de anturaj. Sunt \u00eencrez\u0103tor c\u0103 justi\u0163ia va scoate la iveal\u0103 adev\u0103rul.<\/p>\n<p data-index=\"10\">Nu voi face niciun fel de interven\u0163ie la niciun fel de institu\u0163ie pentru a-l proteja, e major \u015fi e responsabil pentru faptele lui, dac\u0103 a s\u0103v\u00e2r\u015fit ceva ilegal va r\u0103spunde.<\/p>\n<p data-index=\"11\">Nu \u00eel acuz, \u00eel acuz deocamdat\u0103 doar pentru anturaj.<\/p>\n<p data-index=\"12\">V\u0103 asigur c\u0103 \u00eentre nevoia de consilidare a justi\u0163iei \u015fi reflexul firesc de a-\u0163i ap\u0103ra fratele aleg consolidarea justi\u0163iei&#8221;<strong>, a declarat Traian B\u0103sescu, care \u015fi-a \u00eencheiat declara\u0163ia vizibil emo\u0163ionat.<\/strong><\/p>\n<hr>\n<p data-index=\"13\"><strong><br \/><\/strong><\/p>\n<p data-index=\"14\">Mircea B\u0103sescu ar fi primit suma de 250.000 de euro pentru a ob\u0163ine o pedeaps\u0103 mai mic\u0103 pentru interlop. Pentru c\u0103 nu a f\u0103cut ceea ce a promis, fiul lui Sandu Anghel ar fi cerut banii \u00eenapoi. Informa\u0163iile au ap\u0103rut \u00een urma unor \u00eenregistr\u0103ri audio-video f\u0103cute publice de avocatul familiei Anghel.<\/p>\n<p data-index=\"15\">Mircea B\u0103sescu a reac\u021bionat la acuza\u021biile aduse de familia Anghel. Fratele pre\u0219edintelui a spus c\u0103 nu a luat niciun ban pentru a interveni pentru Sandu Anghel, zis Bercea Mondial, \u0219i c\u0103 \u00eenregistr\u0103rile prezentate de avocatul acestuia au fost scoase din context.<span> \u00cen plus, el a declarat c\u0103 Traian B\u0103sescu nu are nicio leg\u0103tur\u0103 cu acest dosar.<\/span><\/p>\n<p data-index=\"16\">Ast\u0103zi, Victor Ponta a l\u0103sat s\u0103 se \u00een\u021beleag\u0103 c\u0103 pre\u0219edintele Traian B\u0103sescu ar trebui s\u0103 demisioneze pentru a ap\u0103ra onoarea \u0219i independen\u021ba justi\u021biei.<\/p>\n<\/div>\n<p> Source URL: https:\/\/www.digi24.ro\/stiri\/actualitate\/politica\/cazul-mircea-basescu-bercea-mondial-traian-basescu-regret-ca-fratele-meu-s-a-implicat-intr-un-astfel-de-anturaj-faptul-ca-esti-fratele-presedintelui-nu-te-scuteste-de-responsabilitatea-in-fata-ju-258280<\/p>\n","protected":false},"excerpt":{"rendered":"<p>&#8220;Niciodat\u0103 nu am avut cu Mircea B\u0103sescu vreo discu\u0163ie cu privire la sprijinirea lui Sandu Anghel \u00een procesele pe care le are. Exist\u0103 suspiciunea interven\u0163iei mele sau cel pu\u0163in a\u015fa a fost lansat\u0103 public. Fac un apel public la orice poli\u0163ist, procuror sau judec\u0103tor care a fost implicat \u00een cazul condamn\u0103rii lui Anghel Sandu &#8211; [&hellip;]<\/p>\n","protected":false},"author":1,"featured_media":202734,"comment_status":"open","ping_status":"","sticky":false,"template":"","format":"standard","meta":{"footnotes":""},"categories":[2],"tags":[11],"class_list":["post-202733","post","type-post","status-publish","format-standard","has-post-thumbnail","hentry","category-politics","tag-digi24"],"_links":{"self":[{"href":"https:\/\/analyse.optim.biz\/index.php?rest_route=\/wp\/v2\/posts\/202733","targetHints":{"allow":["GET"]}}],"collection":[{"href":"https:\/\/analyse.optim.biz\/index.php?rest_route=\/wp\/v2\/posts"}],"about":[{"href":"https:\/\/analyse.optim.biz\/index.php?rest_route=\/wp\/v2\/types\/post"}],"author":[{"embeddable":true,"href":"https:\/\/analyse.optim.biz\/index.php?rest_route=\/wp\/v2\/users\/1"}],"replies":[{"embeddable":true,"href":"https:\/\/analyse.optim.biz\/index.php?rest_route=%2Fwp%2Fv2%2Fcomments&post=202733"}],"version-history":[{"count":0,"href":"https:\/\/analyse.optim.biz\/index.php?rest_route=\/wp\/v2\/posts\/202733\/revisions"}],"wp:featuredmedia":[{"embeddable":true,"href":"https:\/\/analyse.optim.biz\/index.php?rest_route=\/wp\/v2\/media\/202734"}],"wp:attachment":[{"href":"https:\/\/analyse.optim.biz\/index.php?rest_route=%2Fwp%2Fv2%2Fmedia&parent=202733"}],"wp:term":[{"taxonomy":"category","embeddable":true,"href":"https:\/\/analyse.optim.biz\/index.php?rest_route=%2Fwp%2Fv2%2Fcategories&post=202733"},{"taxonomy":"post_tag","embeddable":true,"href":"https:\/\/analyse.optim.biz\/index.php?rest_route=%2Fwp%2Fv2%2Ftags&post=202733"}],"curies":[{"name":"wp","href":"https:\/\/api.w.org\/{rel}","templated":true}]}}