{"id":202722,"date":"2014-06-19T13:28:35","date_gmt":"2014-06-19T10:28:35","guid":{"rendered":"https:\/\/analyse.optim.biz\/?p=202722"},"modified":"2014-06-19T13:28:35","modified_gmt":"2014-06-19T10:28:35","slug":"crin-antonescu-demisia-lui-traian-basescu-ar-fi-un-gest-firesc","status":"publish","type":"post","link":"https:\/\/analyse.optim.biz\/?p=202722","title":{"rendered":"Crin Antonescu: Demisia lui Traian B\u0103sescu ar fi un gest firesc"},"content":{"rendered":"<div class=\"entry data-app-meta data-app-meta-article\" data-embed-base-url-canonical=\"https:\/\/www.digi24.ro\/embed\/stiri\/actualitate\/politica\/crin-antonescu-demisia-lui-traian-basescu-ar-fi-un-gest-firesc-258338\">\n<p data-index=\"1\">\u201eIndiferent care va fi reac\u021bia pre\u0219edintelui, explica\u021biile sale, va c\u0103p\u0103ta amploare interna\u021bional\u0103 \u0219i va prejudicia \u00eenc\u0103 o dat\u0103, grav, imaginea Rom\u00e2niei\u201d, a spus Crin Antonescu, la Digi24.<\/p>\n<p data-index=\"2\">Fostul pre\u0219edinte al PNL a sus\u021binut c\u0103 o demisie din partea lui Traian B\u0103sescu \u201ear fi un gest firesc \u00eentr-o democra\u021bie, indiferent de gradul de implicare sau nu al s\u0103u\u201d.<\/p>\n<p data-index=\"3\">Crin Antonescu a men\u021bionat c\u0103 rudele celor \u00een func\u021bie importante \u201enu pot purta integral r\u0103spunderea faptelor rudelor lor\u201d.<\/p>\n<p data-index=\"4\">\u201eSunt absolut \u0219ocat de faptul c\u0103 oare serviciile de informa\u021bii, performante, nu au putut preveni pre\u0219edintele \u00eenainte de \u00eenrudirea fratelui s\u0103u, c\u0103 e vorba de ni\u0219te oameni cu mari probleme cu legea?\u201d, a continuat el.<\/p>\n<p data-index=\"5\">\u00cen cazul unei eventuale demisii din partea pre\u0219edintelui \u021b\u0103rii, Crin Antonescu a spus c\u0103 desemnarea unui candidat al PNL-PDL \u0219i o campanie electoral\u0103 \u00een acest sens devin presante.<\/p>\n<p data-index=\"6\">El a ad\u0103ugat c\u0103 alegerile preziden\u021biale anticipate ar ajuta, \u00een aparen\u021b\u0103, candidatul st\u00e2ngii.<\/p>\n<p data-index=\"7\">\u201eE mai simplu pentru blocul politic de st\u00e2ng\u0103 s\u0103-\u0219i desemneze candidatul \u0219i s\u0103 \u00eei sus\u021bin\u0103 campania. \u00cen fond, nu cred avantajeaz\u0103 pe cineva, este devansarea unei b\u0103t\u0103lii care se d\u0103 pe acelea\u0219i teme \u0219i cu acelea\u0219i mize\u201d, a subliniat Crin Antonescu.<\/p>\n<\/div>\n<p> Source URL: https:\/\/www.digi24.ro\/stiri\/actualitate\/politica\/crin-antonescu-demisia-lui-traian-basescu-ar-fi-un-gest-firesc-258338<\/p>\n","protected":false},"excerpt":{"rendered":"<p>\u201eIndiferent care va fi reac\u021bia pre\u0219edintelui, explica\u021biile sale, va c\u0103p\u0103ta amploare interna\u021bional\u0103 \u0219i va prejudicia \u00eenc\u0103 o dat\u0103, grav, imaginea Rom\u00e2niei\u201d, a spus Crin Antonescu, la Digi24. Fostul pre\u0219edinte al PNL a sus\u021binut c\u0103 o demisie din partea lui Traian B\u0103sescu \u201ear fi un gest firesc \u00eentr-o democra\u021bie, indiferent de gradul de implicare sau nu [&hellip;]<\/p>\n","protected":false},"author":1,"featured_media":202723,"comment_status":"open","ping_status":"","sticky":false,"template":"","format":"standard","meta":{"footnotes":""},"categories":[2],"tags":[11],"class_list":["post-202722","post","type-post","status-publish","format-standard","has-post-thumbnail","hentry","category-politics","tag-digi24"],"_links":{"self":[{"href":"https:\/\/analyse.optim.biz\/index.php?rest_route=\/wp\/v2\/posts\/202722","targetHints":{"allow":["GET"]}}],"collection":[{"href":"https:\/\/analyse.optim.biz\/index.php?rest_route=\/wp\/v2\/posts"}],"about":[{"href":"https:\/\/analyse.optim.biz\/index.php?rest_route=\/wp\/v2\/types\/post"}],"author":[{"embeddable":true,"href":"https:\/\/analyse.optim.biz\/index.php?rest_route=\/wp\/v2\/users\/1"}],"replies":[{"embeddable":true,"href":"https:\/\/analyse.optim.biz\/index.php?rest_route=%2Fwp%2Fv2%2Fcomments&post=202722"}],"version-history":[{"count":0,"href":"https:\/\/analyse.optim.biz\/index.php?rest_route=\/wp\/v2\/posts\/202722\/revisions"}],"wp:featuredmedia":[{"embeddable":true,"href":"https:\/\/analyse.optim.biz\/index.php?rest_route=\/wp\/v2\/media\/202723"}],"wp:attachment":[{"href":"https:\/\/analyse.optim.biz\/index.php?rest_route=%2Fwp%2Fv2%2Fmedia&parent=202722"}],"wp:term":[{"taxonomy":"category","embeddable":true,"href":"https:\/\/analyse.optim.biz\/index.php?rest_route=%2Fwp%2Fv2%2Fcategories&post=202722"},{"taxonomy":"post_tag","embeddable":true,"href":"https:\/\/analyse.optim.biz\/index.php?rest_route=%2Fwp%2Fv2%2Ftags&post=202722"}],"curies":[{"name":"wp","href":"https:\/\/api.w.org\/{rel}","templated":true}]}}