{"id":202711,"date":"2014-06-19T14:06:55","date_gmt":"2014-06-19T11:06:55","guid":{"rendered":"https:\/\/analyse.optim.biz\/?p=202711"},"modified":"2014-06-19T14:06:55","modified_gmt":"2014-06-19T11:06:55","slug":"video-traian-basescu-vizibil-emotionat-intre-consolidarea-justitiei-si-reflexul-de-a-mi-apara-fratele-aleg-consolidarea-justitiei","status":"publish","type":"post","link":"https:\/\/analyse.optim.biz\/?p=202711","title":{"rendered":"VIDEO. Traian B\u0103sescu, vizibil emo\u0163ionat: &#8220;\u00centre consolidarea justi\u0163iei \u015fi reflexul de a-mi ap\u0103ra fratele, aleg consolidarea justi\u0163iei"},"content":{"rendered":"<div class=\"entry data-app-meta data-app-meta-article\" data-embed-base-url-canonical=\"https:\/\/www.digi24.ro\/embed\/stiri\/actualitate\/politica\/video-traian-basescu-vizibil-emotionat-intre-consolidarea-justitiei-si-reflexul-de-a-mi-apara-fratele-aleg-consolidarea-justitiei-258378\">\n<p data-index=\"1\">\u201eEu nu-l acuz (n.r. pe fratele s\u0103u, Mircea B\u0103sescu), dac\u0103 \u00eel va acuza cineva, aceasta va putea fi justi\u0163ia. Lucrul pentru care \u00eel acuz deocamdat\u0103 este anturajul \u00een care a intrat.\u00a0\u00cenchei asigur\u00e2ndu-v\u0103 c\u0103 \u00eentre nevoia de consolidare a justi\u0163iei \u015fi reflexul firesc de a-\u0163i ap\u0103ra fratele aleg consolidarea justi\u0163iei\u201d, a declarat \u015feful statului, cu lacrimi \u00een ochi \u015fi cu voce tremur\u00e2nd\u0103, la finalul<a href=\"https:\/\/www.digi24.ro\/Stiri\/Digi24\/Actualitate\/Politica\/Cazul+Mircea+Basescu-Bercea+Mondial+reactie+Traian+Basescu+\" target=\"_blank\" data-skip-linkfix=\"1\" rel=\"noopener\"><strong> interven\u0163iei sale de la Palatul Cotroceni.<\/strong><\/a><\/p>\n<\/div>\n<p> Source URL: https:\/\/www.digi24.ro\/stiri\/actualitate\/politica\/video-traian-basescu-vizibil-emotionat-intre-consolidarea-justitiei-si-reflexul-de-a-mi-apara-fratele-aleg-consolidarea-justitiei-258378<\/p>\n","protected":false},"excerpt":{"rendered":"<p>\u201eEu nu-l acuz (n.r. pe fratele s\u0103u, Mircea B\u0103sescu), dac\u0103 \u00eel va acuza cineva, aceasta va putea fi justi\u0163ia. Lucrul pentru care \u00eel acuz deocamdat\u0103 este anturajul \u00een care a intrat.\u00a0\u00cenchei asigur\u00e2ndu-v\u0103 c\u0103 \u00eentre nevoia de consolidare a justi\u0163iei \u015fi reflexul firesc de a-\u0163i ap\u0103ra fratele aleg consolidarea justi\u0163iei\u201d, a declarat \u015feful statului, cu lacrimi [&hellip;]<\/p>\n","protected":false},"author":1,"featured_media":202712,"comment_status":"open","ping_status":"","sticky":false,"template":"","format":"standard","meta":{"footnotes":""},"categories":[2],"tags":[11],"class_list":["post-202711","post","type-post","status-publish","format-standard","has-post-thumbnail","hentry","category-politics","tag-digi24"],"_links":{"self":[{"href":"https:\/\/analyse.optim.biz\/index.php?rest_route=\/wp\/v2\/posts\/202711","targetHints":{"allow":["GET"]}}],"collection":[{"href":"https:\/\/analyse.optim.biz\/index.php?rest_route=\/wp\/v2\/posts"}],"about":[{"href":"https:\/\/analyse.optim.biz\/index.php?rest_route=\/wp\/v2\/types\/post"}],"author":[{"embeddable":true,"href":"https:\/\/analyse.optim.biz\/index.php?rest_route=\/wp\/v2\/users\/1"}],"replies":[{"embeddable":true,"href":"https:\/\/analyse.optim.biz\/index.php?rest_route=%2Fwp%2Fv2%2Fcomments&post=202711"}],"version-history":[{"count":0,"href":"https:\/\/analyse.optim.biz\/index.php?rest_route=\/wp\/v2\/posts\/202711\/revisions"}],"wp:featuredmedia":[{"embeddable":true,"href":"https:\/\/analyse.optim.biz\/index.php?rest_route=\/wp\/v2\/media\/202712"}],"wp:attachment":[{"href":"https:\/\/analyse.optim.biz\/index.php?rest_route=%2Fwp%2Fv2%2Fmedia&parent=202711"}],"wp:term":[{"taxonomy":"category","embeddable":true,"href":"https:\/\/analyse.optim.biz\/index.php?rest_route=%2Fwp%2Fv2%2Fcategories&post=202711"},{"taxonomy":"post_tag","embeddable":true,"href":"https:\/\/analyse.optim.biz\/index.php?rest_route=%2Fwp%2Fv2%2Ftags&post=202711"}],"curies":[{"name":"wp","href":"https:\/\/api.w.org\/{rel}","templated":true}]}}