{"id":2027050,"date":"2026-07-02T08:57:32","date_gmt":"2026-07-02T05:57:32","guid":{"rendered":"https:\/\/analyse.optim.biz\/?p=2027050"},"modified":"2026-07-02T08:57:32","modified_gmt":"2026-07-02T05:57:32","slug":"2-noi-poduri-peste-bega-si-drumul-prin-cartierul-isho-in-cautarea-unui-constructor-licitatie-de-20-de-milioane-de-euro-pentru-completarea-inelului-2-de-circulatie-la-timisoara","status":"publish","type":"post","link":"https:\/\/analyse.optim.biz\/?p=2027050","title":{"rendered":"2 noi poduri peste Bega \u0219i drumul prin cartierul ISHO, \u00een c\u0103utarea unui constructor. Licita\u021bie de 20 de milioane de euro pentru completarea Inelului 2 de circula\u021bie la Timi\u0219oara"},"content":{"rendered":"<p>[analyse_image type=&#8221;featured&#8221; src=&#8221;https:\/\/www.opiniatimisoarei.ro\/wp-content\/uploads\/2025\/12\/ISHO-drum-poduri-728&#215;336.jpghttps:\/\/www.opiniatimisoarei.ro\/wp-content\/uploads\/2025\/12\/ISHO-drum-poduri.jpg&#8221;]<\/p>\n<div class=\"the_content\">\n<p><strong><span class=\"dia_suggestion w27\">TIMI\u0218OARA<\/span><\/strong>. Amenajarea tronsonului cuprins \u00eentre <span class=\"dia_suggestion w32\">strada<\/span>\u00a0Aristide Demetriade \u0219i Bulevardul J.H. Pestalozzi, cu extinderea <span class=\"dia_suggestion w25\"><span class=\"dia_suggestion w42\"><span class=\"dia_suggestion w95\">la<\/span><\/span><\/span><span class=\"dia_suggestion w43\">patru<\/span> benzi de circula\u021bie, dou\u0103 pe sens, pe o lungime de pu\u021bi<span class=\"dia_suggestion w10\">n<\/span><span class=\"dia_suggestion w3\"><span class=\"dia_suggestion w55\"><span class=\"dia_suggestion w69\">peste<\/span><\/span><\/span> 1 kilometru, precum \u0219i <span class=\"dia_suggestion w7\"><span class=\"dia_suggestion w59\">prin<\/span><\/span> construirea unui pod rutier, respectiv a unei <span class=\"dia_suggestion w67\">pasarele<\/span> pietonale peste Bega \u00een <span class=\"dia_suggestion w72\">zona<\/span> ISHO, <span class=\"dia_suggestion w71\">\u00een<\/span><span class=\"dia_suggestion w75\">faza<\/span><span class=\"dia_suggestion w76\">c\u0103ut\u0103rii<\/span> unui constructor.<\/p>\n<p><span class=\"dia_suggestion w79\">C\u00e2nd<\/span> vor <span class=\"dia_suggestion w81\">fi<\/span><span class=\"dia_suggestion w82\">gata<\/span>, cele trei obiective\u00a0ar <span class=\"dia_suggestion w89\">urma<\/span>\u00a0<span class=\"dia_suggestion w90\">s\u0103<\/span> completeze Inelul 2 de circula\u021bie <span class=\"dia_suggestion w25\"><span class=\"dia_suggestion w42\"><span class=\"dia_suggestion w95\">la<\/span><\/span><\/span> Timi\u0219oara.<\/p>\n<p><strong><span>CITE\u0218TE \u0218I:<\/span><a href=\"https:\/\/www.opiniatimisoarei.ro\/se-va-juca-fotbal-si-pe-acoperis-si-s-au-montat-scaunele-in-tribuna-stadiul-lucrarilor-la-stadionul-stiinta-din-timisoara-video\/02\/07\/2026\">Se va juca fotbal \u0219i pe acoperi\u0219 \u0219i s-au montat scaunele \u00een tribun\u0103. Stadiul lucr\u0103rilor la Stadionul \u0218tiin\u021ba din Timi\u0219oara. VIDEO<\/a><\/strong><\/p>\n<p>A fost <span class=\"dia_suggestion w2\">lansat\u0103<\/span><span class=\"dia_suggestion w3\">licita\u021bia<\/span> pentru <span class=\"dia_suggestion w5\">g\u0103sirea<\/span> unei firme <span class=\"dia_suggestion w8\">care<\/span><span class=\"dia_suggestion w9\">s\u0103<\/span> amenajeze acest traseu <span class=\"dia_suggestion w13\">\u0219i<\/span><span class=\"dia_suggestion w14\">s\u0103<\/span> ridice cele <span class=\"dia_suggestion w17\">dou\u0103<\/span> poduri, pentru <span class=\"dia_suggestion w20\">acestea<\/span><span class=\"dia_suggestion w21\">din<\/span><span class=\"dia_suggestion w22\">urm\u0103<\/span> proiectele <span class=\"dia_suggestion w24\">fiind<\/span> donate <span class=\"dia_suggestion w26\">Prim\u0103riei<\/span><span class=\"dia_suggestion w27\">Timi\u0219oara<\/span> de <span class=\"dia_suggestion w29\">c\u0103tre<\/span> dezvoltatorul ISHO, <span class=\"dia_suggestion w0\">condi\u021bie<\/span><span class=\"dia_suggestion w1\">pus\u0103<\/span> acum 10 ani de c<span class=\"dia_suggestion w1\">\u0103<\/span>tre <span class=\"dia_suggestion w3\">administra\u021bia<\/span> Robu <span class=\"dia_suggestion w5\">\u00eenc\u0103<\/span> de <span class=\"dia_suggestion w7\">la<\/span> demararea lucr<span class=\"dia_suggestion w5\">\u0103<\/span>rilor pentru cartierul <span class=\"dia_suggestion w10\">reziden\u021bial<\/span>.<\/p>\n<div id=\"attachment_865390\" class=\"wp-caption aligncenter\"><a href=\"https:\/\/www.opiniatimisoarei.ro\/wp-content\/uploads\/2025\/11\/ISHO.jpg\"><img loading=\"lazy\" decoding=\"async\" aria-describedby=\"caption-attachment-865390\" class=\"size-full wp-image-865390\" src=\"https:\/\/www.opiniatimisoarei.ro\/wp-content\/uploads\/2025\/11\/ISHO.jpg\" alt=\"Drumul care traverseaz\u0103 cartierul ISHO, donat Prim\u0103riei Timi\u0219oara\" width=\"1080\" height=\"505\"><\/a><\/p>\n<p id=\"caption-attachment-865390\" class=\"wp-caption-text\">Drumul care traverseaz\u0103 cartierul ISHO, donat Prim\u0103riei Timi\u0219oara<\/p>\n<\/div>\n<p>Valoarea <span class=\"dia_suggestion w293\">estimat\u0103<\/span> a contractului pentru drum <span class=\"dia_suggestion w34\">\u0219<\/span>i poduri este de 81.097.303 lei <span class=\"dia_suggestion w7\">f\u0103r\u0103<\/span> TVA, <span class=\"dia_suggestion w9\">adic\u0103<\/span> aproximativ 20 de milioane de euro cu TVA, <span class=\"dia_suggestion w17\">cea<\/span><span class=\"dia_suggestion w18\">mai<\/span><span class=\"dia_suggestion w19\">mare<\/span><span class=\"dia_suggestion w20\">parte<\/span><span class=\"dia_suggestion w21\">fiind<\/span><span class=\"dia_suggestion w22\">asigurat\u0103<\/span><span class=\"dia_suggestion w23\">din<\/span> fonduri europene <span class=\"dia_suggestion w26\"><span class=\"dia_suggestion w58\">prin<\/span><\/span>\u00a0Programul Regional 2021-2027 \u2013 Programul Regional Vest.<\/p>\n<p>Firmele interesate <span class=\"dia_suggestion w34\">\u00ee\u0219i<\/span> pot depune ofertele <span class=\"dia_suggestion w38\">p\u00e2n\u0103<\/span><span class=\"dia_suggestion w39\">\u00een<\/span> 10 august.<\/p>\n<p><a href=\"https:\/\/www.opiniatimisoarei.ro\/wp-content\/uploads\/2026\/07\/ISHO-poduri-2.jpg\"><img loading=\"lazy\" decoding=\"async\" class=\"aligncenter size-full wp-image-882076\" src=\"https:\/\/www.opiniatimisoarei.ro\/wp-content\/uploads\/2026\/07\/ISHO-poduri-2.jpg\" alt=\"\" width=\"1080\" height=\"660\"><\/a><\/p>\n<p><span class=\"dia_suggestion w41\">Din<\/span> momentul ordinului de <span class=\"dia_suggestion w45\">\u00eencepere<\/span>, <span class=\"dia_suggestion w46\">lucr\u0103rile<\/span> trebuie <span class=\"dia_suggestion w48\">s\u0103<\/span> fie <span class=\"dia_suggestion w50\">gata<\/span><span class=\"dia_suggestion w39\">\u00een<\/span> 2 ani, iar <span class=\"dia_suggestion w54\">garan\u021bia<\/span><span class=\"dia_suggestion w55\">fixat\u0103<\/span> de <span class=\"dia_suggestion w57\">prim\u0103rie<\/span><span class=\"dia_suggestion w26\"><span class=\"dia_suggestion w58\">prin<\/span><\/span> caietul de sarcini este de 5 ani.<\/p>\n<p><a href=\"https:\/\/www.opiniatimisoarei.ro\/wp-content\/uploads\/2026\/07\/ISHO-poduri-1.jpg\"><img loading=\"lazy\" decoding=\"async\" class=\"aligncenter size-full wp-image-882075\" src=\"https:\/\/www.opiniatimisoarei.ro\/wp-content\/uploads\/2026\/07\/ISHO-poduri-1.jpg\" alt=\"\" width=\"1080\" height=\"666\"><\/a><\/p>\n<p>Investi\u021bia complet<span class=\"dia_suggestion w46\">\u0103<\/span>, care <span class=\"dia_suggestion w61\"><span class=\"dia_suggestion w148\"><span class=\"dia_suggestion w274\"><span class=\"dia_suggestion w283\">va<\/span><\/span><\/span><\/span> \u00eenchide sec\u021biunea de <span class=\"dia_suggestion w152\">Est<\/span> a Inelului 2 de trafic din Timi\u0219oara, va include \u0219i reamenajarea unor <span class=\"dia_suggestion w187\">str\u0103zi<\/span> secundare, pe o lungime de <span class=\"dia_suggestion w3\"><span class=\"dia_suggestion w18\"><span class=\"dia_suggestion w102\"><span class=\"dia_suggestion w193\"><span class=\"dia_suggestion w260\"><span class=\"dia_suggestion w300\">peste<\/span><\/span><\/span><\/span><\/span><\/span> 1,5 kilometri. Astfel, \u00een proiect au fost <span class=\"dia_suggestion w200\">incluse<\/span> str\u0103zile Enric Baader (tronson \u00cenfr\u0103\u021birii \u2013 Take Ionescu), bulevardul Take Ionescu (tronson Baader \u2013 \u00cenfr\u0103\u021birii \u2013 Acad. Dimitrie <span class=\"dia_suggestion w216\"><span class=\"dia_suggestion w220\">Gusti<\/span><\/span>), <span class=\"dia_suggestion w66\">strada<\/span>\u00a0Acad. Dimitrie Gusti (tronson Take Ionescu \u2013 Andrei Mocioni), Splaiul Protopop Mele\u021bie Dr\u0103ghici, <span class=\"dia_suggestion w217\">strad\u0103<\/span> Andrei Mocioni, Splaiul Nistrului (tronson Sfetca \u2013 Miclo\u0219i) \u0219i <span class=\"dia_suggestion w230\">strada<\/span> Acad. Corneliu Miclo\u0219i. De asemenea, vor <span class=\"dia_suggestion w246\"><span class=\"dia_suggestion w275\"><span class=\"dia_suggestion w284\">fi<\/span><\/span><\/span> modernizate trotuarele \u0219i <span class=\"dia_suggestion w250\">se<\/span> vor <span class=\"dia_suggestion w62\"><span class=\"dia_suggestion w252\">amenaja<\/span><\/span><span class=\"dia_suggestion w253\">piste<\/span> de biciclete. Aceste lucr<span class=\"dia_suggestion w46\">\u0103<\/span>ri complementare vor costa inc<span class=\"dia_suggestion w46\">\u0103<\/span> aproximativ 8 milioane de euro.<\/p>\n<p>***<\/p>\n<p><strong><span class=\"dia_suggestion w0\">Mai<\/span><span class=\"dia_suggestion w1\">multe<\/span><span class=\"dia_suggestion w2\">g\u0103si\u021bi<\/span> pe <span class=\"dia_suggestion w4\">pagina noastr<span class=\"dia_suggestion w0\">\u0103<\/span><\/span>\u00a0de <a href=\"https:\/\/www.facebook.com\/OpiniaTM\/?ref=page_internal\" target=\"_blank\" rel=\"noopener\">Facebook opiniatimisoarei.ro<\/a>!<\/strong><\/p>\n<p><strong><span class=\"dia_suggestion w0\">Dac\u0103<\/span><span class=\"dia_suggestion w1\">a\u021bi<\/span> fost martorii unui eveniment <span class=\"dia_suggestion w6\">sau<\/span><span class=\"dia_suggestion w7\">ai<\/span> unei <span class=\"dia_suggestion w9\">situa\u021bii<\/span><span class=\"dia_suggestion w10\">neobi\u0219nuite<\/span><span class=\"dia_suggestion w11\">care<\/span> ar <span class=\"dia_suggestion w13\">putea<\/span> deveni subiect de <span class=\"dia_suggestion w17\">\u0219tire<\/span>, <span class=\"dia_suggestion w18\">contacta\u021bi<\/span>-ne <span class=\"dia_suggestion w20\">la<\/span><span><a href=\"https:\/\/www.opiniatimisoarei.ro\/cdn-cgi\/l\/email-protection\" class=\"__cf_email__\" data-cfemail=\"fc8e99989d9f889599bc938c9592959d889591958f939d8e9995d28e93\">[email\u00a0protected]<\/a>,<\/span>\u00a0 pe <a href=\"https:\/\/www.facebook.com\/OpiniaTM\">FB<\/a><span>sau pe contul nostru de<\/span><a href=\"https:\/\/www.instagram.com\/opiniatimisoarei.ro\/\" target=\"_blank\" rel=\"noopener\">Instagram<\/a>!<\/strong><\/p>\n<p><strong><span>CITESTE SI<\/span>: <a href=\"https:\/\/www.opiniatimisoarei.ro\/afli-primul-tot-ceea-ce-se-intampla-cu-adevarat-important-in-timisoara-si-in-regiune-cu-aplicatia-de-stiri-opinia-timisoarei-3-tipuri-de-alerte-te-tin-mereu-conectat-la-evenimente-descarca-gratuit-a\/31\/10\/2022\">Afli primul tot ceea ce se intampla cu adevarat important in Timisoara si in regiune cu Aplicatia de stiri Opinia Timisoarei. 3 tipuri de alerte te tin mereu conectat la evenimente. Descarca gratuit Aplicatia OT aici!<\/a><\/strong><\/p>\n<\/div>\n<p>[analyse_source url=&#8221;https:\/\/www.opiniatimisoarei.ro\/2-noi-poduri-peste-bega-si-drumul-prin-cartierul-isho-in-cautarea-unui-constructor-licitatie-de-20-de-milioane-de-euro-pentru-completarea-inelului-2-de-circulatie-la-timisoara\/02\/07\/2026&#8243;]<\/p>\n","protected":false},"excerpt":{"rendered":"<p>[analyse_image type=&#8221;featured&#8221; src=&#8221;https:\/\/www.opiniatimisoarei.ro\/wp-content\/uploads\/2025\/12\/ISHO-drum-poduri-728&#215;336.jpghttps:\/\/www.opiniatimisoarei.ro\/wp-content\/uploads\/2025\/12\/ISHO-drum-poduri.jpg&#8221;] TIMI\u0218OARA. Amenajarea tronsonului cuprins \u00eentre strada\u00a0Aristide Demetriade \u0219i Bulevardul J.H. Pestalozzi, cu extinderea lapatru benzi de circula\u021bie, dou\u0103 pe sens, pe o lungime de pu\u021binpeste 1 kilometru, precum \u0219i prin construirea unui pod rutier, respectiv a unei pasarele pietonale peste Bega \u00een zona ISHO, \u00eenfazac\u0103ut\u0103rii unui constructor. C\u00e2nd vor figata, cele trei [&hellip;]<\/p>\n","protected":false},"author":1,"featured_media":0,"comment_status":"open","ping_status":"","sticky":false,"template":"","format":"standard","meta":{"footnotes":""},"categories":[89],"tags":[226,190],"class_list":["post-2027050","post","type-post","status-publish","format-standard","hentry","category-romania","tag-crawlmanager","tag-opiniatimisoarei-ro"],"_links":{"self":[{"href":"https:\/\/analyse.optim.biz\/index.php?rest_route=\/wp\/v2\/posts\/2027050","targetHints":{"allow":["GET"]}}],"collection":[{"href":"https:\/\/analyse.optim.biz\/index.php?rest_route=\/wp\/v2\/posts"}],"about":[{"href":"https:\/\/analyse.optim.biz\/index.php?rest_route=\/wp\/v2\/types\/post"}],"author":[{"embeddable":true,"href":"https:\/\/analyse.optim.biz\/index.php?rest_route=\/wp\/v2\/users\/1"}],"replies":[{"embeddable":true,"href":"https:\/\/analyse.optim.biz\/index.php?rest_route=%2Fwp%2Fv2%2Fcomments&post=2027050"}],"version-history":[{"count":0,"href":"https:\/\/analyse.optim.biz\/index.php?rest_route=\/wp\/v2\/posts\/2027050\/revisions"}],"wp:attachment":[{"href":"https:\/\/analyse.optim.biz\/index.php?rest_route=%2Fwp%2Fv2%2Fmedia&parent=2027050"}],"wp:term":[{"taxonomy":"category","embeddable":true,"href":"https:\/\/analyse.optim.biz\/index.php?rest_route=%2Fwp%2Fv2%2Fcategories&post=2027050"},{"taxonomy":"post_tag","embeddable":true,"href":"https:\/\/analyse.optim.biz\/index.php?rest_route=%2Fwp%2Fv2%2Ftags&post=2027050"}],"curies":[{"name":"wp","href":"https:\/\/api.w.org\/{rel}","templated":true}]}}