{"id":2027048,"date":"2026-07-02T07:19:10","date_gmt":"2026-07-02T04:19:10","guid":{"rendered":"https:\/\/analyse.optim.biz\/?p=2027048"},"modified":"2026-07-02T07:19:10","modified_gmt":"2026-07-02T04:19:10","slug":"se-va-juca-fotbal-si-pe-acoperis-si-s-au-montat-scaunele-in-tribuna-stadiul-lucrarilor-la-stadionul-stiinta-din-timisoara-video","status":"publish","type":"post","link":"https:\/\/analyse.optim.biz\/?p=2027048","title":{"rendered":"Se va juca fotbal \u0219i pe acoperi\u0219 \u0219i s-au montat scaunele \u00een tribun\u0103. Stadiul lucr\u0103rilor la Stadionul \u0218tiin\u021ba din Timi\u0219oara. VIDEO"},"content":{"rendered":"<p>[analyse_image type=&#8221;featured&#8221; src=&#8221;https:\/\/www.opiniatimisoarei.ro\/wp-content\/uploads\/2026\/07\/colaj-sttinta-mai-728&#215;336.pnghttps:\/\/www.opiniatimisoarei.ro\/wp-content\/uploads\/2026\/07\/colaj-sttinta-mai.png&#8221;]<\/p>\n<div class=\"the_content\">\n<p><strong>TIMISOARA.<\/strong> Lucr\u0103rile la stadionul \u0218tiin\u021ba se desf\u0103\u0219oar\u0103 se apropie de final, iar p\u00e2n\u0103 la debutul viitoarei stagiuni fotbalistice, noua tribun\u0103 a arenei, ce zilele trecute a \u00eemplinit 98 de ani de la inaugurare, ar putea fi gata.<\/p>\n<p><strong><span>CITE\u0218TE \u0218I:<\/span><a href=\"https:\/\/www.opiniatimisoarei.ro\/e-oficial-electrica-va-fi-casa-lui-poli-timisoara-in-liga-secunda-foto\/30\/06\/2026\">E oficial. Electrica va fi casa lui Poli Timi\u0219oara \u00een liga secund\u0103. FOTO<\/a><\/strong><\/p>\n<p>Deja au fost montate scaunele alb-violet \u00een tribun\u0103, balustrada de protec\u021bie dinspre pist\u0103 fiind fixat\u0103 de mai bine de dou\u0103 luni. Nu a fost instalat\u0103 \u00eens\u0103 \u0219i pe sc\u0103rile de urcare, aflate de o parte \u0219i de alta a construc\u021biei.<\/p>\n<p>De asemenea, muncitorii au montat deja suprafa\u021ba de joc pe cele dou\u0103 terenuri de minifotbal ce au fost amenajate pe acoperi\u0219. Acestea au fost \u00eengr\u0103dite si au fost monta\u021bi \u0219i st\u00e2lpii de iluminat.<\/p>\n<p>Muncitorii lucreaz\u0103 \u00een continuare la finisajele interioare, dar diferite interven\u021bii se fac \u0219i \u00een partea din spate a noii tribune, spre strada Traian Lalescu.<\/p>\n<iframe loading=\"lazy\" title=\"Stadionul \u0218tiin\u021ba - Politehnica Timi\u0219oara - Stadiu lucr\u0103ri 01.07.2026 #cona\" width=\"728\" height=\"410\" src=\"https:\/\/www.youtube.com\/embed\/6KTInSLYWkA?feature=oembed&amp;wmode=opaque&amp;rel=0\" frameborder allow=\"accelerometer; autoplay; clipboard-write; encrypted-media; gyroscope; picture-in-picture; web-share\" referrerpolicy=\"strict-origin-when-cross-origin\" allowfullscreen><\/iframe>\n<p><span class=\"dia_suggestion w0\">P\u00e2n\u0103<\/span><span class=\"dia_suggestion w1\">la<\/span><span class=\"dia_suggestion w2\">sf\u00e2r\u0219itul<\/span> verii, Stadionul <span class=\"dia_suggestion w5\">\u0218tiin\u021ba<\/span>\u00a0<span class=\"dia_suggestion w6\">va<\/span><span class=\"dia_suggestion w7\">fi<\/span><span class=\"dia_suggestion w8\">gata<\/span>.<\/p>\n<p>V\u0103 reamintim, valoarea investi\u021biei este de 10 milioane de euro, finantarea fiind asigurat\u0103 de la bugetul de stat.<\/p>\n<p>Cu toate c\u0103 lucr\u0103rile sunt \u00een toi, pe terenul de pe baza \u0218tiin\u021ba s-au disputat meciuri \u00een stagiunea precedent\u0103. Fetele de la Politehnica Timi\u0219oara au c\u00e2\u0219tigat medalia de bronz pe aceast\u0103 aren\u0103 \u00een fa\u021ba Universit\u0103\u021bii Olimpia Cluj \u00een Superliga fetelor.<\/p>\n<p>***<\/p>\n<p>Stadionul \u0218tiin\u021ba a fost inaugurat \u00een 28 iunie 1928, la acea vreme numindu-se Arena Politehnica.<\/p>\n<p>Timp de 35 de ani Politehnica Timi\u0219oara \u0219i-a disputat meciurile pe acest stadion. Aici Poli a primit vizita unor forma\u021bii de legend\u0103 ale acelor vremuri, precum Kadima, Chinezul, ANEF sau ITA (viitoarea UT Arad).<\/p>\n<p>Arena a fost modernizat\u0103 \u00een mai multe etape. A fost redeschis\u0103 pe 7 noiembrie 1948, cu ocazia meciului dintre Politehnica Timi\u0219oara \u0219i CFR Bucure\u0219ti, \u00eencheiat cu victoria timi\u0219orenilor cu 1-0.<\/p>\n<p>***<\/p>\n<p><strong><span class=\"dia_suggestion w0\">Mai<\/span>\u00a0<span class=\"dia_suggestion w1\">multe<\/span>\u00a0<span class=\"dia_suggestion w2\">g\u0103si\u021bi<\/span>\u00a0pe\u00a0<span class=\"dia_suggestion w4\">pagina noastr<span class=\"dia_suggestion w0\">\u0103<\/span><\/span>\u00a0de\u00a0<a href=\"https:\/\/www.facebook.com\/OpiniaTM\/?ref=page_internal\" target=\"_blank\" rel=\"noopener\">Facebook opiniatimisoarei.ro<\/a>!<\/strong><\/p>\n<p><strong><span class=\"dia_suggestion w0\">Dac\u0103<\/span>\u00a0<span class=\"dia_suggestion w1\">a\u021bi<\/span>\u00a0fost martorii unui eveniment\u00a0<span class=\"dia_suggestion w6\">sau<\/span>\u00a0<span class=\"dia_suggestion w7\">ai<\/span>\u00a0unei\u00a0<span class=\"dia_suggestion w9\">situa\u021bii<\/span>\u00a0<span class=\"dia_suggestion w10\">neobi\u0219nuite<\/span>\u00a0<span class=\"dia_suggestion w11\">care<\/span>\u00a0ar\u00a0<span class=\"dia_suggestion w13\">putea<\/span>\u00a0deveni subiect de\u00a0<span class=\"dia_suggestion w17\">\u0219tire<\/span>,\u00a0<span class=\"dia_suggestion w18\">contacta\u021bi<\/span>-ne\u00a0<span class=\"dia_suggestion w20\">la<\/span>\u00a0<a href=\"https:\/\/www.opiniatimisoarei.ro\/cdn-cgi\/l\/email-protection\" class=\"__cf_email__\" data-cfemail=\"8dffe8e9eceef9e4e8cde2fde4e3e4ecf9e4e0e4fee2ecffe8e4a3ffe2\">[email\u00a0protected]<\/a>,\u00a0 pe\u00a0<a href=\"https:\/\/www.facebook.com\/OpiniaTM\">FB<\/a>\u00a0sau pe contul nostru de\u00a0<a href=\"https:\/\/www.instagram.com\/opiniatimisoarei.ro\/\" target=\"_blank\" rel=\"noopener\">Instagram<\/a>!<\/strong><\/p>\n<p><strong><span>CITESTE SI:<\/span>\u00a0<a href=\"https:\/\/www.opiniatimisoarei.ro\/afli-primul-tot-ceea-ce-se-intampla-cu-adevarat-important-in-timisoara-si-in-regiune-cu-aplicatia-de-stiri-opinia-timisoarei-3-tipuri-de-alerte-te-tin-mereu-conectat-la-evenimente-descarca-gratuit-a\/31\/10\/2022\">Afli primul tot ceea ce se intampla cu adevarat important in Timisoara si in regiune cu Aplicatia de stiri Opinia Timisoarei. 3 tipuri de alerte te tin mereu conectat la evenimente. Descarca gratuit Aplicatia OT aici!<\/a><\/strong><\/p>\n<\/div>\n<p>[analyse_source url=&#8221;https:\/\/www.opiniatimisoarei.ro\/se-va-juca-fotbal-si-pe-acoperis-si-s-au-montat-scaunele-in-tribuna-stadiul-lucrarilor-la-stadionul-stiinta-din-timisoara-video\/02\/07\/2026&#8243;]<\/p>\n","protected":false},"excerpt":{"rendered":"<p>[analyse_image type=&#8221;featured&#8221; src=&#8221;https:\/\/www.opiniatimisoarei.ro\/wp-content\/uploads\/2026\/07\/colaj-sttinta-mai-728&#215;336.pnghttps:\/\/www.opiniatimisoarei.ro\/wp-content\/uploads\/2026\/07\/colaj-sttinta-mai.png&#8221;] TIMISOARA. Lucr\u0103rile la stadionul \u0218tiin\u021ba se desf\u0103\u0219oar\u0103 se apropie de final, iar p\u00e2n\u0103 la debutul viitoarei stagiuni fotbalistice, noua tribun\u0103 a arenei, ce zilele trecute a \u00eemplinit 98 de ani de la inaugurare, ar putea fi gata. CITE\u0218TE \u0218I:E oficial. Electrica va fi casa lui Poli Timi\u0219oara \u00een liga secund\u0103. FOTO Deja [&hellip;]<\/p>\n","protected":false},"author":1,"featured_media":0,"comment_status":"open","ping_status":"","sticky":false,"template":"","format":"standard","meta":{"footnotes":""},"categories":[89],"tags":[226,190],"class_list":["post-2027048","post","type-post","status-publish","format-standard","hentry","category-romania","tag-crawlmanager","tag-opiniatimisoarei-ro"],"_links":{"self":[{"href":"https:\/\/analyse.optim.biz\/index.php?rest_route=\/wp\/v2\/posts\/2027048","targetHints":{"allow":["GET"]}}],"collection":[{"href":"https:\/\/analyse.optim.biz\/index.php?rest_route=\/wp\/v2\/posts"}],"about":[{"href":"https:\/\/analyse.optim.biz\/index.php?rest_route=\/wp\/v2\/types\/post"}],"author":[{"embeddable":true,"href":"https:\/\/analyse.optim.biz\/index.php?rest_route=\/wp\/v2\/users\/1"}],"replies":[{"embeddable":true,"href":"https:\/\/analyse.optim.biz\/index.php?rest_route=%2Fwp%2Fv2%2Fcomments&post=2027048"}],"version-history":[{"count":0,"href":"https:\/\/analyse.optim.biz\/index.php?rest_route=\/wp\/v2\/posts\/2027048\/revisions"}],"wp:attachment":[{"href":"https:\/\/analyse.optim.biz\/index.php?rest_route=%2Fwp%2Fv2%2Fmedia&parent=2027048"}],"wp:term":[{"taxonomy":"category","embeddable":true,"href":"https:\/\/analyse.optim.biz\/index.php?rest_route=%2Fwp%2Fv2%2Fcategories&post=2027048"},{"taxonomy":"post_tag","embeddable":true,"href":"https:\/\/analyse.optim.biz\/index.php?rest_route=%2Fwp%2Fv2%2Ftags&post=2027048"}],"curies":[{"name":"wp","href":"https:\/\/api.w.org\/{rel}","templated":true}]}}