{"id":202700,"date":"2014-06-19T14:21:36","date_gmt":"2014-06-19T11:21:36","guid":{"rendered":"https:\/\/analyse.optim.biz\/?p=202700"},"modified":"2014-06-19T14:21:36","modified_gmt":"2014-06-19T11:21:36","slug":"c-t-popescu-nu-stia-cel-mai-informat-om-din-aceasta-tara-ce-face-fratele-lui-cu-alde-bercea","status":"publish","type":"post","link":"https:\/\/analyse.optim.biz\/?p=202700","title":{"rendered":"C. T. Popescu: \u201eNu \u0219tia cel mai informat om din aceast\u0103 \u021bar\u0103 ce face fratele lui cu alde Bercea?\u201d"},"content":{"rendered":"<div class=\"entry data-app-meta data-app-meta-article\" data-embed-base-url-canonical=\"https:\/\/www.digi24.ro\/embed\/stiri\/actualitate\/politica\/c-t-popescu-nu-stia-cel-mai-informat-om-din-aceasta-tara-ce-face-fratele-lui-cu-alde-bercea-258393\">\n<p data-index=\"1\"><a href=\"https:\/\/www.digi24.ro\/Stiri\/Digi24\/Actualitate\/Politica\/Cazul+Mircea+Basescu-Bercea+Mondial+reactie+Traian+Basescu+\" target=\"_blank\" data-skip-linkfix=\"1\" rel=\"noopener\">Traian B\u0103sescu a avut ast\u0103zi prima reac\u021bie despre aceast\u0103 situa\u021bie<\/a>. \u0218eful statului a spus c\u0103 regret\u0103 faptul c\u0103 Mircea B\u0103sescu s-a implicat \u201e\u00eentr-un astfel de anturaj\u201d \u0219i c\u0103 faptul c\u0103 el este pre\u0219edintele \u021b\u0103rii nu-l ap\u0103r\u0103 pe na\u0219ul de botez al uneia dintre fiicle interlopului <strong>Bercea Mondial<\/strong>.<\/p>\n<p data-index=\"2\"><strong>Cristian Tudor Popescu<\/strong> a declarat, la Digi24, c\u0103 deocamdat\u0103 nu se poate vorbi de demisia sau suspendarea lui Traian B\u0103sescu.<\/p>\n<p data-index=\"3\">\u201e<span>Firesc c\u0103 nu va interveni, cum s\u0103 intervin\u0103 c\u00e2nd scandalul este c\u00e2t Rom\u00e2nia? C\u0103 n-a intervenit, asta afirm\u0103 d\u00e2nsul. Dar nu asta e problema. \u00centrebarea la care trebuie s\u0103 ne r\u0103spundem cu to\u021bii este: de zece ani, domnul Traian B\u0103sescu \u00eencearc\u0103 de fiecare dat\u0103 c\u00e2nd apare la <strong>Cotroceni<\/strong>, \u00een spatele steagurilor, s\u0103 ne conving\u0103 c\u0103 \u0219tie tot despre oricine dore\u0219te s\u0103 \u0219tie din aceast\u0103 \u021bar\u0103\u201d, a spus jurnalistul Cristian Tudor Popescu.<\/span><\/p>\n<p data-index=\"4\">Jurnalistul a exemplificat cazurile \u00een care \u0219eful statului se adresa mini\u0219trilor s\u0103 aib\u0103 grij\u0103 ce discut\u0103 la telefon, \u00een care spunea c\u0103 urmeaz\u0103 dosare grele, despre chemarea lui <strong>Mircea Geoan\u0103<\/strong> la vila lui <strong>Sorin Ovidiu V\u00eentu<\/strong>, cazul \u00een care i-a spus senatoarei <strong>Gabriela Firea<\/strong> c\u0103 nu-l va mai g\u0103si acas\u0103 pe so\u021bul s\u0103u sau c\u0103 Rom\u00e2nia a f\u0103cut o opera\u021biune neautorizat\u0103 pe teritoriul altui stat \u00een cazul aducerii lui <strong>Omar Hayssam<\/strong> \u00een \u021bar\u0103.<\/p>\n<p data-index=\"5\">\u201e<span>Traian B\u0103sescu a avut aceast\u0103 atitudine de securist omniscient pe care ne-a livrat-o de fiecare dat\u0103, ca s\u0103 ajungem la concluzia c\u0103 ele e cel care bag\u0103 ho\u021bii \u0219i corup\u021bii la pu\u0219c\u0103rie, ele e cel care st\u0103p\u00e2ne\u0219te serviciile \u0219i justi\u021bia. De asta a vrut s\u0103 ne conving\u0103 domnul B\u0103sescu\u201d, a subliniat jurnalistul.<\/span><\/p>\n<p data-index=\"6\">\u201e<span>Poate fie \u0219i un sus\u021bin\u0103tor fanatic al lui <strong>Traian B\u0103sescu<\/strong> s\u0103-\u0219i mai pun\u0103 \u00eentrebarea dac\u0103 pre\u0219edintele \u0219tia ce f\u0103cea fratele s\u0103u acum un an, doi, trei, patru ani \u00een vreme ce domnul pre\u0219edinte tuna \u0219i fulgera \u00eempotriva corup\u021bilor \u0219i sus\u021binea justi\u021bia? Nu \u0219tia cel mai informat om din aceast\u0103 \u021bar\u0103 ce face fratele lui cu alde Bercea, nu \u0219tia c\u0103 acolo se vehiculeaz\u0103 sute de mii de euro, 1 milion de dolari, sume care trezesc imediat reac\u021bia serviciilor secrete? \u0218i ne spune domnul B\u0103sescu c\u0103 nu \u0219tia, c\u0103 are la dispozi\u021bie doar varianta pe care i-a povestit-o fr\u0103\u021be\u0219te Mircea. Asta e \u00eentrebarea\u201d, a continuat Cristian Tudor Popescu.<\/span><\/p>\n<p data-index=\"7\">El a mai spus c\u0103 Traian B\u0103sescu<strong> \u201ea executat acum o diversiune, c\u0103 nu a intervenit, asta o s\u0103 se vad\u0103\u201d<\/strong>.<\/p>\n<p data-index=\"8\">\u201e<span>\u00centreb\u0103m asta: cum poate s\u0103 afirme c\u0103 nu \u0219tia ce se \u00eent\u00e2mpl\u0103 cu fratele lui \u0219i cu clanul Bercea?\u201d, a men\u021bionat el.<\/span><\/p>\n<p data-index=\"9\"><strong>Cristian Tudor Popescu<\/strong> a mai spus c\u0103 pentru Traian B\u0103sescu nu mai exist\u0103 via\u021b\u0103 politic\u0103.<\/p>\n<p data-index=\"10\">\u201e<span>Nu mai are deja o solu\u021bie prin care s\u0103 se men\u021bin\u0103 \u00een via\u021b\u0103 la propriu, pentru Traian B\u0103asescu in afara combinalegii politice nu exist\u0103 via\u021b\u0103, asta e viata lui \u0219i singurul lui obiectiv era s\u0103 r\u0103m\u00e2n\u0103 \u00eentr-un fel \u00een via\u021ba politic\u0103, \u00eentr-o func\u021bie, ceva, s\u0103 se aga\u021be\u201d, a sublinat jurnalistul.<\/span><\/p>\n<p data-index=\"11\">El a mai spus c\u0103 Traian B\u0103sescu a intervenit public \u00een justi\u021bie, oferind ca exemplu anun\u021burile prin care \u0219eful statului spunea c\u0103 \u0219tie ce dosare urmeaz\u0103.\u00a0<\/p>\n<\/div>\n<p> Source URL: https:\/\/www.digi24.ro\/stiri\/actualitate\/politica\/c-t-popescu-nu-stia-cel-mai-informat-om-din-aceasta-tara-ce-face-fratele-lui-cu-alde-bercea-258393<\/p>\n","protected":false},"excerpt":{"rendered":"<p>Traian B\u0103sescu a avut ast\u0103zi prima reac\u021bie despre aceast\u0103 situa\u021bie. \u0218eful statului a spus c\u0103 regret\u0103 faptul c\u0103 Mircea B\u0103sescu s-a implicat \u201e\u00eentr-un astfel de anturaj\u201d \u0219i c\u0103 faptul c\u0103 el este pre\u0219edintele \u021b\u0103rii nu-l ap\u0103r\u0103 pe na\u0219ul de botez al uneia dintre fiicle interlopului Bercea Mondial. Cristian Tudor Popescu a declarat, la Digi24, c\u0103 [&hellip;]<\/p>\n","protected":false},"author":1,"featured_media":202701,"comment_status":"open","ping_status":"","sticky":false,"template":"","format":"standard","meta":{"footnotes":""},"categories":[2],"tags":[11],"class_list":["post-202700","post","type-post","status-publish","format-standard","has-post-thumbnail","hentry","category-politics","tag-digi24"],"_links":{"self":[{"href":"https:\/\/analyse.optim.biz\/index.php?rest_route=\/wp\/v2\/posts\/202700","targetHints":{"allow":["GET"]}}],"collection":[{"href":"https:\/\/analyse.optim.biz\/index.php?rest_route=\/wp\/v2\/posts"}],"about":[{"href":"https:\/\/analyse.optim.biz\/index.php?rest_route=\/wp\/v2\/types\/post"}],"author":[{"embeddable":true,"href":"https:\/\/analyse.optim.biz\/index.php?rest_route=\/wp\/v2\/users\/1"}],"replies":[{"embeddable":true,"href":"https:\/\/analyse.optim.biz\/index.php?rest_route=%2Fwp%2Fv2%2Fcomments&post=202700"}],"version-history":[{"count":0,"href":"https:\/\/analyse.optim.biz\/index.php?rest_route=\/wp\/v2\/posts\/202700\/revisions"}],"wp:featuredmedia":[{"embeddable":true,"href":"https:\/\/analyse.optim.biz\/index.php?rest_route=\/wp\/v2\/media\/202701"}],"wp:attachment":[{"href":"https:\/\/analyse.optim.biz\/index.php?rest_route=%2Fwp%2Fv2%2Fmedia&parent=202700"}],"wp:term":[{"taxonomy":"category","embeddable":true,"href":"https:\/\/analyse.optim.biz\/index.php?rest_route=%2Fwp%2Fv2%2Fcategories&post=202700"},{"taxonomy":"post_tag","embeddable":true,"href":"https:\/\/analyse.optim.biz\/index.php?rest_route=%2Fwp%2Fv2%2Ftags&post=202700"}],"curies":[{"name":"wp","href":"https:\/\/api.w.org\/{rel}","templated":true}]}}