{"id":2026985,"date":"2026-07-04T14:19:36","date_gmt":"2026-07-04T11:19:36","guid":{"rendered":"https:\/\/analyse.optim.biz\/?p=2026985"},"modified":"2026-07-04T14:19:36","modified_gmt":"2026-07-04T11:19:36","slug":"marcel-ciolacu-a-fost-ales-presedinte-al-consiliului-pentru-dezvoltare-regionala-sud-est","status":"publish","type":"post","link":"https:\/\/analyse.optim.biz\/?p=2026985","title":{"rendered":"Marcel Ciolacu a fost ales pre\u0219edinte al Consiliului pentru Dezvoltare Regional\u0103 Sud-Est"},"content":{"rendered":"<p>[analyse_image type=&#8221;featured&#8221; src=&#8221;https:\/\/revistaverde.ro\/wp-content\/uploads\/2026\/07\/CIOLACU-FONDURI.jpg&#8221;]<\/p>\n<article id=\"post-15637\" class=\"post-15637 post type-post status-publish format-standard has-post-thumbnail hentry category-eco-nomie category-evnimente category-international\">\n<header class=\"entry-header mh-clearfix\">\n<h1 class=\"entry-title\">Marcel Ciolacu a fost ales pre\u0219edinte al Consiliului pentru Dezvoltare Regional\u0103 Sud-Est<\/h1>\n<p class=\"mh-meta entry-meta\"><span class=\"entry-meta-date updated\"><a href=\"https:\/\/revistaverde.ro\/2026\/07\/\">iulie 4, 2026<\/a><\/span><span class=\"entry-meta-author author vcard\"><a class=\"fn\" href=\"https:\/\/revistaverde.ro\/author\/revistaverdefrumoasa2017\/\">M\u0103rg\u0103rit GROSU<\/a><\/span><span class=\"entry-meta-categories\"><a href=\"https:\/\/revistaverde.ro\/category\/eco-nomie\/\" rel=\"category tag\">ECO-NOMIE<\/a>, <a href=\"https:\/\/revistaverde.ro\/category\/local\/evnimente\/\" rel=\"category tag\">Evenimente<\/a>, <a href=\"https:\/\/revistaverde.ro\/category\/international\/\" rel=\"category tag\">international<\/a><\/span><span class=\"entry-meta-comments\"><a class=\"mh-comment-scroll\" href=\"https:\/\/revistaverde.ro\/2026\/07\/04\/marcel-ciolacu-a-fost-ales-presedinte-al-consiliului-pentru-dezvoltare-regionala-sud-est\/#mh-comments\">0<\/a><\/span><\/p>\n<\/header>\n<div class=\"entry-content mh-clearfix\">\n<figure class=\"entry-thumbnail\"><img decoding=\"async\" src=\"https:\/\/revistaverde.ro\/wp-content\/uploads\/2026\/07\/CIOLACU-FONDURI-678x381.jpg\" alt title=\"CIOLACU FONDURI\"><\/figure>\n<p>Pre\u0219edintele Consiliului Jude\u021bean Buz\u0103u, Marcel Ciolacu, a fost ales \u00een func\u021bia de pre\u0219edinte al Consiliului pentru Dezvoltare Regional\u0103 Sud-Est, <\/p>\n<p>\u201dAst\u0103zi, la Buz\u0103u, am g\u0103zduit \u0219edin\u021ba Consiliului pentru Dezvoltare Regional\u0103 Sud-Est, al\u0103turi de colegii mei, pre\u0219edin\u021bi ai consiliilor jude\u021bene \u0219i primari din regiune \u0219i reprezentan\u021bii Agen\u021biei pentru Dezvoltare Regional\u0103 Sud-Est.<\/p>\n<p>Am discutat despre implementarea Programului Regional Sud-Est 2021\u20132027, investi\u021biile aflate \u00een derulare \u0219i direc\u021biile de dezvoltare pentru urm\u0103torii ani, precum \u0219i despre continuarea procesului de descentralizare a gestion\u0103rii fondurilor europene.<\/p>\n<p>\u00cen cadrul \u0219edin\u021bei, am fost ales pre\u0219edinte al Consiliului pentru Dezvoltare Regional\u0103 Sud-Est. Le mul\u021bumesc colegilor pentru votul de \u00eencredere. Prioritatea mea este ca regiunea noastr\u0103 s\u0103 atrag\u0103 c\u00e2t mai multe investi\u021bii \u0219i s\u0103 transform\u0103m oportunit\u0103\u021bile de finan\u021bare \u00een proiecte care se v\u0103d \u00een fiecare jude\u021b.<\/p>\n<p>Sunt convins c\u0103 prin colaborare \u0219i o viziune comun\u0103 putem accelera dezvoltarea regiunii \u0219i putem valorifica mult mai bine fondurile europene, \u00een beneficiul comunit\u0103\u021bilor pe care le reprezent\u0103m\u201d, a declarat, pe pagina sa de socializare, pre\u0219edintele Consiliului Jude\u021bean Buz\u0103u, Marcel Ciolacu.<\/p>\n<div class=\"col-md-2 col-sm-4 col-xs-4\"> .col-md-2 { float:left; width: 16.6667%; } <\/div>\n<div class=\"col-md-2 col-sm-4 col-xs-4\"> .col-md-2 { float:left; width: 16.6667%; } <\/p>\n<div class=\"fb-share-button\" data-href=\"https:\/\/revistaverde.ro\/2026\/07\/04\/marcel-ciolacu-a-fost-ales-presedinte-al-consiliului-pentru-dezvoltare-regionala-sud-est\/\" data-layout=\"button\" data-size=\"large\" data-mobile-iframe=\"true\"><a class=\"fb-xfbml-parse-ignore\" target=\"_blank\" href=\"https:\/\/www.facebook.com\/sharer\/sharer.php?u=https%3A%2F%2Frevistaverde.ro%2F2026%2F07%2F04%2Fmarcel-ciolacu-a-fost-ales-presedinte-al-consiliului-pentru-dezvoltare-regionala-sud-est%2F&amp;src=sdkpreparse\">Share<\/a><\/div>\n<\/div>\n<div class=\"col-md-2 col-sm-4 col-xs-4\"> .col-md-2 { float:left; width: 16.6667%; } <\/div>\n<\/div>\n<\/article>\n<div class=\"entry-content mh-clearfix\">\n<figure class=\"entry-thumbnail\"><img decoding=\"async\" src=\"https:\/\/revistaverde.ro\/wp-content\/uploads\/2026\/07\/CIOLACU-FONDURI-678x381.jpg\" alt title=\"CIOLACU FONDURI\"><\/figure>\n<p>Pre\u0219edintele Consiliului Jude\u021bean Buz\u0103u, Marcel Ciolacu, a fost ales \u00een func\u021bia de pre\u0219edinte al Consiliului pentru Dezvoltare Regional\u0103 Sud-Est, <\/p>\n<p>\u201dAst\u0103zi, la Buz\u0103u, am g\u0103zduit \u0219edin\u021ba Consiliului pentru Dezvoltare Regional\u0103 Sud-Est, al\u0103turi de colegii mei, pre\u0219edin\u021bi ai consiliilor jude\u021bene \u0219i primari din regiune \u0219i reprezentan\u021bii Agen\u021biei pentru Dezvoltare Regional\u0103 Sud-Est.<\/p>\n<p>Am discutat despre implementarea Programului Regional Sud-Est 2021\u20132027, investi\u021biile aflate \u00een derulare \u0219i direc\u021biile de dezvoltare pentru urm\u0103torii ani, precum \u0219i despre continuarea procesului de descentralizare a gestion\u0103rii fondurilor europene.<\/p>\n<p>\u00cen cadrul \u0219edin\u021bei, am fost ales pre\u0219edinte al Consiliului pentru Dezvoltare Regional\u0103 Sud-Est. Le mul\u021bumesc colegilor pentru votul de \u00eencredere. Prioritatea mea este ca regiunea noastr\u0103 s\u0103 atrag\u0103 c\u00e2t mai multe investi\u021bii \u0219i s\u0103 transform\u0103m oportunit\u0103\u021bile de finan\u021bare \u00een proiecte care se v\u0103d \u00een fiecare jude\u021b.<\/p>\n<p>Sunt convins c\u0103 prin colaborare \u0219i o viziune comun\u0103 putem accelera dezvoltarea regiunii \u0219i putem valorifica mult mai bine fondurile europene, \u00een beneficiul comunit\u0103\u021bilor pe care le reprezent\u0103m\u201d, a declarat, pe pagina sa de socializare, pre\u0219edintele Consiliului Jude\u021bean Buz\u0103u, Marcel Ciolacu.<\/p>\n<div class=\"col-md-2 col-sm-4 col-xs-4\"> .col-md-2 { float:left; width: 16.6667%; } <\/div>\n<div class=\"col-md-2 col-sm-4 col-xs-4\"> .col-md-2 { float:left; width: 16.6667%; } <\/p>\n<div class=\"fb-share-button\" data-href=\"https:\/\/revistaverde.ro\/2026\/07\/04\/marcel-ciolacu-a-fost-ales-presedinte-al-consiliului-pentru-dezvoltare-regionala-sud-est\/\" data-layout=\"button\" data-size=\"large\" data-mobile-iframe=\"true\"><a class=\"fb-xfbml-parse-ignore\" target=\"_blank\" href=\"https:\/\/www.facebook.com\/sharer\/sharer.php?u=https%3A%2F%2Frevistaverde.ro%2F2026%2F07%2F04%2Fmarcel-ciolacu-a-fost-ales-presedinte-al-consiliului-pentru-dezvoltare-regionala-sud-est%2F&amp;src=sdkpreparse\">Share<\/a><\/div>\n<\/div>\n<div class=\"col-md-2 col-sm-4 col-xs-4\"> .col-md-2 { float:left; width: 16.6667%; } <\/div>\n<\/div>\n<p>[analyse_source url=&#8221;https:\/\/revistaverde.ro\/2026\/07\/04\/marcel-ciolacu-a-fost-ales-presedinte-al-consiliului-pentru-dezvoltare-regionala-sud-est\/&#8221;]<\/p>\n","protected":false},"excerpt":{"rendered":"<p>[analyse_image type=&#8221;featured&#8221; src=&#8221;https:\/\/revistaverde.ro\/wp-content\/uploads\/2026\/07\/CIOLACU-FONDURI.jpg&#8221;] Marcel Ciolacu a fost ales pre\u0219edinte al Consiliului pentru Dezvoltare Regional\u0103 Sud-Est iulie 4, 2026M\u0103rg\u0103rit GROSUECO-NOMIE, Evenimente, international0 Pre\u0219edintele Consiliului Jude\u021bean Buz\u0103u, Marcel Ciolacu, a fost ales \u00een func\u021bia de pre\u0219edinte al Consiliului pentru Dezvoltare Regional\u0103 Sud-Est, \u201dAst\u0103zi, la Buz\u0103u, am g\u0103zduit \u0219edin\u021ba Consiliului pentru Dezvoltare Regional\u0103 Sud-Est, al\u0103turi de colegii mei, [&hellip;]<\/p>\n","protected":false},"author":1,"featured_media":0,"comment_status":"open","ping_status":"","sticky":false,"template":"","format":"standard","meta":{"footnotes":""},"categories":[2],"tags":[226,57],"class_list":["post-2026985","post","type-post","status-publish","format-standard","hentry","category-politics","tag-crawlmanager","tag-revistaverde-ro"],"_links":{"self":[{"href":"https:\/\/analyse.optim.biz\/index.php?rest_route=\/wp\/v2\/posts\/2026985","targetHints":{"allow":["GET"]}}],"collection":[{"href":"https:\/\/analyse.optim.biz\/index.php?rest_route=\/wp\/v2\/posts"}],"about":[{"href":"https:\/\/analyse.optim.biz\/index.php?rest_route=\/wp\/v2\/types\/post"}],"author":[{"embeddable":true,"href":"https:\/\/analyse.optim.biz\/index.php?rest_route=\/wp\/v2\/users\/1"}],"replies":[{"embeddable":true,"href":"https:\/\/analyse.optim.biz\/index.php?rest_route=%2Fwp%2Fv2%2Fcomments&post=2026985"}],"version-history":[{"count":0,"href":"https:\/\/analyse.optim.biz\/index.php?rest_route=\/wp\/v2\/posts\/2026985\/revisions"}],"wp:attachment":[{"href":"https:\/\/analyse.optim.biz\/index.php?rest_route=%2Fwp%2Fv2%2Fmedia&parent=2026985"}],"wp:term":[{"taxonomy":"category","embeddable":true,"href":"https:\/\/analyse.optim.biz\/index.php?rest_route=%2Fwp%2Fv2%2Fcategories&post=2026985"},{"taxonomy":"post_tag","embeddable":true,"href":"https:\/\/analyse.optim.biz\/index.php?rest_route=%2Fwp%2Fv2%2Ftags&post=2026985"}],"curies":[{"name":"wp","href":"https:\/\/api.w.org\/{rel}","templated":true}]}}