{"id":202689,"date":"2014-06-19T15:32:24","date_gmt":"2014-06-19T12:32:24","guid":{"rendered":"https:\/\/analyse.optim.biz\/?p=202689"},"modified":"2014-06-19T15:32:24","modified_gmt":"2014-06-19T12:32:24","slug":"traian-basescu-in-2009-este-greu-sa-te-aperi-de-propriul-frate","status":"publish","type":"post","link":"https:\/\/analyse.optim.biz\/?p=202689","title":{"rendered":"Traian B\u0103sescu, \u00een 2009: Este greu s\u0103 te aperi de propriul frate"},"content":{"rendered":"<div class=\"entry data-app-meta data-app-meta-article\" data-embed-base-url-canonical=\"https:\/\/www.digi24.ro\/embed\/stiri\/actualitate\/politica\/traian-basescu-in-2009-este-greu-sa-te-aperi-de-propriul-frate-258410\">\n<p data-index=\"1\">Atunci, pre\u015fedintele spunea: \u201eeste extrem de greu s\u0103 te aperi de propriul t\u0103u frate\u201d. Tot atunci, <strong>Traian B\u0103sescu<\/strong> sus\u0163inea c\u0103, de fapt, prin acel scandal se urm\u0103rea discreditarea unor institu\u0163ii care se ocup\u0103 cu securitatea na\u0163ional\u0103.<\/p>\n<p data-index=\"2\">\u00cen august 2009, cu trei luni \u00eenaintea alegerilor preziden\u0163iale, ap\u0103reau \u00een pres\u0103 informa\u0163ii care ar\u0103tau c\u0103 fratele pre\u015fedintelui,<strong> Mircea B\u0103sescu,<\/strong> ar fi implicat \u00eentr-o afacere cu trafic ilegal de armanent.<\/p>\n<p data-index=\"3\">Prima reac\u0163ie de la Cotroceni a venit prin intermediul unui comunicat de pres\u0103. Pre\u015fedintele \u00eei cerea oficial fratelui s\u0103u s\u0103 renun\u0163e imediat la calitatea de ac\u0163ionar \u00een respectiva firm\u0103.<\/p>\n<p data-index=\"4\">\u201e<strong>Pre\u015fedintele Traian B\u0103sescu regret\u0103 c\u0103 un membru al familiei sale este ac\u0163ionar al unei firme cu activit\u0103\u0163i legate de domeniul militar. Pre\u015fedintele a primit asigur\u0103ri c\u0103 firma nu a fost implicat\u0103 \u00een contracte cu produse militare<\/strong>\u201d, anun\u0163a Administra\u0163ia Preziden\u0163ial\u0103 \u00een 21.08.2009.<\/p>\n<p data-index=\"5\">\u00cen aceea\u015fi zi, \u015feful statului mergea la Boto\u015fani, unde vorbea despre implicarea fratelui s\u0103u \u00een firma Desintco: \u201e<strong>Dac\u0103 fratele meu se mai bag\u0103 \u00eentr-o firm\u0103 din asta dubioas\u0103 s-ar putea s\u0103 nu mai candidez. De du\u015fmani te po\u0163i ap\u0103ra, dar este extrem de greu s\u0103 te aperi de propriul frate<\/strong>\u201d.<\/p>\n<p data-index=\"6\">Tot \u00een aceea\u015fi zi, Traian B\u0103sescu venea cu o alt\u0103 declara\u0163ie prin care lansa teza conspira\u0163iei: \u201e\u00cen mod paradoxal \u015fi foarte interesant, unul dintre asocia\u0163ii firmei se duce la televizor \u015fi primul lucru pe care-l are de spus este c\u0103 trebuie s\u0103-l ia pe fratele pre\u015fedintelui ca s\u0103 ajung\u0103 mai u\u015for la Cotroceni. Mai sunt lucruri interesante cu aceast\u0103 firm\u0103, care \u00eent\u00e2mpl\u0103tor a ie\u015fit de la Registrul Comer\u0163ului acum dou\u0103 zile \u015fi imediat a fost prezentat\u0103 la televiziune\u201d.<\/p>\n<p data-index=\"7\">Dup\u0103 c\u00e2teva zile, Pre\u015fedin\u0163ia venea cu un alt comunicat prin care acuza lansarea unei campanii de discreditare a unor instutu\u0163ii ale statului care au capacitatea de a gestiona problemele de siguran\u0163\u0103 na\u0163ional\u0103. Comunicatul anun\u0163a c\u0103 pre\u015fedintele va dezv\u0103lui publicului miza real\u0103 a scandalului.<\/p>\n<p data-index=\"8\">\u201ePre\u015fedintele Rom\u00e2niei, Traian B\u0103sescu, constat\u0103 c\u0103, \u00een ultimele zile, unii politicieni \u015fi persoane asociate acestora desf\u0103\u015foar\u0103 o campanie de discreditare sistematic\u0103 a unor institu\u0163ii ale statului. Pre\u015fedintele Rom\u00e2niei va explica la momentul oportun ce se afl\u0103 \u00een spatele manipul\u0103rii politico-mediatice care vizeaz\u0103 discreditarea statului\u201d, potrivit unui comunicat transmis de Administra\u0163ia Preziden\u0163ial\u0103, \u00een 27.08.2009.<\/p>\n<\/div>\n<p> Source URL: https:\/\/www.digi24.ro\/stiri\/actualitate\/politica\/traian-basescu-in-2009-este-greu-sa-te-aperi-de-propriul-frate-258410<\/p>\n","protected":false},"excerpt":{"rendered":"<p>Atunci, pre\u015fedintele spunea: \u201eeste extrem de greu s\u0103 te aperi de propriul t\u0103u frate\u201d. Tot atunci, Traian B\u0103sescu sus\u0163inea c\u0103, de fapt, prin acel scandal se urm\u0103rea discreditarea unor institu\u0163ii care se ocup\u0103 cu securitatea na\u0163ional\u0103. \u00cen august 2009, cu trei luni \u00eenaintea alegerilor preziden\u0163iale, ap\u0103reau \u00een pres\u0103 informa\u0163ii care ar\u0103tau c\u0103 fratele pre\u015fedintelui, Mircea [&hellip;]<\/p>\n","protected":false},"author":1,"featured_media":202690,"comment_status":"open","ping_status":"","sticky":false,"template":"","format":"standard","meta":{"footnotes":""},"categories":[2],"tags":[11],"class_list":["post-202689","post","type-post","status-publish","format-standard","has-post-thumbnail","hentry","category-politics","tag-digi24"],"_links":{"self":[{"href":"https:\/\/analyse.optim.biz\/index.php?rest_route=\/wp\/v2\/posts\/202689","targetHints":{"allow":["GET"]}}],"collection":[{"href":"https:\/\/analyse.optim.biz\/index.php?rest_route=\/wp\/v2\/posts"}],"about":[{"href":"https:\/\/analyse.optim.biz\/index.php?rest_route=\/wp\/v2\/types\/post"}],"author":[{"embeddable":true,"href":"https:\/\/analyse.optim.biz\/index.php?rest_route=\/wp\/v2\/users\/1"}],"replies":[{"embeddable":true,"href":"https:\/\/analyse.optim.biz\/index.php?rest_route=%2Fwp%2Fv2%2Fcomments&post=202689"}],"version-history":[{"count":0,"href":"https:\/\/analyse.optim.biz\/index.php?rest_route=\/wp\/v2\/posts\/202689\/revisions"}],"wp:featuredmedia":[{"embeddable":true,"href":"https:\/\/analyse.optim.biz\/index.php?rest_route=\/wp\/v2\/media\/202690"}],"wp:attachment":[{"href":"https:\/\/analyse.optim.biz\/index.php?rest_route=%2Fwp%2Fv2%2Fmedia&parent=202689"}],"wp:term":[{"taxonomy":"category","embeddable":true,"href":"https:\/\/analyse.optim.biz\/index.php?rest_route=%2Fwp%2Fv2%2Fcategories&post=202689"},{"taxonomy":"post_tag","embeddable":true,"href":"https:\/\/analyse.optim.biz\/index.php?rest_route=%2Fwp%2Fv2%2Ftags&post=202689"}],"curies":[{"name":"wp","href":"https:\/\/api.w.org\/{rel}","templated":true}]}}