{"id":2026689,"date":"2026-07-04T10:38:00","date_gmt":"2026-07-04T07:38:00","guid":{"rendered":"https:\/\/analyse.optim.biz\/?p=2026689"},"modified":"2026-07-04T10:38:00","modified_gmt":"2026-07-04T07:38:00","slug":"casimcea-servicii-de-ingrijire-la-domiciliu-cu-dotari-complete-pentru-persoanele-care-nu-pot-ajunge-la-un-centru-de-zi","status":"publish","type":"post","link":"https:\/\/analyse.optim.biz\/?p=2026689","title":{"rendered":"Casimcea: Servicii de \u00eengrijire la domiciliu cu dot\u0103ri complete pentru persoanele care nu pot ajunge la un Centru de zi"},"content":{"rendered":"<p>[analyse_image type=&#8221;featured&#8221; src=&#8221;https:\/\/dobrogeanews.b-cdn.net\/wp-content\/uploads\/2022\/12\/Comuna-Casimcea-Vedere-Aeriana-2022.jpg&#8221;]<\/p>\n<div id=\"post-71678\" class=\"entry single-default post-71678 post type-post status-publish format-standard has-post-thumbnail hentry category-info\">\n<div>\n<div class=\"ss-follow-wrapper ss-clearfix ss-regular-buttons ss-columns-1 ss-default-style\">\n<div class=\"ss-follow-column\" data-ss-sf-network-id=\"&quot;facebook&quot;\"><a href=\"https:\/\/www.facebook.com\/dobrogeanews\" class=\"ss-follow-network ss-facebook-color\" rel=\"nofollow noopener\" aria-label=\"facebook\" target=\"_blank\"><span class=\"ss-follow-network-label\">Urm\u0103re\u015fte-ne \u015fi pe Facebook!<\/span><span class=\"ss-follow-network-count\"><span class=\"ss-follow-network-count-number\">57K<\/span><span class=\"ss-follow-network-count-label\">Followers<\/span><\/span><\/a><\/div>\n<\/div>\n<\/div>\n<p>\u00cen Comuna Casimcea (jude\u021bul Tulcea) \u00eencepe un proiect important pentru cele peste o sut\u0103 de persoane vulnerabile care nu se pot deplasa de la domiciliu \u0219i se afl\u0103 \u00eentr-o stare precar\u0103. Vorbim despre proiectul care are drept scop furnizarea de servicii de \u00eengrijire la domiciliu pentru persoanele v\u00e2rstnice, proiect finan\u021bat prin Programul Incluziune \u0219i Demnitate Social\u0103. <\/p>\n<figure class=\"wp-block-image size-full is-resized\">\n<source type=\"image\/webp\" data-lazy-srcset=\"https:\/\/dobrogeanews.b-cdn.net\/wp-content\/uploads\/2022\/12\/Comuna-Casimcea-Vedere-Aeriana-2022.jpg.webp 2560w, https:\/\/dobrogeanews.b-cdn.net\/wp-content\/uploads\/2022\/12\/Comuna-Casimcea-Vedere-Aeriana-2022-300x184.jpg.webp 300w, https:\/\/dobrogeanews.b-cdn.net\/wp-content\/uploads\/2022\/12\/Comuna-Casimcea-Vedere-Aeriana-2022-1024x626.jpg.webp 1024w, https:\/\/dobrogeanews.b-cdn.net\/wp-content\/uploads\/2022\/12\/Comuna-Casimcea-Vedere-Aeriana-2022-768x470.jpg.webp 768w, https:\/\/dobrogeanews.b-cdn.net\/wp-content\/uploads\/2022\/12\/Comuna-Casimcea-Vedere-Aeriana-2022-1536x940.jpg.webp 1536w, https:\/\/dobrogeanews.b-cdn.net\/wp-content\/uploads\/2022\/12\/Comuna-Casimcea-Vedere-Aeriana-2022-2048x1253.jpg.webp 2048w\" sizes=\"(max-width: 640px) 100vw, 640px\" \/><br \/>\n<img loading=\"lazy\" decoding=\"async\" src=\"https:\/\/dobrogeanews.b-cdn.net\/wp-content\/uploads\/2022\/12\/Comuna-Casimcea-Vedere-Aeriana-2022.jpg\" alt=\"Comuna Casimcea Vedere Aerian\u0103 2022\" width=\"640\" height=\"392\"><\/figure>\n<p>\u201eEste un proiect de care avem, efectiv, nevoie pentru c\u0103 \u00een felul acesta putem asigura accesului egal \u0219i \u00een timp util la servicii sociale de calitate pentru cel pu\u021bin 108 persoane v\u00e2rstnice din Comuna Casimcea. Este un proiect complex care include speciali\u0219ti \u00een domeniu nu doar echipamente.<\/p>\n<p>Astfel, prin dezvoltarea \u00een cadrul proiectului a infrastructurii specifice pentru beneficiarii v\u00e2rstnici, cu probleme reale de s\u0103n\u0103tate \u0219i nu numai, care nu se pot deplasa la un centru de zi, putem asigura serviciile de \u00eengrijire specifice la domiciliu. <\/p>\n<p>R\u0103spundem \u00een felul acesta nevoilor persoanelor vulnerabile, cu dizabilit\u0103\u021bi \u0219i cre\u0219tem \u00een mod real rezilien\u021ba sistemelor de s\u0103n\u0103tate \u0219i a serviciilor de \u00eengrijire pe termen lung. Este una dintre priorit\u0103\u021bile noastre al\u0103turi de grija pentru copii, grija pentru v\u00e2rstnici. <\/p>\n<p>Grija pentru oamenii comunit\u0103\u021bii este o condi\u021bie  Sine qua non \u00een anul de gra\u021bie 2026, \u00een timp ce dezvolt\u0103m c\u00e2t putem de mult comuna cu toate satele sale\u201d ne-a declarat Gheorghe \u021ailinc\u0103, primarul Comunei Casimcea.<\/p>\n<figure class=\"wp-block-image size-full is-resized\">\n<source type=\"image\/webp\" data-lazy-srcset=\"https:\/\/dobrogeanews.b-cdn.net\/wp-content\/uploads\/2025\/01\/tilinca.jpg.webp 2560w, https:\/\/dobrogeanews.b-cdn.net\/wp-content\/uploads\/2025\/01\/tilinca-300x225.jpg.webp 300w, https:\/\/dobrogeanews.b-cdn.net\/wp-content\/uploads\/2025\/01\/tilinca-1024x768.jpg.webp 1024w, https:\/\/dobrogeanews.b-cdn.net\/wp-content\/uploads\/2025\/01\/tilinca-768x576.jpg.webp 768w, https:\/\/dobrogeanews.b-cdn.net\/wp-content\/uploads\/2025\/01\/tilinca-1536x1152.jpg.webp 1536w, https:\/\/dobrogeanews.b-cdn.net\/wp-content\/uploads\/2025\/01\/tilinca-2048x1536.jpg.webp 2048w\" sizes=\"(max-width: 640px) 100vw, 640px\" \/><br \/>\n<img loading=\"lazy\" decoding=\"async\" src=\"https:\/\/dobrogeanews.b-cdn.net\/wp-content\/uploads\/2025\/01\/tilinca.jpg\" alt=\"Gheorghe \u021ailinc\u0103 Primarul Comunei Casimcea\" width=\"640\" height=\"480\"><\/figure>\n<h3>OBIECTIVELE SPECIFICE ALE PROIECTULUI<\/h3>\n<p>Promovarea incluziunii socioeconomice a persoanelor v\u00e2rstnice vulnerabile din Comuna Casimcea \u00a0prin \u00eenfiin\u021barea serviciului social de \u00eengrijire la domiciliu, care vizeaz\u0103 \u00eencurajarea particip\u0103rii v\u00e2rstnicilor la via\u021ba social\u0103 activ\u0103, prevenirea izol\u0103rii \u0219i a institu\u021bionaliz\u0103rii. <\/p>\n<p>Va fi \u00eenfiin\u021bat\u0103 o unitate mobil\u0103 de interven\u021bie dotat\u0103 cu echipamente dedicate din care nu vor lipsi echipamente \u0219i materiale medicale specifice precum: masa de tratament portabil\u0103, saltea de masaj complet echipat\u0103, scaun de terapie multifunc\u021bional, platforma de balans, step mobil, aparat TENS\/EMS portabil, dispozitiv de trac\u021bionare manual\u0103, etc.<\/p>\n<p>Pentru furnizarea serviciilor de \u00eengrijire la domiciliu urmeaz\u0103 s\u0103 fie angajat personal specializat (kinetoterapeut, psiholog, asistent medical, asistent social). Nevoile beneficiarilor vor fi completate de servicii externalizate de telemedicin\u0103 \u0219i medicin\u0103 de specialitate.<\/p>\n<div class=\"monsterinsights-inline-popular-posts monsterinsights-inline-popular-posts-charlie monsterinsights-popular-posts-styled\">\n<div class=\"monsterinsights-inline-popular-posts-text\"><span class=\"monsterinsights-inline-popular-posts-label\">Vezi \u0219i:<\/span><\/p>\n<div class=\"monsterinsights-inline-popular-posts-post\"><a class=\"monsterinsights-inline-popular-posts-title\" href=\"https:\/\/www.dobrogeanews.ro\/a-fost-emis-avizul-pentru-centura-municipiului-tulcea-drumuri-de-legatura-cu-conexiune-la-drumul-expres-constanta-tulcea-braila\/\">A fost emis Avizul pentru Centura Municipiului Tulcea \u2013 \u201eDrumuri de leg\u0103tur\u0103 cu conexiune la Drumul Expres Constan\u021ba-Tulcea-Br\u0103ila\u201d<\/a><\/div>\n<div class=\"monsterinsights-inline-popular-posts-post\"><a class=\"monsterinsights-inline-popular-posts-title\" href=\"https:\/\/www.dobrogeanews.ro\/dupa-aprobarea-bugetului-2026-la-babadag-se-deschid-alte-santiere-de-investitii\/\">Dup\u0103 aprobarea bugetului 2026, la Babadag se deschid alte \u0219antiere de investi\u021bii<\/a><\/div>\n<div class=\"monsterinsights-inline-popular-posts-post\"><a class=\"monsterinsights-inline-popular-posts-title\" href=\"https:\/\/www.dobrogeanews.ro\/stefan-ilie-primar-tulcea-avem-buget-mai-mare-si-mai-multe-investitii-modernizarea-strazilor-si-a-retelelor-de-utilitati-de-sub-carosabil-continua-tulcea-va-fi-un-oras-european\/\">\u0218tefan Ilie, primar Tulcea: Avem buget mai mare \u0219i mai multe investi\u021bii. Modernizarea str\u0103zilor \u0219i a re\u021belelor de utilit\u0103\u021bi de sub carosabil, continu\u0103. Tulcea va fi un ora\u0219 european(!)<\/a><\/div>\n<\/div>\n<\/div>\n<p class=\"has-text-align-center has-white-color has-text-color has-background\"><span><a href=\"https:\/\/news.google.com\/publications\/CAAqBwgKMIu5pgsw88O-Aw?ceid=RO:ro&amp;oc=3\">Urm\u0103ri\u0163i \u015etirile Dobrogeanews \u015fi pe Google News<\/a><\/span><\/p>\n<\/div>\n<div id=\"post-71678\" class=\"entry single-default post-71678 post type-post status-publish format-standard has-post-thumbnail hentry category-info\">\n<div>\n<div class=\"ss-follow-wrapper ss-clearfix ss-regular-buttons ss-columns-1 ss-default-style\">\n<div class=\"ss-follow-column\" data-ss-sf-network-id=\"&quot;facebook&quot;\"><a href=\"https:\/\/www.facebook.com\/dobrogeanews\" class=\"ss-follow-network ss-facebook-color\" rel=\"nofollow noopener\" aria-label=\"facebook\" target=\"_blank\"><span class=\"ss-follow-network-label\">Urm\u0103re\u015fte-ne \u015fi pe Facebook!<\/span><span class=\"ss-follow-network-count\"><span class=\"ss-follow-network-count-number\">57K<\/span><span class=\"ss-follow-network-count-label\">Followers<\/span><\/span><\/a><\/div>\n<\/div>\n<\/div>\n<p>\u00cen Comuna Casimcea (jude\u021bul Tulcea) \u00eencepe un proiect important pentru cele peste o sut\u0103 de persoane vulnerabile care nu se pot deplasa de la domiciliu \u0219i se afl\u0103 \u00eentr-o stare precar\u0103. Vorbim despre proiectul care are drept scop furnizarea de servicii de \u00eengrijire la domiciliu pentru persoanele v\u00e2rstnice, proiect finan\u021bat prin Programul Incluziune \u0219i Demnitate Social\u0103. <\/p>\n<figure class=\"wp-block-image size-full is-resized\">\n<source type=\"image\/webp\" data-lazy-srcset=\"https:\/\/dobrogeanews.b-cdn.net\/wp-content\/uploads\/2022\/12\/Comuna-Casimcea-Vedere-Aeriana-2022.jpg.webp 2560w, https:\/\/dobrogeanews.b-cdn.net\/wp-content\/uploads\/2022\/12\/Comuna-Casimcea-Vedere-Aeriana-2022-300x184.jpg.webp 300w, https:\/\/dobrogeanews.b-cdn.net\/wp-content\/uploads\/2022\/12\/Comuna-Casimcea-Vedere-Aeriana-2022-1024x626.jpg.webp 1024w, https:\/\/dobrogeanews.b-cdn.net\/wp-content\/uploads\/2022\/12\/Comuna-Casimcea-Vedere-Aeriana-2022-768x470.jpg.webp 768w, https:\/\/dobrogeanews.b-cdn.net\/wp-content\/uploads\/2022\/12\/Comuna-Casimcea-Vedere-Aeriana-2022-1536x940.jpg.webp 1536w, https:\/\/dobrogeanews.b-cdn.net\/wp-content\/uploads\/2022\/12\/Comuna-Casimcea-Vedere-Aeriana-2022-2048x1253.jpg.webp 2048w\" sizes=\"(max-width: 640px) 100vw, 640px\" \/><br \/>\n<img loading=\"lazy\" decoding=\"async\" src=\"https:\/\/dobrogeanews.b-cdn.net\/wp-content\/uploads\/2022\/12\/Comuna-Casimcea-Vedere-Aeriana-2022.jpg\" alt=\"Comuna Casimcea Vedere Aerian\u0103 2022\" width=\"640\" height=\"392\"><\/figure>\n<p>\u201eEste un proiect de care avem, efectiv, nevoie pentru c\u0103 \u00een felul acesta putem asigura accesului egal \u0219i \u00een timp util la servicii sociale de calitate pentru cel pu\u021bin 108 persoane v\u00e2rstnice din Comuna Casimcea. Este un proiect complex care include speciali\u0219ti \u00een domeniu nu doar echipamente.<\/p>\n<p>Astfel, prin dezvoltarea \u00een cadrul proiectului a infrastructurii specifice pentru beneficiarii v\u00e2rstnici, cu probleme reale de s\u0103n\u0103tate \u0219i nu numai, care nu se pot deplasa la un centru de zi, putem asigura serviciile de \u00eengrijire specifice la domiciliu. <\/p>\n<p>R\u0103spundem \u00een felul acesta nevoilor persoanelor vulnerabile, cu dizabilit\u0103\u021bi \u0219i cre\u0219tem \u00een mod real rezilien\u021ba sistemelor de s\u0103n\u0103tate \u0219i a serviciilor de \u00eengrijire pe termen lung. Este una dintre priorit\u0103\u021bile noastre al\u0103turi de grija pentru copii, grija pentru v\u00e2rstnici. <\/p>\n<p>Grija pentru oamenii comunit\u0103\u021bii este o condi\u021bie  Sine qua non \u00een anul de gra\u021bie 2026, \u00een timp ce dezvolt\u0103m c\u00e2t putem de mult comuna cu toate satele sale\u201d ne-a declarat Gheorghe \u021ailinc\u0103, primarul Comunei Casimcea.<\/p>\n<figure class=\"wp-block-image size-full is-resized\">\n<source type=\"image\/webp\" data-lazy-srcset=\"https:\/\/dobrogeanews.b-cdn.net\/wp-content\/uploads\/2025\/01\/tilinca.jpg.webp 2560w, https:\/\/dobrogeanews.b-cdn.net\/wp-content\/uploads\/2025\/01\/tilinca-300x225.jpg.webp 300w, https:\/\/dobrogeanews.b-cdn.net\/wp-content\/uploads\/2025\/01\/tilinca-1024x768.jpg.webp 1024w, https:\/\/dobrogeanews.b-cdn.net\/wp-content\/uploads\/2025\/01\/tilinca-768x576.jpg.webp 768w, https:\/\/dobrogeanews.b-cdn.net\/wp-content\/uploads\/2025\/01\/tilinca-1536x1152.jpg.webp 1536w, https:\/\/dobrogeanews.b-cdn.net\/wp-content\/uploads\/2025\/01\/tilinca-2048x1536.jpg.webp 2048w\" sizes=\"(max-width: 640px) 100vw, 640px\" \/><br \/>\n<img loading=\"lazy\" decoding=\"async\" src=\"https:\/\/dobrogeanews.b-cdn.net\/wp-content\/uploads\/2025\/01\/tilinca.jpg\" alt=\"Gheorghe \u021ailinc\u0103 Primarul Comunei Casimcea\" width=\"640\" height=\"480\"><\/figure>\n<h3>OBIECTIVELE SPECIFICE ALE PROIECTULUI<\/h3>\n<p>Promovarea incluziunii socioeconomice a persoanelor v\u00e2rstnice vulnerabile din Comuna Casimcea \u00a0prin \u00eenfiin\u021barea serviciului social de \u00eengrijire la domiciliu, care vizeaz\u0103 \u00eencurajarea particip\u0103rii v\u00e2rstnicilor la via\u021ba social\u0103 activ\u0103, prevenirea izol\u0103rii \u0219i a institu\u021bionaliz\u0103rii. <\/p>\n<p>Va fi \u00eenfiin\u021bat\u0103 o unitate mobil\u0103 de interven\u021bie dotat\u0103 cu echipamente dedicate din care nu vor lipsi echipamente \u0219i materiale medicale specifice precum: masa de tratament portabil\u0103, saltea de masaj complet echipat\u0103, scaun de terapie multifunc\u021bional, platforma de balans, step mobil, aparat TENS\/EMS portabil, dispozitiv de trac\u021bionare manual\u0103, etc.<\/p>\n<p>Pentru furnizarea serviciilor de \u00eengrijire la domiciliu urmeaz\u0103 s\u0103 fie angajat personal specializat (kinetoterapeut, psiholog, asistent medical, asistent social). Nevoile beneficiarilor vor fi completate de servicii externalizate de telemedicin\u0103 \u0219i medicin\u0103 de specialitate.<\/p>\n<div class=\"monsterinsights-inline-popular-posts monsterinsights-inline-popular-posts-charlie monsterinsights-popular-posts-styled\">\n<div class=\"monsterinsights-inline-popular-posts-text\"><span class=\"monsterinsights-inline-popular-posts-label\">Vezi \u0219i:<\/span><\/p>\n<div class=\"monsterinsights-inline-popular-posts-post\"><a class=\"monsterinsights-inline-popular-posts-title\" href=\"https:\/\/www.dobrogeanews.ro\/a-fost-emis-avizul-pentru-centura-municipiului-tulcea-drumuri-de-legatura-cu-conexiune-la-drumul-expres-constanta-tulcea-braila\/\">A fost emis Avizul pentru Centura Municipiului Tulcea \u2013 \u201eDrumuri de leg\u0103tur\u0103 cu conexiune la Drumul Expres Constan\u021ba-Tulcea-Br\u0103ila\u201d<\/a><\/div>\n<div class=\"monsterinsights-inline-popular-posts-post\"><a class=\"monsterinsights-inline-popular-posts-title\" href=\"https:\/\/www.dobrogeanews.ro\/dupa-aprobarea-bugetului-2026-la-babadag-se-deschid-alte-santiere-de-investitii\/\">Dup\u0103 aprobarea bugetului 2026, la Babadag se deschid alte \u0219antiere de investi\u021bii<\/a><\/div>\n<div class=\"monsterinsights-inline-popular-posts-post\"><a class=\"monsterinsights-inline-popular-posts-title\" href=\"https:\/\/www.dobrogeanews.ro\/stefan-ilie-primar-tulcea-avem-buget-mai-mare-si-mai-multe-investitii-modernizarea-strazilor-si-a-retelelor-de-utilitati-de-sub-carosabil-continua-tulcea-va-fi-un-oras-european\/\">\u0218tefan Ilie, primar Tulcea: Avem buget mai mare \u0219i mai multe investi\u021bii. Modernizarea str\u0103zilor \u0219i a re\u021belelor de utilit\u0103\u021bi de sub carosabil, continu\u0103. Tulcea va fi un ora\u0219 european(!)<\/a><\/div>\n<\/div>\n<\/div>\n<p class=\"has-text-align-center has-white-color has-text-color has-background\"><span><a href=\"https:\/\/news.google.com\/publications\/CAAqBwgKMIu5pgsw88O-Aw?ceid=RO:ro&amp;oc=3\">Urm\u0103ri\u0163i \u015etirile Dobrogeanews \u015fi pe Google News<\/a><\/span><\/p>\n<\/div>\n<p>[analyse_source url=&#8221;https:\/\/www.dobrogeanews.ro\/casimcea-servicii-de-ingrijire-la-domiciliu-cu-dotari-complete-pentru-persoanele-care-nu-pot-ajunge-la-un-centru-de-zi\/&#8221;]<\/p>\n","protected":false},"excerpt":{"rendered":"<p>[analyse_image type=&#8221;featured&#8221; src=&#8221;https:\/\/dobrogeanews.b-cdn.net\/wp-content\/uploads\/2022\/12\/Comuna-Casimcea-Vedere-Aeriana-2022.jpg&#8221;] Urm\u0103re\u015fte-ne \u015fi pe Facebook!57KFollowers \u00cen Comuna Casimcea (jude\u021bul Tulcea) \u00eencepe un proiect important pentru cele peste o sut\u0103 de persoane vulnerabile care nu se pot deplasa de la domiciliu \u0219i se afl\u0103 \u00eentr-o stare precar\u0103. Vorbim despre proiectul care are drept scop furnizarea de servicii de \u00eengrijire la domiciliu pentru persoanele v\u00e2rstnice, [&hellip;]<\/p>\n","protected":false},"author":1,"featured_media":0,"comment_status":"open","ping_status":"","sticky":false,"template":"","format":"standard","meta":{"footnotes":""},"categories":[89],"tags":[226,223],"class_list":["post-2026689","post","type-post","status-publish","format-standard","hentry","category-romania","tag-crawlmanager","tag-dobrogeanews-ro"],"_links":{"self":[{"href":"https:\/\/analyse.optim.biz\/index.php?rest_route=\/wp\/v2\/posts\/2026689","targetHints":{"allow":["GET"]}}],"collection":[{"href":"https:\/\/analyse.optim.biz\/index.php?rest_route=\/wp\/v2\/posts"}],"about":[{"href":"https:\/\/analyse.optim.biz\/index.php?rest_route=\/wp\/v2\/types\/post"}],"author":[{"embeddable":true,"href":"https:\/\/analyse.optim.biz\/index.php?rest_route=\/wp\/v2\/users\/1"}],"replies":[{"embeddable":true,"href":"https:\/\/analyse.optim.biz\/index.php?rest_route=%2Fwp%2Fv2%2Fcomments&post=2026689"}],"version-history":[{"count":0,"href":"https:\/\/analyse.optim.biz\/index.php?rest_route=\/wp\/v2\/posts\/2026689\/revisions"}],"wp:attachment":[{"href":"https:\/\/analyse.optim.biz\/index.php?rest_route=%2Fwp%2Fv2%2Fmedia&parent=2026689"}],"wp:term":[{"taxonomy":"category","embeddable":true,"href":"https:\/\/analyse.optim.biz\/index.php?rest_route=%2Fwp%2Fv2%2Fcategories&post=2026689"},{"taxonomy":"post_tag","embeddable":true,"href":"https:\/\/analyse.optim.biz\/index.php?rest_route=%2Fwp%2Fv2%2Ftags&post=2026689"}],"curies":[{"name":"wp","href":"https:\/\/api.w.org\/{rel}","templated":true}]}}