{"id":2026687,"date":"2026-07-02T15:26:04","date_gmt":"2026-07-02T12:26:04","guid":{"rendered":"https:\/\/analyse.optim.biz\/?p=2026687"},"modified":"2026-07-02T15:26:04","modified_gmt":"2026-07-02T12:26:04","slug":"copaci-rupti-fire-de-alimentare-pentru-troleibuze-smulse-si-strazi-ori-curti-inundate-dupa-ploaia-torentiala-de-la-timisoara-interventii-ale-pompierilor-foto","status":"publish","type":"post","link":"https:\/\/analyse.optim.biz\/?p=2026687","title":{"rendered":"Copaci rup\u021bi, fire de alimentare pentru troleibuze smulse \u0219i str\u0103zi ori cur\u021bi inundate dup\u0103 ploaia toren\u021bial\u0103 de la Timi\u0219oara. Interven\u021bii ale pompierilor. FOTO"},"content":{"rendered":"<p>[analyse_image type=&#8221;featured&#8221; src=&#8221;https:\/\/www.opiniatimisoarei.ro\/wp-content\/uploads\/2026\/07\/colaj-furtuna-728&#215;336.pnghttps:\/\/www.opiniatimisoarei.ro\/wp-content\/uploads\/2026\/07\/colaj-furtuna.png&#8221;]<\/p>\n<div class=\"the_content\">\n<p><strong>TIMISOARA.<\/strong> Ploaia torentiala care a c\u0103zut la Timi\u0219oara joi sear\u0103, dar \u0219i \u00een apropierea ora\u0219ului, a dus \u0219i la interven\u021bii ale pompierilor.<\/p>\n<p><strong><span>CITE\u0218TE \u0218I:<\/span><a href=\"https:\/\/www.opiniatimisoarei.ro\/trotinetist-de-14-ani-lovit-de-masina-pe-un-bulevard-din-timisoara-greseala-pe-care-a-facut-o-baiatul-pe-trecerea-de-pietoni\/02\/07\/2026\">Trotinetist de 14 ani lovit de ma\u0219in\u0103 pe un bulevard din Timi\u0219oara. Gre\u0219eala pe care a f\u0103cut-o b\u0103iatul pe trecerea de pietoni<\/a><\/strong><\/p>\n<p>A turnat cu <span class=\"dia_suggestion w3\">g\u0103leata<\/span>\u00a0<span class=\"dia_suggestion w4\">mai<\/span><span class=\"dia_suggestion w5\">ales<\/span><span class=\"dia_suggestion w6\">\u00een<\/span> sudul <span class=\"dia_suggestion w8\">ora\u0219ului<\/span>, <span class=\"dia_suggestion w9\">\u00een<\/span> Sagului, Fratelia, <span class=\"dia_suggestion w12\">Steaua<\/span>, Elisabetin, Girocului <span class=\"dia_suggestion w15\">\u0219i<\/span><span class=\"dia_suggestion w16\">Buzia\u0219ului, dar \u0219i \u00een Rona\u021b<\/span>.<\/p>\n<p><a href=\"https:\/\/www.opiniatimisoarei.ro\/wp-content\/uploads\/2026\/07\/vijelie-copaci-inundatie-3.jpg\"><img loading=\"lazy\" decoding=\"async\" class=\"aligncenter size-full wp-image-882096\" src=\"https:\/\/www.opiniatimisoarei.ro\/wp-content\/uploads\/2026\/07\/vijelie-copaci-inundatie-3.jpg\" alt=\"\" width=\"1080\" height=\"810\"><\/a><\/p>\n<p>Timi\u0219orenii care locuiesc pe strada Martir Marius Nem\u021boc, din zona Ciarda Ro\u0219ie, au sunat la 112, dup\u0103 ce v\u00e2ntul a rupt un copac \u0219i l-a dobor\u00e2t pe trotuar.<\/p>\n<p>De asemenea, cantitatea mare de ap\u0103 c\u0103zut\u0103 \u00eentr-un timp at\u00e2t de scurt a dus \u0219i la inundarea unei parc\u0103ri de pe aceea\u0219i strad\u0103. Mai multe segmente de str\u0103zi \u0219i unele intersectii din Elisabetin \u0219i din Fratelia au fost, de asemenea, acoperite de ape.<\/p>\n<div id=\"gallery-1\" class=\"gallery optm-gallery galleryid-882093\">\n<div class=\"optm-galcont\"><a href=\"https:\/\/www.opiniatimisoarei.ro\/wp-content\/uploads\/2026\/07\/vijelie-copaci-inundatie-1.jpg\"><img decoding=\"async\" src=\"https:\/\/www.opiniatimisoarei.ro\/wp-content\/uploads\/2026\/07\/vijelie-copaci-inundatie-1-300x225.jpg\"><\/a><a href=\"https:\/\/www.opiniatimisoarei.ro\/wp-content\/uploads\/2026\/07\/vijelie-copaci-inundatie-3.jpg\"><img decoding=\"async\" src=\"https:\/\/www.opiniatimisoarei.ro\/wp-content\/uploads\/2026\/07\/vijelie-copaci-inundatie-3-300x225.jpg\"><\/a><a href=\"https:\/\/www.opiniatimisoarei.ro\/wp-content\/uploads\/2026\/07\/vijelie-copaci-inundatie-4.jpg\"><img decoding=\"async\" src=\"https:\/\/www.opiniatimisoarei.ro\/wp-content\/uploads\/2026\/07\/vijelie-copaci-inundatie-4-300x225.jpg\"><\/a><a href=\"https:\/\/www.opiniatimisoarei.ro\/wp-content\/uploads\/2026\/07\/vijelie-copaci-inundatie-5.jpg\"><img decoding=\"async\" src=\"https:\/\/www.opiniatimisoarei.ro\/wp-content\/uploads\/2026\/07\/vijelie-copaci-inundatie-5-300x225.jpg\"><\/a><a href=\"https:\/\/www.opiniatimisoarei.ro\/wp-content\/uploads\/2026\/07\/vijelie-copaci-inundatie-6.jpg\"><img decoding=\"async\" src=\"https:\/\/www.opiniatimisoarei.ro\/wp-content\/uploads\/2026\/07\/vijelie-copaci-inundatie-6-300x225.jpg\"><\/a><\/div>\n<\/div>\n<p>Echipajele ISU au fost solicitate \u0219i la S\u0103c\u0103laz, unde curtea fostei unit\u0103\u021bi militare a fost de asemenea inundat\u0103.<\/p>\n<p>Timi\u0219oara, \u0219i \u00eentreg Banatul, se afl\u0103 sub influen\u021ba unui cod portocaliu de vreme rea. Avertizarea este valabil\u0103 p\u00e2n\u0103 vineri diminea\u021b\u0103, \u00een jurul orei 3, dar ar putea fi prelungit\u0103.<\/p>\n<p><span><strong>UPDATE<\/strong><\/span>: <span><strong>Apartamente <span class=\"dia_suggestion w2\">r\u0103mase<\/span><span class=\"dia_suggestion w3\">f\u0103r\u0103<\/span> curent electric <span class=\"dia_suggestion w6\">la<\/span><span class=\"dia_suggestion w7\">Timi\u0219oara<\/span>, <span class=\"dia_suggestion w8\">dup\u0103<\/span> ce un copac a rupt firele de alimentare<\/strong><\/span><\/p>\n<p>Pompierii au intervenit joi dup\u0103-amiaz\u0103 \u00een 9 situa\u021bii de urgen\u021b\u0103. Din fericire, \u00een niciuna dintre acestea nu au existat r\u0103ni\u021bi.<\/p>\n<blockquote>\n<p>\u201c<strong>\u00cen contextul Avertiz\u0103rii Meteorologice COD PORTOCALIU de fenomene meteo periculoase, p\u00e2n\u0103 la ora 19:00, pompierii au fost solicita\u021bi s\u0103 intervin\u0103 \u00een 9 situa\u021bii de urgen\u021b\u0103 astfel:<\/strong><br \/><strong>\u2013 degajare ap\u0103 din curte \u00een localitatea S\u0103c\u0103laz;<\/strong><br \/><strong>\u2013 Degajare fire troleibuz \u00een Municipiul Timi\u0219oara, Calea Aradului;<\/strong><br \/><strong>\u2013 7 misiuni pentru degajare copaci c\u0103zu\u021bi pe carosabil \u0219i pe fire de curent \u00een Municipiul Timi\u0219oara pe str\u0103zile: Martir Marius Nem\u021boc, Vasile Lupu, Banatul, Calea Buzia\u0219ului \u0219i Adam Mickiewicz.<\/strong><\/p>\n<p><strong>Pe strada Adam Mickiewicz din municipiul Timi\u0219oara, un arbore c\u0103zut peste liniile electrice a provocat avarierea re\u021belei de distribu\u021bie a energiei electrice. Ca urmare, 12 apartamente (30 de persoane), din scara unui imobil de locuin\u021be, au r\u0103mas nealimentate cu energie electric\u0103.<\/strong><br \/><strong>Un echipaj al operatorului de distribu\u021bie a energiei electrice se afl\u0103 la fa\u021ba locului \u0219i desf\u0103\u0219oar\u0103 lucr\u0103ri pentru remedierea avariei \u0219i reluarea aliment\u0103rii cu energie electric\u0103 \u00een cel mai scurt timp.<\/strong><\/p>\n<p><strong>\u00cen urma acestor evenimente, nu s-au \u00eenregistrat victime<\/strong>\u201c, au transmis reprezentan\u021bii ISU Timi\u0219.<\/p>\n<\/blockquote>\n<p>***<\/p>\n<p><strong><span class=\"dia_suggestion w0\">Mai<\/span>\u00a0<span class=\"dia_suggestion w1\">multe<\/span>\u00a0<span class=\"dia_suggestion w2\">g\u0103si\u021bi<\/span>\u00a0pe\u00a0<span class=\"dia_suggestion w4\">pagina noastr<span class=\"dia_suggestion w0\">\u0103<\/span><\/span>\u00a0de\u00a0<a href=\"https:\/\/www.facebook.com\/OpiniaTM\/?ref=page_internal\" target=\"_blank\" rel=\"noopener\">Facebook opiniatimisoarei.ro<\/a>!<\/strong><\/p>\n<p><strong><span class=\"dia_suggestion w0\">Dac\u0103<\/span>\u00a0<span class=\"dia_suggestion w1\">a\u021bi<\/span>\u00a0fost martorii unui eveniment\u00a0<span class=\"dia_suggestion w6\">sau<\/span>\u00a0<span class=\"dia_suggestion w7\">ai<\/span>\u00a0unei\u00a0<span class=\"dia_suggestion w9\">situa\u021bii<\/span>\u00a0<span class=\"dia_suggestion w10\">neobi\u0219nuite<\/span>\u00a0<span class=\"dia_suggestion w11\">care<\/span>\u00a0ar\u00a0<span class=\"dia_suggestion w13\">putea<\/span>\u00a0deveni subiect de\u00a0<span class=\"dia_suggestion w17\">\u0219tire<\/span>,\u00a0<span class=\"dia_suggestion w18\">contacta\u021bi<\/span>-ne\u00a0<span class=\"dia_suggestion w20\">la<\/span>\u00a0<a href=\"https:\/\/www.opiniatimisoarei.ro\/cdn-cgi\/l\/email-protection\" class=\"__cf_email__\" data-cfemail=\"beccdbdadfddcad7dbfed1ced7d0d7dfcad7d3d7cdd1dfccdbd790ccd1\">[email\u00a0protected]<\/a>,\u00a0 pe\u00a0<a href=\"https:\/\/www.facebook.com\/OpiniaTM\">FB<\/a>\u00a0sau pe contul nostru de\u00a0<a href=\"https:\/\/www.instagram.com\/opiniatimisoarei.ro\/\" target=\"_blank\" rel=\"noopener\">Instagram<\/a>!<\/strong><\/p>\n<p><strong><span>CITESTE SI:<\/span>\u00a0<a href=\"https:\/\/www.opiniatimisoarei.ro\/afli-primul-tot-ceea-ce-se-intampla-cu-adevarat-important-in-timisoara-si-in-regiune-cu-aplicatia-de-stiri-opinia-timisoarei-3-tipuri-de-alerte-te-tin-mereu-conectat-la-evenimente-descarca-gratuit-a\/31\/10\/2022\">Afli primul tot ceea ce se intampla cu adevarat important in Timisoara si in regiune cu Aplicatia de stiri Opinia Timisoarei. 3 tipuri de alerte te tin mereu conectat la evenimente. Descarca gratuit Aplicatia OT aici!<\/a><\/strong><\/p>\n<\/div>\n<p>[analyse_source url=&#8221;https:\/\/www.opiniatimisoarei.ro\/copaci-rupti-fire-de-alimentare-pentru-troleibuze-smulse-si-strazi-ori-curti-inundate-dupa-ploaia-torentiala-de-la-timisoara-interventii-ale-pompierilor-foto\/02\/07\/2026&#8243;]<\/p>\n","protected":false},"excerpt":{"rendered":"<p>[analyse_image type=&#8221;featured&#8221; src=&#8221;https:\/\/www.opiniatimisoarei.ro\/wp-content\/uploads\/2026\/07\/colaj-furtuna-728&#215;336.pnghttps:\/\/www.opiniatimisoarei.ro\/wp-content\/uploads\/2026\/07\/colaj-furtuna.png&#8221;] TIMISOARA. Ploaia torentiala care a c\u0103zut la Timi\u0219oara joi sear\u0103, dar \u0219i \u00een apropierea ora\u0219ului, a dus \u0219i la interven\u021bii ale pompierilor. CITE\u0218TE \u0218I:Trotinetist de 14 ani lovit de ma\u0219in\u0103 pe un bulevard din Timi\u0219oara. Gre\u0219eala pe care a f\u0103cut-o b\u0103iatul pe trecerea de pietoni A turnat cu g\u0103leata\u00a0maiales\u00een sudul ora\u0219ului, \u00een [&hellip;]<\/p>\n","protected":false},"author":1,"featured_media":0,"comment_status":"open","ping_status":"","sticky":false,"template":"","format":"standard","meta":{"footnotes":""},"categories":[89],"tags":[226,190],"class_list":["post-2026687","post","type-post","status-publish","format-standard","hentry","category-romania","tag-crawlmanager","tag-opiniatimisoarei-ro"],"_links":{"self":[{"href":"https:\/\/analyse.optim.biz\/index.php?rest_route=\/wp\/v2\/posts\/2026687","targetHints":{"allow":["GET"]}}],"collection":[{"href":"https:\/\/analyse.optim.biz\/index.php?rest_route=\/wp\/v2\/posts"}],"about":[{"href":"https:\/\/analyse.optim.biz\/index.php?rest_route=\/wp\/v2\/types\/post"}],"author":[{"embeddable":true,"href":"https:\/\/analyse.optim.biz\/index.php?rest_route=\/wp\/v2\/users\/1"}],"replies":[{"embeddable":true,"href":"https:\/\/analyse.optim.biz\/index.php?rest_route=%2Fwp%2Fv2%2Fcomments&post=2026687"}],"version-history":[{"count":0,"href":"https:\/\/analyse.optim.biz\/index.php?rest_route=\/wp\/v2\/posts\/2026687\/revisions"}],"wp:attachment":[{"href":"https:\/\/analyse.optim.biz\/index.php?rest_route=%2Fwp%2Fv2%2Fmedia&parent=2026687"}],"wp:term":[{"taxonomy":"category","embeddable":true,"href":"https:\/\/analyse.optim.biz\/index.php?rest_route=%2Fwp%2Fv2%2Fcategories&post=2026687"},{"taxonomy":"post_tag","embeddable":true,"href":"https:\/\/analyse.optim.biz\/index.php?rest_route=%2Fwp%2Fv2%2Ftags&post=2026687"}],"curies":[{"name":"wp","href":"https:\/\/api.w.org\/{rel}","templated":true}]}}