{"id":2026686,"date":"2026-07-01T15:09:04","date_gmt":"2026-07-01T12:09:04","guid":{"rendered":"https:\/\/analyse.optim.biz\/?p=2026686"},"modified":"2026-07-01T15:09:04","modified_gmt":"2026-07-01T12:09:04","slug":"accident-in-lant-pe-centura-sud-la-timisoara-o-soferita-a-ajuns-la-spital","status":"publish","type":"post","link":"https:\/\/analyse.optim.biz\/?p=2026686","title":{"rendered":"Accident \u00een lan\u021b pe Centura Sud la Timi\u0219oara. O \u0219oferi\u021b\u0103 a ajuns la spital"},"content":{"rendered":"<p>[analyse_image type=&#8221;featured&#8221; src=&#8221;https:\/\/www.opiniatimisoarei.ro\/wp-content\/uploads\/2025\/09\/accident-centura-sud-1-728&#215;336.jpghttps:\/\/www.opiniatimisoarei.ro\/wp-content\/uploads\/2025\/09\/accident-centura-sud-1.jpg&#8221;]<\/p>\n<div class=\"the_content\">\n<p><strong>TIMI\u0218OARA.<\/strong> Accident pe Centura Sud a Timi\u0219oarei, \u00een urma c\u0103ruia trei ma\u0219ini au fost avariate, iar o femeie a ajuns la spital.<\/p>\n<p><strong><span>CITE\u0218TE \u0218I:<\/span><a href=\"https:\/\/www.opiniatimisoarei.ro\/soferul-care-i-a-uimit-pe-politistii-de-frontiera-din-timis-de-cand-conducea-cu-permis-fals\/01\/07\/2026\">\u0218oferul care i-a uimit pe poli\u021bi\u0219tii de frontier\u0103 din Timi\u0219. De c\u00e2nd conducea cu permis fals<\/a><\/strong><\/p>\n<p>Accidentul a avut loc pe \u0219oseaua ocolitoare, \u00een zona localit\u0103\u021bii Mo\u0219ni\u021ba Nou\u0103. Conduc\u0103torul unei autoutilitare a izbit din spate autoturismul ce circula \u00een fa\u021ba sa. Ma\u0219ina a fost proiectat\u0103 pe contrasens, unde a intrat \u00een coliziune cu un alt autovehicul ce circula regulamentar.<\/p>\n<p>\u00cen urma accidentului, o femeie, ce se afla la volanul celei de-a treia ma\u0219ini a fost r\u0103nit\u0103 \u0219i dus\u0103 la spital.<\/p>\n<p>\u201c<strong>Din primele cercet\u0103ri efectuate la fa\u021ba locului, a reie\u0219it faptul c\u0103 un b\u0103rbat, \u00een v\u00e2rst\u0103 de 59 de ani, a condus o autoutilitar\u0103 pe DNVTM, dinspre localitatea Giroc \u00eenspre localitatea Ghiroda, iar la un moment dat a intrat \u00een coliziune fa\u021b\u0103-spate cu un autoturism condus de un t\u00e2n\u0103r de 23 de ani.<\/strong><\/p>\n<p><strong>\u00cen urma impactului, autoturismul a fost proiectat \u00eentr-un autoturism care circula din sens opus, condus de o femeie \u00een v\u00e2rst\u0103 de 46 de ani.<\/strong><\/p>\n<p><strong>\u00cen urma accidentului rutier, conduc\u0103toarea auto a fost r\u0103nit\u0103 \u0219i transportat\u0103 la spital \u00een vederea acord\u0103rii de \u00eengrijiri medicale.<\/strong><\/p>\n<p><strong>Poli\u021bi\u0219tii au \u00eentocmit un dosar penal sub aspectul s\u0103v\u00e2r\u0219irii infrac\u021biunii de v\u0103t\u0103mare corporal\u0103 din culp\u0103<\/strong>\u201c, au transmis reprezentan\u021bii IPJ Timi\u0219.<\/p>\n<p>To\u021bi \u0219oferii au fost pu\u0219i s\u0103 sufle \u00een etilotest, care a ar\u0103tat c\u0103 niciunul nu b\u0103use.<\/p>\n<p>***<\/p>\n<p><strong><span class=\"dia_suggestion w0\">Mai<\/span>\u00a0<span class=\"dia_suggestion w1\">multe<\/span>\u00a0<span class=\"dia_suggestion w2\">g\u0103si\u021bi<\/span>\u00a0pe\u00a0<span class=\"dia_suggestion w4\">pagina noastr<span class=\"dia_suggestion w0\">\u0103<\/span><\/span>\u00a0de\u00a0<a href=\"https:\/\/www.facebook.com\/OpiniaTM\/?ref=page_internal\" target=\"_blank\" rel=\"noopener\">Facebook opiniatimisoarei.ro<\/a>!<\/strong><\/p>\n<p><strong><span class=\"dia_suggestion w0\">Dac\u0103<\/span>\u00a0<span class=\"dia_suggestion w1\">a\u021bi<\/span>\u00a0fost martorii unui eveniment\u00a0<span class=\"dia_suggestion w6\">sau<\/span>\u00a0<span class=\"dia_suggestion w7\">ai<\/span>\u00a0unei\u00a0<span class=\"dia_suggestion w9\">situa\u021bii<\/span>\u00a0<span class=\"dia_suggestion w10\">neobi\u0219nuite<\/span>\u00a0<span class=\"dia_suggestion w11\">care<\/span>\u00a0ar\u00a0<span class=\"dia_suggestion w13\">putea<\/span>\u00a0deveni subiect de\u00a0<span class=\"dia_suggestion w17\">\u0219tire<\/span>,\u00a0<span class=\"dia_suggestion w18\">contacta\u021bi<\/span>-ne\u00a0<span class=\"dia_suggestion w20\">la<\/span>\u00a0<a href=\"https:\/\/www.opiniatimisoarei.ro\/cdn-cgi\/l\/email-protection\" class=\"__cf_email__\" data-cfemail=\"a8dacdccc9cbdcc1cde8c7d8c1c6c1c9dcc1c5c1dbc7c9dacdc186dac7\">[email\u00a0protected]<\/a>,\u00a0 pe\u00a0<a href=\"https:\/\/www.facebook.com\/OpiniaTM\">FB<\/a>\u00a0sau pe contul nostru de\u00a0<a href=\"https:\/\/www.instagram.com\/opiniatimisoarei.ro\/\" target=\"_blank\" rel=\"noopener\">Instagram<\/a>!<\/strong><\/p>\n<p><strong><span>CITESTE SI:<\/span>\u00a0<a href=\"https:\/\/www.opiniatimisoarei.ro\/afli-primul-tot-ceea-ce-se-intampla-cu-adevarat-important-in-timisoara-si-in-regiune-cu-aplicatia-de-stiri-opinia-timisoarei-3-tipuri-de-alerte-te-tin-mereu-conectat-la-evenimente-descarca-gratuit-a\/31\/10\/2022\">Afli primul tot ceea ce se intampla cu adevarat important in Timisoara si in regiune cu Aplicatia de stiri Opinia Timisoarei. 3 tipuri de alerte te tin mereu conectat la evenimente. Descarca gratuit Aplicatia OT aici!<\/a><\/strong><\/p>\n<\/div>\n<p>[analyse_source url=&#8221;https:\/\/www.opiniatimisoarei.ro\/accident-in-lant-pe-centura-sud-la-timisoara-o-soferita-a-ajuns-la-spital\/01\/07\/2026&#8243;]<\/p>\n","protected":false},"excerpt":{"rendered":"<p>[analyse_image type=&#8221;featured&#8221; src=&#8221;https:\/\/www.opiniatimisoarei.ro\/wp-content\/uploads\/2025\/09\/accident-centura-sud-1-728&#215;336.jpghttps:\/\/www.opiniatimisoarei.ro\/wp-content\/uploads\/2025\/09\/accident-centura-sud-1.jpg&#8221;] TIMI\u0218OARA. Accident pe Centura Sud a Timi\u0219oarei, \u00een urma c\u0103ruia trei ma\u0219ini au fost avariate, iar o femeie a ajuns la spital. CITE\u0218TE \u0218I:\u0218oferul care i-a uimit pe poli\u021bi\u0219tii de frontier\u0103 din Timi\u0219. De c\u00e2nd conducea cu permis fals Accidentul a avut loc pe \u0219oseaua ocolitoare, \u00een zona localit\u0103\u021bii Mo\u0219ni\u021ba Nou\u0103. Conduc\u0103torul [&hellip;]<\/p>\n","protected":false},"author":1,"featured_media":0,"comment_status":"open","ping_status":"","sticky":false,"template":"","format":"standard","meta":{"footnotes":""},"categories":[89],"tags":[226,190],"class_list":["post-2026686","post","type-post","status-publish","format-standard","hentry","category-romania","tag-crawlmanager","tag-opiniatimisoarei-ro"],"_links":{"self":[{"href":"https:\/\/analyse.optim.biz\/index.php?rest_route=\/wp\/v2\/posts\/2026686","targetHints":{"allow":["GET"]}}],"collection":[{"href":"https:\/\/analyse.optim.biz\/index.php?rest_route=\/wp\/v2\/posts"}],"about":[{"href":"https:\/\/analyse.optim.biz\/index.php?rest_route=\/wp\/v2\/types\/post"}],"author":[{"embeddable":true,"href":"https:\/\/analyse.optim.biz\/index.php?rest_route=\/wp\/v2\/users\/1"}],"replies":[{"embeddable":true,"href":"https:\/\/analyse.optim.biz\/index.php?rest_route=%2Fwp%2Fv2%2Fcomments&post=2026686"}],"version-history":[{"count":0,"href":"https:\/\/analyse.optim.biz\/index.php?rest_route=\/wp\/v2\/posts\/2026686\/revisions"}],"wp:attachment":[{"href":"https:\/\/analyse.optim.biz\/index.php?rest_route=%2Fwp%2Fv2%2Fmedia&parent=2026686"}],"wp:term":[{"taxonomy":"category","embeddable":true,"href":"https:\/\/analyse.optim.biz\/index.php?rest_route=%2Fwp%2Fv2%2Fcategories&post=2026686"},{"taxonomy":"post_tag","embeddable":true,"href":"https:\/\/analyse.optim.biz\/index.php?rest_route=%2Fwp%2Fv2%2Ftags&post=2026686"}],"curies":[{"name":"wp","href":"https:\/\/api.w.org\/{rel}","templated":true}]}}