{"id":2026685,"date":"2026-07-01T09:53:39","date_gmt":"2026-07-01T06:53:39","guid":{"rendered":"https:\/\/analyse.optim.biz\/?p=2026685"},"modified":"2026-07-01T09:53:39","modified_gmt":"2026-07-01T06:53:39","slug":"soferul-care-i-a-uimit-pe-politistii-de-frontiera-din-timis-de-cand-conducea-cu-permis-fals","status":"publish","type":"post","link":"https:\/\/analyse.optim.biz\/?p=2026685","title":{"rendered":"\u0218oferul care i-a uimit pe poli\u021bi\u0219tii de frontier\u0103 din Timi\u0219. De c\u00e2nd conducea cu permis fals"},"content":{"rendered":"<p>[analyse_image type=&#8221;featured&#8221; src=&#8221;https:\/\/www.opiniatimisoarei.ro\/wp-content\/uploads\/2026\/07\/permis-fals-frontiera-728&#215;336.pnghttps:\/\/www.opiniatimisoarei.ro\/wp-content\/uploads\/2026\/07\/permis-fals-frontiera.png&#8221;]<\/p>\n<div class=\"the_content\">\n<p><strong>TIMIS.<\/strong> A crezut c\u0103 \u00eei va merge \u00een Rom\u00e2nia ca \u00een \u021bara natal\u0103, dar a fost oprit la grani\u021b\u0103 de poli\u021bi\u0219tii de frontier\u0103.<\/p>\n<p><strong><span>CITE\u0218TE \u0218I:<\/span><a href=\"https:\/\/www.opiniatimisoarei.ro\/prins-in-flagrant-la-timisoara-ce-i-a-promis-un-barbat-unei-femei-pentru-aproape-1000-de-euro\/01\/07\/2026\">Prins \u00een flagrant la Timi\u0219oara. Ce i-a promis un b\u0103rbat unei femei pentru aproape 1000 de euro<\/a><\/strong><\/p>\n<p>Este vorba despre un b\u0103rbat de 66 de ani, care a vrut s\u0103 intre mar\u021bi sear\u0103 cu ma\u0219ina din Serbia \u00een Rom\u00e2nia. Poli\u021bi\u0219tii de la punctul de trecere a frontierei de la Stamora Moravi\u021ba i-au cerut documentele, iar \u00een urma unei verific\u0103ri am\u0103nun\u021bite, oamenii legii \u0219i-au dat seama c\u0103 permisul s\u00e2rbului era fals.<\/p>\n<p>Poli\u021bi\u0219tii l-au luat la \u00eentreb\u0103ri \u0219i au r\u0103mas surprin\u0219i de cele aflate. B\u0103rbatul circula de 3 ani cu acel permis, pe care nu l-a luat \u00een urma unui examen.<\/p>\n<blockquote>\n<p>\u201c<strong>Poli\u0163i\u015ftii de frontier\u0103 au efectuat verific\u0103ri specifice, \u00een urma c\u0103rora au constatat c\u0103 documentul \u00een cauz\u0103 nu \u00eendepline\u015fte condi\u0163iile de form\u0103 \u015fi fond ale unui permis auto autentic, acesta fiind fals.<\/strong><br \/><strong>Cu privire la aspectele constatate, persoana a declarat c\u0103 a ob\u0163inut documentul \u00een anul 2023 contra sumei de 200 euro, \u00een Serbia.<\/strong><br \/><strong>\u00cen cauz\u0103, poli\u0163i\u015ftii de frontier\u0103 efectueaz\u0103 cercet\u0103ri sub aspectul s\u0103v\u00e2r\u015firii infrac\u0163iunilor de uz de fals, fals material \u00een \u00eenscrisuri oficiale \u015fi conducerea unui vehicul f\u0103r\u0103 permis de conducere, urm\u00e2nd ca la finalizarea cercet\u0103rilor s\u0103 fie dispuse m\u0103surile legale care se impun.<\/strong>\u201c, au transmis reprezentan\u021bii Poli\u021biei de Frontier\u0103.<\/p>\n<\/blockquote>\n<p>***<\/p>\n<p><strong><span class=\"dia_suggestion w0\">Mai<\/span>\u00a0<span class=\"dia_suggestion w1\">multe<\/span>\u00a0<span class=\"dia_suggestion w2\">g\u0103si\u021bi<\/span>\u00a0pe\u00a0<span class=\"dia_suggestion w4\">pagina noastr<span class=\"dia_suggestion w0\">\u0103<\/span><\/span>\u00a0de\u00a0<a href=\"https:\/\/www.facebook.com\/OpiniaTM\/?ref=page_internal\" target=\"_blank\" rel=\"noopener\">Facebook opiniatimisoarei.ro<\/a>!<\/strong><\/p>\n<p><strong><span class=\"dia_suggestion w0\">Dac\u0103<\/span>\u00a0<span class=\"dia_suggestion w1\">a\u021bi<\/span>\u00a0fost martorii unui eveniment\u00a0<span class=\"dia_suggestion w6\">sau<\/span>\u00a0<span class=\"dia_suggestion w7\">ai<\/span>\u00a0unei\u00a0<span class=\"dia_suggestion w9\">situa\u021bii<\/span>\u00a0<span class=\"dia_suggestion w10\">neobi\u0219nuite<\/span>\u00a0<span class=\"dia_suggestion w11\">care<\/span>\u00a0ar\u00a0<span class=\"dia_suggestion w13\">putea<\/span>\u00a0deveni subiect de\u00a0<span class=\"dia_suggestion w17\">\u0219tire<\/span>,\u00a0<span class=\"dia_suggestion w18\">contacta\u021bi<\/span>-ne\u00a0<span class=\"dia_suggestion w20\">la<\/span>\u00a0<a href=\"https:\/\/www.opiniatimisoarei.ro\/cdn-cgi\/l\/email-protection\" class=\"__cf_email__\" data-cfemail=\"522037363331263b37123d223b3c3b33263b3f3b213d3320373b7c203d\">[email\u00a0protected]<\/a>,\u00a0 pe\u00a0<a href=\"https:\/\/www.facebook.com\/OpiniaTM\">FB<\/a>\u00a0sau pe contul nostru de\u00a0<a href=\"https:\/\/www.instagram.com\/opiniatimisoarei.ro\/\" target=\"_blank\" rel=\"noopener\">Instagram<\/a>!<\/strong><\/p>\n<p><strong><span>CITESTE SI:<\/span>\u00a0<a href=\"https:\/\/www.opiniatimisoarei.ro\/afli-primul-tot-ceea-ce-se-intampla-cu-adevarat-important-in-timisoara-si-in-regiune-cu-aplicatia-de-stiri-opinia-timisoarei-3-tipuri-de-alerte-te-tin-mereu-conectat-la-evenimente-descarca-gratuit-a\/31\/10\/2022\">Afli primul tot ceea ce se intampla cu adevarat important in Timisoara si in regiune cu Aplicatia de stiri Opinia Timisoarei. 3 tipuri de alerte te tin mereu conectat la evenimente. Descarca gratuit Aplicatia OT aici!<\/a><\/strong><\/p>\n<\/div>\n<p>[analyse_source url=&#8221;https:\/\/www.opiniatimisoarei.ro\/soferul-care-i-a-uimit-pe-politistii-de-frontiera-din-timis-de-cand-conducea-cu-permis-fals\/01\/07\/2026&#8243;]<\/p>\n","protected":false},"excerpt":{"rendered":"<p>[analyse_image type=&#8221;featured&#8221; src=&#8221;https:\/\/www.opiniatimisoarei.ro\/wp-content\/uploads\/2026\/07\/permis-fals-frontiera-728&#215;336.pnghttps:\/\/www.opiniatimisoarei.ro\/wp-content\/uploads\/2026\/07\/permis-fals-frontiera.png&#8221;] TIMIS. A crezut c\u0103 \u00eei va merge \u00een Rom\u00e2nia ca \u00een \u021bara natal\u0103, dar a fost oprit la grani\u021b\u0103 de poli\u021bi\u0219tii de frontier\u0103. CITE\u0218TE \u0218I:Prins \u00een flagrant la Timi\u0219oara. Ce i-a promis un b\u0103rbat unei femei pentru aproape 1000 de euro Este vorba despre un b\u0103rbat de 66 de ani, care a [&hellip;]<\/p>\n","protected":false},"author":1,"featured_media":0,"comment_status":"open","ping_status":"","sticky":false,"template":"","format":"standard","meta":{"footnotes":""},"categories":[89],"tags":[226,190],"class_list":["post-2026685","post","type-post","status-publish","format-standard","hentry","category-romania","tag-crawlmanager","tag-opiniatimisoarei-ro"],"_links":{"self":[{"href":"https:\/\/analyse.optim.biz\/index.php?rest_route=\/wp\/v2\/posts\/2026685","targetHints":{"allow":["GET"]}}],"collection":[{"href":"https:\/\/analyse.optim.biz\/index.php?rest_route=\/wp\/v2\/posts"}],"about":[{"href":"https:\/\/analyse.optim.biz\/index.php?rest_route=\/wp\/v2\/types\/post"}],"author":[{"embeddable":true,"href":"https:\/\/analyse.optim.biz\/index.php?rest_route=\/wp\/v2\/users\/1"}],"replies":[{"embeddable":true,"href":"https:\/\/analyse.optim.biz\/index.php?rest_route=%2Fwp%2Fv2%2Fcomments&post=2026685"}],"version-history":[{"count":0,"href":"https:\/\/analyse.optim.biz\/index.php?rest_route=\/wp\/v2\/posts\/2026685\/revisions"}],"wp:attachment":[{"href":"https:\/\/analyse.optim.biz\/index.php?rest_route=%2Fwp%2Fv2%2Fmedia&parent=2026685"}],"wp:term":[{"taxonomy":"category","embeddable":true,"href":"https:\/\/analyse.optim.biz\/index.php?rest_route=%2Fwp%2Fv2%2Fcategories&post=2026685"},{"taxonomy":"post_tag","embeddable":true,"href":"https:\/\/analyse.optim.biz\/index.php?rest_route=%2Fwp%2Fv2%2Ftags&post=2026685"}],"curies":[{"name":"wp","href":"https:\/\/api.w.org\/{rel}","templated":true}]}}