{"id":2026680,"date":"2026-07-02T15:48:23","date_gmt":"2026-07-02T12:48:23","guid":{"rendered":"https:\/\/analyse.optim.biz\/?p=2026680"},"modified":"2026-07-02T15:48:23","modified_gmt":"2026-07-02T12:48:23","slug":"accident-cu-trei-masini-nu-departe-de-timisoara-printre-raniti-e-si-un-copil-foto","status":"publish","type":"post","link":"https:\/\/analyse.optim.biz\/?p=2026680","title":{"rendered":"Accident cu trei ma\u0219ini nu departe de Timi\u0219oara. Printre r\u0103ni\u021bi e \u0219i un copil. FOTO"},"content":{"rendered":"<p>[analyse_image type=&#8221;featured&#8221; src=&#8221;https:\/\/www.opiniatimisoarei.ro\/wp-content\/uploads\/2026\/07\/accident-Sag-Jebel-2-728&#215;336.pnghttps:\/\/www.opiniatimisoarei.ro\/wp-content\/uploads\/2026\/07\/accident-Sag-Jebel-2.png&#8221;]<\/p>\n<div class=\"the_content\">\n<p><strong>IMISOARA.<\/strong> Trei ma\u0219ini s-au izbit joi dup\u0103-amiaz\u0103 pe \u0219oseaua Timi\u0219oara \u2013 Re\u0219i\u021ba, iar 4 oameni au fost r\u0103ni\u021bi.<\/p>\n<p><strong><span>CITE\u0218TE \u0218I:<\/span><a href=\"https:\/\/www.opiniatimisoarei.ro\/copaci-rupti-si-strazi-ori-curti-inundate-dupa-ploaia-torentiala-de-la-timisoara-interventii-ale-pompierilor-foto\/02\/07\/2026\">Copaci rup\u021bi \u0219i str\u0103zi ori cur\u021bi inundate dup\u0103 ploaia toren\u021bial\u0103 de la Timi\u0219oara. Interven\u021bii ale pompierilor. FOTO<\/a><\/strong><\/p>\n<p>Accidentul a avut loc la \u0218ag, <span class=\"dia_suggestion w0\">dup\u0103<\/span> ce un <span class=\"dia_suggestion w3\">\u0219ofer<\/span> a <span class=\"dia_suggestion w5\">p\u0103truns<\/span> pe contrasens, iar \u00een cele trei ma\u0219ini erau 7 persoane.<\/p>\n<p>La fa\u021ba locului au ajuns echipaje ale poli\u021biei \u0219i ambulan\u021bei.<\/p>\n<p>Patru dintre cei afla\u021bi \u00een autoturisme au fost r\u0103ni\u021bi. Medicii i-au verificat la fa\u021ba locului.<\/p>\n<blockquote>\n<p>\u201c<strong>La fa\u021ba locului s-au deplasat de urgen\u021b\u0103 o autospecial\u0103 de stingere cu modul de descarcerare, un echipaj SMURD \u0219i 2 ambulan\u021be SAJ.<\/strong><\/p>\n<p><strong>\u00cen accident au fost implicate 3 autoturisme \u00een care se aflau 7 persoane (6 adul\u021bi \u0219i un minor).<\/strong><br \/><strong>3 adul\u021bi \u0219i minorul sunt evalua\u021bi medical la fa\u021ba locului, con\u0219tien\u021bi \u0219i cooperan\u021bi<\/strong>\u201c, au transmis reprezentan\u021bii ISU Timi\u0219.<\/p>\n<\/blockquote>\n<p><img loading=\"lazy\" decoding=\"async\" class=\"alignnone size-full wp-image-882127\" src=\"https:\/\/www.opiniatimisoarei.ro\/wp-content\/uploads\/2026\/07\/accident-Sag-Jebel-1.png\" alt=\"\" width=\"1080\" height=\"650\"><\/p>\n<p>\u00cen cele din urm\u0103 doar doi b\u0103rba\u021bi au fost du\u0219i la spital, <span class=\"dia_suggestion w0\">ceilal\u021bi<\/span> oameni <span class=\"dia_suggestion w2\">implica\u021bi<\/span><span class=\"dia_suggestion w3\">\u00een<\/span> accident <span class=\"dia_suggestion w5\">av\u00e2nd<\/span><span class=\"dia_suggestion w6\">r\u0103ni<\/span><span class=\"dia_suggestion w7\">u\u0219oare<\/span>.<\/p>\n<p>Poli\u021bi\u0219tii au avut parte \u0219i de o surpriz\u0103.<\/p>\n<p>\u00cen urma cercet\u0103rilor, oamenii legii au descoperit c\u0103 \u0219oferul vinovat de producerea accidentului era b\u0103ut.<\/p>\n<blockquote>\n<p>\u201c<strong>Un b\u0103rbat, de 71 de ani, a condus un autoturism pe DN 59, dinspre localitatea Jebel \u00eenspre localitatea \u0218ag, iar, la un moment dat, \u00eentr-o curb\u0103 la dreapta, ar fi pierdut controlul asupra direc\u021biei de deplasare, p\u0103trunz\u00e2nd pe sensul opus de circula\u021bie, intr\u00e2nd \u00een coliziune cu un autoturism condus de un b\u0103rbat de 40 de ani. Ulterior, un autoturism condus de un b\u0103rbat de 30 de ani a intrat \u00een coliziune cu autoturismul condus de b\u0103rbatul de 40 de ani.<\/strong><\/p>\n<p><strong>\u00cen urma accidentului rutier au rezultat r\u0103nirea b\u0103rba\u021bilor de 71 \u0219i 30 de ani, ace\u0219tia fiind transporta\u021bi la spital \u00een vederea acord\u0103rii de \u00eengrijiri medicale.<\/strong><\/p>\n<p><strong>Conduc\u0103torul auto \u00een v\u00e2rst\u0103 de 40 de ani a fost testat cu aparatul alcooltest, rezult\u00e2nd o valoare de 0,18 mg\/l alcool pur \u00een aerul expirat.<\/strong><\/p>\n<p><strong>\u00cen cauz\u0103 a fost \u00eentocmit dosar penal sub aspectul s\u0103v\u00e2r\u0219irii infrac\u021biunii de v\u0103t\u0103mare corporal\u0103 din culp\u0103, cercet\u0103rile fiind continuate pentru stabilirea tuturor cauzelor \u0219i \u00eemprejur\u0103rilor producerii accidentului rutier<\/strong>\u201c, au transmis reprezentan\u021bii IPJ Timi\u0219.<\/p>\n<\/blockquote>\n<p><img loading=\"lazy\" decoding=\"async\" class=\"alignnone size-full wp-image-882128\" src=\"https:\/\/www.opiniatimisoarei.ro\/wp-content\/uploads\/2026\/07\/accident-Sag-Jebel-3.png\" alt=\"\" width=\"1080\" height=\"500\"><\/p>\n<p>***<\/p>\n<p><strong><span class=\"dia_suggestion w0\">Mai<\/span>\u00a0<span class=\"dia_suggestion w1\">multe<\/span>\u00a0<span class=\"dia_suggestion w2\">g\u0103si\u021bi<\/span>\u00a0pe\u00a0<span class=\"dia_suggestion w4\">pagina noastr<span class=\"dia_suggestion w0\">\u0103<\/span><\/span>\u00a0de\u00a0<a href=\"https:\/\/www.facebook.com\/OpiniaTM\/?ref=page_internal\" target=\"_blank\" rel=\"noopener\">Facebook opiniatimisoarei.ro<\/a>!<\/strong><\/p>\n<p><strong><span class=\"dia_suggestion w0\">Dac\u0103<\/span>\u00a0<span class=\"dia_suggestion w1\">a\u021bi<\/span>\u00a0fost martorii unui eveniment\u00a0<span class=\"dia_suggestion w6\">sau<\/span>\u00a0<span class=\"dia_suggestion w7\">ai<\/span>\u00a0unei\u00a0<span class=\"dia_suggestion w9\">situa\u021bii<\/span>\u00a0<span class=\"dia_suggestion w10\">neobi\u0219nuite<\/span>\u00a0<span class=\"dia_suggestion w11\">care<\/span>\u00a0ar\u00a0<span class=\"dia_suggestion w13\">putea<\/span>\u00a0deveni subiect de\u00a0<span class=\"dia_suggestion w17\">\u0219tire<\/span>,\u00a0<span class=\"dia_suggestion w18\">contacta\u021bi<\/span>-ne\u00a0<span class=\"dia_suggestion w20\">la<\/span>\u00a0<a href=\"https:\/\/www.opiniatimisoarei.ro\/cdn-cgi\/l\/email-protection\" class=\"__cf_email__\" data-cfemail=\"5c2e39383d3f2835391c332c3532353d283531352f333d2e3935722e33\">[email\u00a0protected]<\/a>,\u00a0 pe\u00a0<a href=\"https:\/\/www.facebook.com\/OpiniaTM\">FB<\/a>\u00a0sau pe contul nostru de\u00a0<a href=\"https:\/\/www.instagram.com\/opiniatimisoarei.ro\/\" target=\"_blank\" rel=\"noopener\">Instagram<\/a>!<\/strong><\/p>\n<p><strong><span>CITESTE SI:<\/span>\u00a0<a href=\"https:\/\/www.opiniatimisoarei.ro\/afli-primul-tot-ceea-ce-se-intampla-cu-adevarat-important-in-timisoara-si-in-regiune-cu-aplicatia-de-stiri-opinia-timisoarei-3-tipuri-de-alerte-te-tin-mereu-conectat-la-evenimente-descarca-gratuit-a\/31\/10\/2022\">Afli primul tot ceea ce se intampla cu adevarat important in Timisoara si in regiune cu Aplicatia de stiri Opinia Timisoarei. 3 tipuri de alerte te tin mereu conectat la evenimente. Descarca gratuit Aplicatia OT aici!<\/a><\/strong><\/p>\n<\/div>\n<p>[analyse_source url=&#8221;https:\/\/www.opiniatimisoarei.ro\/accident-cu-trei-masini-nu-departe-de-timisoara-printre-raniti-e-si-un-copil-foto\/02\/07\/2026&#8243;]<\/p>\n","protected":false},"excerpt":{"rendered":"<p>[analyse_image type=&#8221;featured&#8221; src=&#8221;https:\/\/www.opiniatimisoarei.ro\/wp-content\/uploads\/2026\/07\/accident-Sag-Jebel-2-728&#215;336.pnghttps:\/\/www.opiniatimisoarei.ro\/wp-content\/uploads\/2026\/07\/accident-Sag-Jebel-2.png&#8221;] IMISOARA. Trei ma\u0219ini s-au izbit joi dup\u0103-amiaz\u0103 pe \u0219oseaua Timi\u0219oara \u2013 Re\u0219i\u021ba, iar 4 oameni au fost r\u0103ni\u021bi. CITE\u0218TE \u0218I:Copaci rup\u021bi \u0219i str\u0103zi ori cur\u021bi inundate dup\u0103 ploaia toren\u021bial\u0103 de la Timi\u0219oara. Interven\u021bii ale pompierilor. FOTO Accidentul a avut loc la \u0218ag, dup\u0103 ce un \u0219ofer a p\u0103truns pe contrasens, iar \u00een [&hellip;]<\/p>\n","protected":false},"author":1,"featured_media":0,"comment_status":"open","ping_status":"","sticky":false,"template":"","format":"standard","meta":{"footnotes":""},"categories":[89],"tags":[226,190],"class_list":["post-2026680","post","type-post","status-publish","format-standard","hentry","category-romania","tag-crawlmanager","tag-opiniatimisoarei-ro"],"_links":{"self":[{"href":"https:\/\/analyse.optim.biz\/index.php?rest_route=\/wp\/v2\/posts\/2026680","targetHints":{"allow":["GET"]}}],"collection":[{"href":"https:\/\/analyse.optim.biz\/index.php?rest_route=\/wp\/v2\/posts"}],"about":[{"href":"https:\/\/analyse.optim.biz\/index.php?rest_route=\/wp\/v2\/types\/post"}],"author":[{"embeddable":true,"href":"https:\/\/analyse.optim.biz\/index.php?rest_route=\/wp\/v2\/users\/1"}],"replies":[{"embeddable":true,"href":"https:\/\/analyse.optim.biz\/index.php?rest_route=%2Fwp%2Fv2%2Fcomments&post=2026680"}],"version-history":[{"count":0,"href":"https:\/\/analyse.optim.biz\/index.php?rest_route=\/wp\/v2\/posts\/2026680\/revisions"}],"wp:attachment":[{"href":"https:\/\/analyse.optim.biz\/index.php?rest_route=%2Fwp%2Fv2%2Fmedia&parent=2026680"}],"wp:term":[{"taxonomy":"category","embeddable":true,"href":"https:\/\/analyse.optim.biz\/index.php?rest_route=%2Fwp%2Fv2%2Fcategories&post=2026680"},{"taxonomy":"post_tag","embeddable":true,"href":"https:\/\/analyse.optim.biz\/index.php?rest_route=%2Fwp%2Fv2%2Ftags&post=2026680"}],"curies":[{"name":"wp","href":"https:\/\/api.w.org\/{rel}","templated":true}]}}