{"id":202664,"date":"2014-06-19T17:47:43","date_gmt":"2014-06-19T14:47:43","guid":{"rendered":"https:\/\/analyse.optim.biz\/?p=202664"},"modified":"2014-06-19T17:47:43","modified_gmt":"2014-06-19T14:47:43","slug":"klaus-iohannis-acuzatiile-care-planeaza-asupra-familiei-prezidentiale-tin-de-siguranta-nationala","status":"publish","type":"post","link":"https:\/\/analyse.optim.biz\/?p=202664","title":{"rendered":"Klaus Iohannis: Acuza\u0163iile care planeaz\u0103 asupra familiei preziden\u0163iale \u0163in de siguran\u0163a na\u0163ional\u0103"},"content":{"rendered":"<div class=\"entry data-app-meta data-app-meta-article\" data-embed-base-url-canonical=\"https:\/\/www.digi24.ro\/embed\/stiri\/actualitate\/politica\/klaus-iohannis-acuzatiile-care-planeaza-asupra-familiei-prezidentiale-tin-de-siguranta-nationala-258475\">\n<p data-index=\"1\">&#8220;Avem de-a face cu o situa\u0163ie extrem de grav\u0103, unde apar acuza\u0163ii care pot duce \u00een zona siguran\u0163ei na\u0163ionale. Astfel de acuza\u0163ii nu pot sta \u00een spa\u0163iul public f\u0103r\u0103 a primi \u00een cel mai scurt timp un r\u0103spuns ferm din partea celor abilita\u0163i. Pre\u015fedintele nu e un politician sau o persoana cu un frate, ci exponentul Rom\u00e2niei \u00een lume. Nu pot \u015fi nu vreau s\u0103 tr\u0103iesc \u00eentr-o \u0163ar\u0103 unde asupra pre\u015fedintelui planeaz\u0103 o suspiciune de o asemenea gravitate&#8221;, a spus <strong>Klaus Iohannis<\/strong>.\u00a0<\/p>\n<\/div>\n<p> Source URL: https:\/\/www.digi24.ro\/stiri\/actualitate\/politica\/klaus-iohannis-acuzatiile-care-planeaza-asupra-familiei-prezidentiale-tin-de-siguranta-nationala-258475<\/p>\n","protected":false},"excerpt":{"rendered":"<p>&#8220;Avem de-a face cu o situa\u0163ie extrem de grav\u0103, unde apar acuza\u0163ii care pot duce \u00een zona siguran\u0163ei na\u0163ionale. Astfel de acuza\u0163ii nu pot sta \u00een spa\u0163iul public f\u0103r\u0103 a primi \u00een cel mai scurt timp un r\u0103spuns ferm din partea celor abilita\u0163i. Pre\u015fedintele nu e un politician sau o persoana cu un frate, ci [&hellip;]<\/p>\n","protected":false},"author":1,"featured_media":202665,"comment_status":"open","ping_status":"","sticky":false,"template":"","format":"standard","meta":{"footnotes":""},"categories":[2],"tags":[11],"class_list":["post-202664","post","type-post","status-publish","format-standard","has-post-thumbnail","hentry","category-politics","tag-digi24"],"_links":{"self":[{"href":"https:\/\/analyse.optim.biz\/index.php?rest_route=\/wp\/v2\/posts\/202664","targetHints":{"allow":["GET"]}}],"collection":[{"href":"https:\/\/analyse.optim.biz\/index.php?rest_route=\/wp\/v2\/posts"}],"about":[{"href":"https:\/\/analyse.optim.biz\/index.php?rest_route=\/wp\/v2\/types\/post"}],"author":[{"embeddable":true,"href":"https:\/\/analyse.optim.biz\/index.php?rest_route=\/wp\/v2\/users\/1"}],"replies":[{"embeddable":true,"href":"https:\/\/analyse.optim.biz\/index.php?rest_route=%2Fwp%2Fv2%2Fcomments&post=202664"}],"version-history":[{"count":0,"href":"https:\/\/analyse.optim.biz\/index.php?rest_route=\/wp\/v2\/posts\/202664\/revisions"}],"wp:featuredmedia":[{"embeddable":true,"href":"https:\/\/analyse.optim.biz\/index.php?rest_route=\/wp\/v2\/media\/202665"}],"wp:attachment":[{"href":"https:\/\/analyse.optim.biz\/index.php?rest_route=%2Fwp%2Fv2%2Fmedia&parent=202664"}],"wp:term":[{"taxonomy":"category","embeddable":true,"href":"https:\/\/analyse.optim.biz\/index.php?rest_route=%2Fwp%2Fv2%2Fcategories&post=202664"},{"taxonomy":"post_tag","embeddable":true,"href":"https:\/\/analyse.optim.biz\/index.php?rest_route=%2Fwp%2Fv2%2Ftags&post=202664"}],"curies":[{"name":"wp","href":"https:\/\/api.w.org\/{rel}","templated":true}]}}