{"id":2026569,"date":"2026-07-04T00:00:00","date_gmt":"2026-07-03T21:00:00","guid":{"rendered":"https:\/\/analyse.optim.biz\/?p=2026569"},"modified":"2026-07-04T00:00:00","modified_gmt":"2026-07-03T21:00:00","slug":"du-boxster-a-la-997-gts-cabriolet-lhistoire-dun-couple-mordu-de-porsche-votre-porsche-votre-histoire","status":"publish","type":"post","link":"https:\/\/analyse.optim.biz\/?p=2026569","title":{"rendered":"Du Boxster \u00e0\u00a0la 997 GTS Cabriolet, l\u2019histoire d\u2019un couple mordu de Porsche\u00a0: Votre Porsche votre histoire"},"content":{"rendered":"<div id=\"brxe-lipmib\" class=\"brxe-post-content\">\n<p><strong>Derri\u00e8re la passion pour Porsche se cache parfois une v\u00e9ritable force de vie. C\u2019est le cas de Florence et Jean-Philippe, un couple dont la Porsche 997 GTS Cabriolet est devenue bien plus qu\u2019une voiture, voici leur histoire. <\/strong><\/p>\n<h2>Une passion qui s\u2019est impos\u00e9e d\u2019elle-m\u00eame<\/h2>\n<p>Comme beaucoup de passionn\u00e9s, Jean-Philippe et Florence ne s\u2019attendaient pas \u00e0\u00a0tomber aussi amoureux du monde Porsche. Leur premier contact avec la marque a\u00a0\u00e9t\u00e9 permis par un voisin travaillant chez Porsche France, lorsqu\u2019il emm\u00e8ne le couple de cinquantenaire en balade dans le Gers\u00a0:\u00a0\u00ab\u00a0<em>Je ne m\u2019attendais pas \u00e0\u00a0trouver \u00e7a aussi g\u00e9nial. Je me faisais une fausse image du monde de Porsche et \u00e7a a\u00a0\u00e9t\u00e9 la tr\u00e8s grande surprise. On a\u00a0ensuite \u00e9t\u00e9 pr\u00eats \u00e0\u00a0s\u2019investir de plus en plus et \u00e0\u00a0se passionner de plus en plus\u00a0\u00bb, explique l\u2019ing\u00e9nieur a\u00e9ronautique. Florence ajoute avec enthousiasme\u00a0: \u00ab\u00a0C\u2019est presque inattendu. Ce n\u2019\u00e9tait pas le but premier, mais on s\u2019est fait prendre au jeu\u00a0! <\/em>\u00bb. La passion pour Porsche \u00e9tait n\u00e9e.<\/p>\n<h2>Du Boxster \u00e0\u00a0la Porsche 911<\/h2>\n<p>Apr\u00e8s avoir poss\u00e9d\u00e9 un Boxster 987, Jean-Philippe, en tant que f\u00e9ru d\u2019ing\u00e9nierie, souhaite go\u00fbter au comportement des 911 et de leur moteur en porte-\u00e0-faux arri\u00e8re. Il se lance alors \u00e0\u00a0la recherche de la perle rare, avec des crit\u00e8res pr\u00e9cis\u00a0: \u00ab\u00a0<em>Je voulais une Carrera 2\u00a0pour ressentir le balancier de la 911. C\u2019est quelque chose de puissant. <\/em>\u00bb Quant \u00e0\u00a0la GT3 qu\u2019il aurait volontiers choisie, elle est \u00e9cart\u00e9e d\u2019un commun accord avec sa co-pilote de toujours\u00a0: \u00ab\u00a0<em>Pour Florence, c\u2019est trop raide. Alors la 997 GTS Cabriolet s\u2019est impos\u00e9e comme un bon compromis pour profiter \u00e0\u00a0deux\u00a0\u00bb.<\/em><\/p>\n<p><img loading=\"lazy\" decoding=\"async\" class=\"alignnone wp-image-62688\" src=\"https:\/\/www.flat6mag.com\/wp-content\/uploads\/2026\/07\/carrera-gts-300x200.jpg\" alt=\"carrera gts\" width=\"1055\" height=\"703\"><\/p>\n<h2>La Porsche comme bouff\u00e9e d\u2019oxyg\u00e8ne<\/h2>\n<p>Derri\u00e8re cette histoire d\u2019un couple de passionn\u00e9 se cache une r\u00e9alit\u00e9 plus profonde. D\u2019importants probl\u00e8mes de sant\u00e9 ont contraint Florence \u00e0\u00a0cesser son activit\u00e9 d\u2019assistante maternelle et \u00e0\u00a0renoncer \u00e0\u00a0une partie de sa libert\u00e9 physique. Et c\u2019est avec une \u00e9nergie et un enthousiasme particuli\u00e8rement puissant qu\u2019elle explique\u00a0:\u00a0\u00ab\u00a0<em>La passion Porsche est pour moi un \u00e9chappatoire. Cette adr\u00e9naline, le fait de ressentir les sensations, \u00e7a m\u2019apporte beaucoup de choses. C\u2019est ce qui me permet de me booster, d\u2019avancer, d\u2019\u00eatre toujours debout et d\u2019avoir des buts <\/em>\u00bb.<br \/>\nDescendre d\u2019une <a href=\"https:\/\/www.flat6mag.com\/actualite\/porsche-911-type-997-carrera-le-bon-modele-a-acheter\/\">997<\/a> GTS en fin de road trip lui demande parfois plusieurs semaines de r\u00e9cup\u00e9ration, mais la question ne se pose pas\u00a0: \u00ab\u00a0<em>La passion et l\u2019adr\u00e9naline, tout ce que la Porsche peut m\u2019apporter, c\u2019est tellement au-del\u00e0 de mes douleurs. Je me sens tellement vivante \u00e0\u00a0ce moment-l\u00e0. Dans mon canap\u00e9, j\u2019ai mal et dans la voiture j\u2019ai mal aussi, alors autant souffrir dans ma Porsche\u2026<\/em> \u00bb<\/p>\n<p><img loading=\"lazy\" decoding=\"async\" class=\"alignnone wp-image-62689 \" src=\"https:\/\/www.flat6mag.com\/wp-content\/uploads\/2026\/07\/jean-philippe-florence-carrera-gts-scaled-e1782999301634-300x244.jpg\" alt=\"jean philippe florence carrera gts\" width=\"818\" height=\"665\"><\/p>\n<h2>Une Porsche \u00e7a s\u2019apprivoise<\/h2>\n<p>Les premi\u00e8res heures au volant de la 911 ne sont pas de tout repos pour Jean-Philippe. Habitu\u00e9 \u00e0\u00a0la motricit\u00e9 centrale du Boxster, il doit apprendre la logique du moteur en porte-\u00e0-faux arri\u00e8re\u00a0: \u00a0\u00ab\u00a0<em>Deux jours apr\u00e8s l\u2019achat, je pars en week-end dans le Massif central. J\u2019ai un copain qui a\u00a0une 911 et j\u2019avais du mal \u00e0\u00a0le suivre. Je me disais que j\u2019avais achet\u00e9 une saucisse, qu\u2019elle ne tenait pas la route <\/em>\u00bb. Puis il comprend\u00a0: \u00ab\u00a0<em>Il faut poser les freins avant d\u2019attaquer le virage pour charger le train avant et laisser la masse arri\u00e8re travailler. Maintenant c\u2019est quelque chose dont je ne peux plus me passer\u00a0! <\/em>\u00bb<\/p>\n<p>Quatre ans apr\u00e8s l\u2019achat, le bilan est sans appel. La 997 GTS Cabriolet a\u00a0apport\u00e9 ce que le <a href=\"https:\/\/www.flat6mag.com\/actualite\/cinq-boxster-et-une-passion-intacte-pour-le-modele-votre-porsche-votre-histoire\/\">Boxster<\/a>, pourtant ador\u00e9, ne pouvait pas tout \u00e0\u00a0fait offrir. Jean-Philippe l\u2019identifie d\u2019abord du c\u00f4t\u00e9 moteur\u00a0: \u00ab\u00a0<em>Ce que je reprochais au Boxster, c\u2019\u00e9tait une bo\u00eete trop longue par rapport au couple du moteur. En deuxi\u00e8me \u00e7a montait \u00e0\u00a0117, en troisi\u00e8me \u00e0\u00a0170. Et le moteur n\u2019\u00e9tait pas si coupleux que \u00e7a. Alors que sur la GTS, la deuxi\u00e8me monte \u00e0\u00a0105, la troisi\u00e8me \u00e0\u00a0155, et il y\u00a0a vraiment une disponibilit\u00e9 motrice qui est vraiment plaisante dans les virages. <\/em>\u00bb<br \/>\nIci, il n\u2019est pas question de turbo, ni de quatre roues motrices, le couple de sudiste souhaite conserver le lien direct avec la route et surtout avec l\u2019air ext\u00e9rieur, cabriolet oblige\u00a0:\u00a0\u00ab\u00a0<em>On aime vraiment rouler capote ouverte, m\u00eame quand il fait trois degr\u00e9s. On roule \u00e0\u00a0fond comme \u00e7a.<\/em> \u00bb<\/p>\n<p><img loading=\"lazy\" decoding=\"async\" class=\"alignnone wp-image-62692\" src=\"https:\/\/www.flat6mag.com\/wp-content\/uploads\/2026\/07\/porsche-997-carrera-gts-300x200.jpg\" alt=\"porsche 997 carrera gts\" width=\"1082\" height=\"721\"><\/p>\n<h2>L\u2019engagement associatif de Florence<\/h2>\n<p>Au quotidien, Florence est engag\u00e9e dans l\u2019association Roadtrips By C\u00e9dric. Elle est d\u2019ailleurs responsable de la communaut\u00e9 f\u00e9minine et organise diff\u00e9rentes sorties et activit\u00e9s. Plus largement, cette activit\u00e9 b\u00e9n\u00e9vole a\u00a0pris une place particuli\u00e8rement importante dans sa vie\u00a0:\u00a0\u00ab\u00a0<em>C\u2019est devenu une famille. On a\u00a0eu des moments merveilleux et des moments difficiles dans le club, mais on s\u2019est toujours soutenus. Il y\u00a0a une sinc\u00e9rit\u00e9 dans l\u2019amiti\u00e9 qui est incroyable\u00a0! <\/em>\u00bb, affirme-t-elle enjou\u00e9e. Le prochain rendez-vous de la communaut\u00e9 se pr\u00e9pare pour octobre, autour des bastides du Tarn, avec Albi comme toile de fond\u00a0: \u00ab\u00a0Le rythme est l\u00e9ger, il y\u00a0a ce c\u00f4t\u00e9 de la passion Porsche, le shopping, \u00eatre ensemble et partager, ce c\u00f4t\u00e9 plus f\u00e9minin en quelque sorte, que l\u2019on appr\u00e9cie particuli\u00e8rement.\u00a0\u00bb<\/p>\n<p><img decoding=\"async\" loading=\"lazy\" class=\"alignnone wp-image-62690\" src=\"https:\/\/www.flat6mag.com\/wp-content\/uploads\/2026\/07\/florence-carrera-gts-300x225.jpg\" alt=\"florence carrera gts\" width=\"1084\" height=\"813\"><\/p>\n<h2>Un moment suspendu au sommet du Stelvio<\/h2>\n<p>Parmi les souvenirs les plus marquants du couple en compagnie de leur Porsche, leur road trip dans les Dolomites en septembre 2024 occupe une place \u00e0\u00a0part. Avec dix-huit voitures, le groupe s\u2019\u00e9tire dans la mont\u00e9e du Stelvio. Florence et Jean-Philippe arrivent les premiers au sommet. Ils attendent. Puis les entendent\u00a0: \u00ab\u00a0<em>On les entend et on les voit arriver de loin. C\u2019\u00e9tait incroyable. C\u2019\u00e9tait chouette.<\/em> \u00bb<\/p>\n<p>Jean-Philippe, qui craignait d\u2019\u00eatre d\u00e9\u00e7u par le col trop connu et trop fr\u00e9quent\u00e9, vit au contraire une r\u00e9v\u00e9lation. \u00ab\u00a0<em>Une fois l\u00e0-haut, le sentiment \u00e9tait indescriptible. On se sentait l\u00e9ger, on se sentait euphorique, comme si on avait pris de la drogue. J\u2019ai compris ce jour-l\u00e0 que j\u2019ai besoin de rouler en montagne, en d\u00e9capotable. C\u2019\u00e9tait une confirmation <\/em>\u00bb, se rappelle-t-il.<\/p>\n<h2>Une 997 GTS pour le plaisir<\/h2>\n<p>Pour ce qui est de l\u2019usage de leur 997 GTS, Florence et Jean-Philippe utilisent leur Porsche de mani\u00e8re ponctuelle lors de leurs diff\u00e9rents roads trips ou \u00ab\u00a0sortie flash\u00a0\u00bb, comme ils le disent. En parall\u00e8le, ils nous l\u2019assurent\u00a0: \u00ab\u00a0<em>La voiture ne sera jamais vendue. On lui met des kilom\u00e8tres, c\u2019est sans regret<\/em>\u00a0\u00bb. Florence ajoute\u00a0avec une grande spontan\u00e9it\u00e9\u00a0:\u00a0\u00ab\u00a0<em>C\u2019est notre petit bijou\u00a0!\u00a0\u00bb \u00a0<\/em><\/p>\n<p>Florence conclut finalement\u00a0: \u00ab\u00a0<em>One life, la vie est courte, alors, je compte en profiter\u00a0! <\/em>\u00bb. Jean-Philippe, lui, est cat\u00e9gorique\u00a0: \u00ab\u00a0<em>Mon seul regret, c\u2019est de ne pas avoir achet\u00e9 de Porsche plus t\u00f4t<\/em>\u00a0\u00bb.<\/p>\n<p>Je remercie grandement Florence et Jean-Philippe pour leur histoire. Rendez-vous prochainement pour un nouvel \u00e9pisode de \u201c<a href=\"https:\/\/www.flat6mag.com\/act\/do\/tag\/votre-porsche-votre-histoire\/\">Votre\u00a0<\/a><a href=\"https:\/\/www.flat6mag.com\/act\/do\/tag\/votre-porsche-votre-histoire\/\">Porsche<\/a><a href=\"https:\/\/www.flat6mag.com\/act\/do\/tag\/votre-porsche-votre-histoire\/\">,<\/a><a href=\"https:\/\/www.flat6mag.com\/act\/do\/tag\/votre-porsche-votre-histoire\/\">\u00a0votre histoire<\/a>\u201d avec un nouveau propri\u00e9taire et une nouvelle Porsche. N\u2019h\u00e9sitez pas \u00e0\u00a0nous partager votre histoire par mail via cette adresse\u00a0:\u00a0<a href=\"mailto:mteff@flat6editions.fr\">mteff@flat6editions.fr<\/a>.<\/p>\n<p><img decoding=\"async\" loading=\"lazy\" class=\"alignnone wp-image-62691\" src=\"https:\/\/www.flat6mag.com\/wp-content\/uploads\/2026\/07\/carrera-gts-blanche-300x225.jpg\" alt=\"carrera gts blanche\" width=\"1101\" height=\"826\"><\/p>\n<div align=\"center\"><button style=\"background-color: transparent;border: 3px solid #000;border-radius: 0.6em;color: #000;cursor: pointer;align-self: center;line-height: 1;margin: 20px;padding: 1.2em 2.8em;text-decoration: none;text-align: center;font-weight: bold\"><a href=\"https:\/\/www.flat6mag.com\/pages\/abonnements.html\">Soyez les premiers \u00e0 tout savoir sur la Porsche et abonnez-vous \u00e0 Flat 6 Magazine\u00a0!<\/a><\/button><\/div>\n<div align=\"center\">Cr\u00e9dit Photo\u00a0: DR<\/div>\n<\/div>\n","protected":false},"excerpt":{"rendered":"<p>Derri\u00e8re la passion pour Porsche se cache parfois une v\u00e9ritable force de vie. C\u2019est le cas de Florence et Jean-Philippe, un couple dont la Porsche 997 GTS Cabriolet est devenue bien plus qu\u2019une voiture, voici leur histoire. Une passion qui s\u2019est impos\u00e9e d\u2019elle-m\u00eame Comme beaucoup de passionn\u00e9s, Jean-Philippe et Florence ne s\u2019attendaient pas \u00e0\u00a0tomber aussi [&hellip;]<\/p>\n","protected":false},"author":1,"featured_media":0,"comment_status":"open","ping_status":"","sticky":false,"template":"","format":"standard","meta":{"footnotes":""},"categories":[1],"tags":[226,273],"class_list":["post-2026569","post","type-post","status-publish","format-standard","hentry","category-uncategorized","tag-crawlmanager","tag-flat6mag-com"],"_links":{"self":[{"href":"https:\/\/analyse.optim.biz\/index.php?rest_route=\/wp\/v2\/posts\/2026569","targetHints":{"allow":["GET"]}}],"collection":[{"href":"https:\/\/analyse.optim.biz\/index.php?rest_route=\/wp\/v2\/posts"}],"about":[{"href":"https:\/\/analyse.optim.biz\/index.php?rest_route=\/wp\/v2\/types\/post"}],"author":[{"embeddable":true,"href":"https:\/\/analyse.optim.biz\/index.php?rest_route=\/wp\/v2\/users\/1"}],"replies":[{"embeddable":true,"href":"https:\/\/analyse.optim.biz\/index.php?rest_route=%2Fwp%2Fv2%2Fcomments&post=2026569"}],"version-history":[{"count":0,"href":"https:\/\/analyse.optim.biz\/index.php?rest_route=\/wp\/v2\/posts\/2026569\/revisions"}],"wp:attachment":[{"href":"https:\/\/analyse.optim.biz\/index.php?rest_route=%2Fwp%2Fv2%2Fmedia&parent=2026569"}],"wp:term":[{"taxonomy":"category","embeddable":true,"href":"https:\/\/analyse.optim.biz\/index.php?rest_route=%2Fwp%2Fv2%2Fcategories&post=2026569"},{"taxonomy":"post_tag","embeddable":true,"href":"https:\/\/analyse.optim.biz\/index.php?rest_route=%2Fwp%2Fv2%2Ftags&post=2026569"}],"curies":[{"name":"wp","href":"https:\/\/api.w.org\/{rel}","templated":true}]}}