{"id":2026548,"date":"2026-07-04T07:08:06","date_gmt":"2026-07-04T04:08:06","guid":{"rendered":"https:\/\/analyse.optim.biz\/?p=2026548"},"modified":"2026-07-04T07:08:06","modified_gmt":"2026-07-04T04:08:06","slug":"s-a-stins-nedeljko-vuckovic-fostul-antrenor-al-handbalistilor-de-la-poli-timisoara","status":"publish","type":"post","link":"https:\/\/analyse.optim.biz\/?p=2026548","title":{"rendered":"S-a stins Nedeljko Vuckovic, fostul antrenor al handbali\u0219tilor de la Poli Timi\u0219oara"},"content":{"rendered":"<p>[analyse_image type=&#8221;featured&#8221; src=&#8221;https:\/\/www.opiniatimisoarei.ro\/wp-content\/uploads\/2026\/07\/Vucko-728&#215;336.pnghttps:\/\/www.opiniatimisoarei.ro\/wp-content\/uploads\/2026\/07\/Vucko.png&#8221;]<\/p>\n<div class=\"the_content\">\n<p><strong>TIMISOARA.<\/strong> Veste trist\u0103 venit\u0103 din Serbia la final de s\u0103pt\u0103m\u00e2n\u0103. A murit Nedeljko Vuckovic, fostul antrenor al echipei de handbal Politehnica Timi\u0219oara.<\/p>\n<p><strong><span>CITE\u0218TE \u0218I:<\/span><a href=\"https:\/\/www.opiniatimisoarei.ro\/cinci-titulari-de-la-scm-timisoara-pentru-debutul-din-nations-cup-cu-chile-un-alt-rugbyst-va-fi-rezerva\/03\/07\/2026\">Cinci titulari de la SCM Timi\u0219oara pentru debutul din Nations Cup cu Chile. Un alt rugbyst va fi rezerva<\/a><\/strong><\/p>\n<p>Tehnicianul s-a stins la v\u00e2rsta de 68 de ani, scrie <strong><a href=\"https:\/\/zurnal.politika.rs\/sr\/clanak\/250417\/rukomet\/super-liga\/preminuo-nedeljko-vuckovic#google_vignette\">zurnal.politika.rs<\/a><\/strong>.<\/p>\n<p>\u2018Vucko\u2019 a lucrat la Politehnica Timi\u0219oara din 2005, c\u00e2nd a venit ca antrenor secund. A preluat apoi conducerea echipei ca principal \u0219i a r\u0103mas \u00een alb-violet p\u00e2n\u0103 \u00een noiembrie 2012, c\u00e2nd a fost demis dup\u0103 un e\u0219ec la 5 goluri diferen\u021b\u0103 \u00een fa\u021ba Sucevei, \u0219i \u00eenlocuit cu Gligore Czari.<\/p>\n<p>Nedeljko Vuckovic a \u00eenceput handbalul \u00een \u021bara natal\u0103, fiind unul dintre handbali\u0219tii ce au purtat banderola de c\u0103pitan a lui Proleter Zrenjanin. A evoluat 11 sezoane la Zrenjanin \u0219i a \u0219i jucat \u00een Cupele Europene cu aceast\u0103 echip\u0103.<\/p>\n<p>Ca antrenor le-a preg\u0103tit, \u00een afara Politehnicii Timi\u0219oara pe Proleter, Mokra Gora, Nis, Radnicki Kraguevac sau Novi Pazar.<\/p>\n<p>A fost \u0219i adversar al lui Poli, pe vremea c\u00e2nd antrena Radnicki Kraguevac, m\u00eens\u0103 doar \u00een partide de verificare.<\/p>\n<p>***<\/p>\n<p><strong><span class=\"dia_suggestion w0\">Mai<\/span>\u00a0<span class=\"dia_suggestion w1\">multe<\/span>\u00a0<span class=\"dia_suggestion w2\">g\u0103si\u021bi<\/span>\u00a0pe\u00a0<span class=\"dia_suggestion w4\">pagina noastr<span class=\"dia_suggestion w0\">\u0103<\/span><\/span>\u00a0de\u00a0<a href=\"https:\/\/www.facebook.com\/OpiniaTM\/?ref=page_internal\" target=\"_blank\" rel=\"noopener\">Facebook opiniatimisoarei.ro<\/a>!<\/strong><\/p>\n<p><strong><span class=\"dia_suggestion w0\">Dac\u0103<\/span>\u00a0<span class=\"dia_suggestion w1\">a\u021bi<\/span>\u00a0fost martorii unui eveniment\u00a0<span class=\"dia_suggestion w6\">sau<\/span>\u00a0<span class=\"dia_suggestion w7\">ai<\/span>\u00a0unei\u00a0<span class=\"dia_suggestion w9\">situa\u021bii<\/span>\u00a0<span class=\"dia_suggestion w10\">neobi\u0219nuite<\/span>\u00a0<span class=\"dia_suggestion w11\">care<\/span>\u00a0ar\u00a0<span class=\"dia_suggestion w13\">putea<\/span>\u00a0deveni subiect de\u00a0<span class=\"dia_suggestion w17\">\u0219tire<\/span>,\u00a0<span class=\"dia_suggestion w18\">contacta\u021bi<\/span>-ne\u00a0<span class=\"dia_suggestion w20\">la<\/span>\u00a0<a href=\"https:\/\/www.opiniatimisoarei.ro\/cdn-cgi\/l\/email-protection\" class=\"__cf_email__\" data-cfemail=\"d4a6b1b0b5b7a0bdb194bba4bdbabdb5a0bdb9bda7bbb5a6b1bdfaa6bb\">[email\u00a0protected]<\/a>,\u00a0 pe\u00a0<a href=\"https:\/\/www.facebook.com\/OpiniaTM\">FB<\/a>\u00a0sau pe contul nostru de\u00a0<a href=\"https:\/\/www.instagram.com\/opiniatimisoarei.ro\/\" target=\"_blank\" rel=\"noopener\">Instagram<\/a>!<\/strong><\/p>\n<p><strong><span>CITESTE SI:<\/span>\u00a0<a href=\"https:\/\/www.opiniatimisoarei.ro\/afli-primul-tot-ceea-ce-se-intampla-cu-adevarat-important-in-timisoara-si-in-regiune-cu-aplicatia-de-stiri-opinia-timisoarei-3-tipuri-de-alerte-te-tin-mereu-conectat-la-evenimente-descarca-gratuit-a\/31\/10\/2022\">Afli primul tot ceea ce se intampla cu adevarat important in Timisoara si in regiune cu Aplicatia de stiri Opinia Timisoarei. 3 tipuri de alerte te tin mereu conectat la evenimente. Descarca gratuit Aplicatia OT aici!<\/a><\/strong><\/p>\n<p>\u00a0<\/p>\n<\/div>\n<p>[analyse_source url=&#8221;https:\/\/www.opiniatimisoarei.ro\/s-a-stins-nedeljko-vuckovic-fostul-antrenor-al-handbalistilor-de-la-poli-timisoara\/04\/07\/2026&#8243;]<\/p>\n","protected":false},"excerpt":{"rendered":"<p>[analyse_image type=&#8221;featured&#8221; src=&#8221;https:\/\/www.opiniatimisoarei.ro\/wp-content\/uploads\/2026\/07\/Vucko-728&#215;336.pnghttps:\/\/www.opiniatimisoarei.ro\/wp-content\/uploads\/2026\/07\/Vucko.png&#8221;] TIMISOARA. Veste trist\u0103 venit\u0103 din Serbia la final de s\u0103pt\u0103m\u00e2n\u0103. A murit Nedeljko Vuckovic, fostul antrenor al echipei de handbal Politehnica Timi\u0219oara. CITE\u0218TE \u0218I:Cinci titulari de la SCM Timi\u0219oara pentru debutul din Nations Cup cu Chile. Un alt rugbyst va fi rezerva Tehnicianul s-a stins la v\u00e2rsta de 68 de ani, scrie [&hellip;]<\/p>\n","protected":false},"author":1,"featured_media":0,"comment_status":"open","ping_status":"","sticky":false,"template":"","format":"standard","meta":{"footnotes":""},"categories":[89],"tags":[226,190],"class_list":["post-2026548","post","type-post","status-publish","format-standard","hentry","category-romania","tag-crawlmanager","tag-opiniatimisoarei-ro"],"_links":{"self":[{"href":"https:\/\/analyse.optim.biz\/index.php?rest_route=\/wp\/v2\/posts\/2026548","targetHints":{"allow":["GET"]}}],"collection":[{"href":"https:\/\/analyse.optim.biz\/index.php?rest_route=\/wp\/v2\/posts"}],"about":[{"href":"https:\/\/analyse.optim.biz\/index.php?rest_route=\/wp\/v2\/types\/post"}],"author":[{"embeddable":true,"href":"https:\/\/analyse.optim.biz\/index.php?rest_route=\/wp\/v2\/users\/1"}],"replies":[{"embeddable":true,"href":"https:\/\/analyse.optim.biz\/index.php?rest_route=%2Fwp%2Fv2%2Fcomments&post=2026548"}],"version-history":[{"count":0,"href":"https:\/\/analyse.optim.biz\/index.php?rest_route=\/wp\/v2\/posts\/2026548\/revisions"}],"wp:attachment":[{"href":"https:\/\/analyse.optim.biz\/index.php?rest_route=%2Fwp%2Fv2%2Fmedia&parent=2026548"}],"wp:term":[{"taxonomy":"category","embeddable":true,"href":"https:\/\/analyse.optim.biz\/index.php?rest_route=%2Fwp%2Fv2%2Fcategories&post=2026548"},{"taxonomy":"post_tag","embeddable":true,"href":"https:\/\/analyse.optim.biz\/index.php?rest_route=%2Fwp%2Fv2%2Ftags&post=2026548"}],"curies":[{"name":"wp","href":"https:\/\/api.w.org\/{rel}","templated":true}]}}