{"id":2026547,"date":"2026-07-03T09:17:01","date_gmt":"2026-07-03T06:17:01","guid":{"rendered":"https:\/\/analyse.optim.biz\/?p=2026547"},"modified":"2026-07-03T09:17:01","modified_gmt":"2026-07-03T06:17:01","slug":"alerta-la-buletine-in-timisoara-interventie-de-urgenta-a-pompierilor-100-de-oameni-evacuati-din-serviciul-de-evidenta-a-populatiei-video","status":"publish","type":"post","link":"https:\/\/analyse.optim.biz\/?p=2026547","title":{"rendered":"Alert\u0103 la \u2018Buletine\u2019 \u00een Timi\u0219oara, interven\u021bie de urgen\u021b\u0103 a pompierilor. 100 de oameni evacua\u021bi din Serviciul de Eviden\u021b\u0103 a Popula\u021biei. VIDEO"},"content":{"rendered":"<p>[analyse_image type=&#8221;featured&#8221; src=&#8221;https:\/\/www.opiniatimisoarei.ro\/wp-content\/uploads\/2026\/07\/colaj-incendiu-buletine-Timisoara-728&#215;336.pnghttps:\/\/www.opiniatimisoarei.ro\/wp-content\/uploads\/2026\/07\/colaj-incendiu-buletine-Timisoara.png&#8221;]<\/p>\n<div class=\"the_content\">\n<p><strong>TIMI\u0218OARA.<\/strong> S-a dat alarma vineri la pr\u00e2nz la Serviciul pentru Eviden\u021ba Popula\u021biei de la Timi\u0219oara.<\/p>\n<p><strong><span>CITE\u0218TE \u0218I:<\/span><a href=\"https:\/\/www.opiniatimisoarei.ro\/tupeu-de-curier-la-timisoara-ce-au-descoperit-politistii-care-stiau-ca-n-are-permis-de-conducere-si-au-decis-sa-l-verifice-inca-o-data\/03\/07\/2026\">Tupeu de curier la Timi\u0219oara. Ce-au descoperit poli\u021bi\u0219tii care \u0219tiau c\u0103 n-are permis de conducere \u0219i au decis s\u0103-l verifice \u00eenc\u0103 o dat\u0103<\/a><\/strong><\/p>\n<iframe loading=\"lazy\" title=\"Alert\u0103 la \u2018Buletine\u2019 \u00een Timi\u0219oara, interven\u021bie de urgen\u021b\u0103 a pompierilor. 100 de oameni evacua\u021bi\" width=\"728\" height=\"410\" src=\"https:\/\/www.youtube.com\/embed\/ivPlm_DyakI?feature=oembed&amp;wmode=opaque&amp;rel=0\" frameborder allow=\"accelerometer; autoplay; clipboard-write; encrypted-media; gyroscope; picture-in-picture; web-share\" referrerpolicy=\"strict-origin-when-cross-origin\" allowfullscreen><\/iframe>\n<p>Angaja\u021bii institu\u021biei \u0219i timi\u0219orenii care se aflau \u00een cl\u0103dire au observat fum dens ie\u0219ind din subsolul cl\u0103dirii, astfel c\u0103 au sunat imediat la 112.<\/p>\n<p>La fa\u021ba locului au ajuns imediat dou\u0103 ma\u0219ini de interven\u021bie ale pompierilor, dar \u0219i o motociclet\u0103 SMURD.<\/p>\n<p>100 de oameni au ie\u0219it din cl\u0103dire, \u0219i nimeni nu a fost r\u0103nit.<\/p>\n<blockquote>\n<p>\u201c<strong>La fa\u021ba locului s-au deplasat pompierii din cadrul Deta\u0219amentului 1 Pompieri Timi\u0219oara o autospecial\u0103 de prim\u0103 interven\u021bie \u0219i comand\u0103, dou\u0103 autospecial\u0103 de stingere \u0219i moto SMURD.<\/strong><br \/><strong>P\u00e2n\u0103 la sosirea pompierilor la fa\u021ba locului, 100 de persoane au fost evacuate cu echipajele Poli\u021biei Locale, din cl\u0103dire.<\/strong><br \/><strong>\u00cen acest moment, incendiul este lichidat.<\/strong><br \/><strong>Incendiul s-a manifestat \u00eentr-un grup sanitar \u00een subsolul cl\u0103dirii<\/strong>\u201c, au transmis reprezentan\u021bii ISU Timi\u0219.<\/p>\n<\/blockquote>\n<p>Din primele cercet\u0103ri, cauza producerii incendiului ar fi un scurtcircuit.<\/p>\n<p><span><strong>UPDATE:<\/strong><\/span> \u00cen jurul orei 13.30 s-a reluat activitatea la Serviciul de Eviden\u021b\u0103 a Popula\u021biei. Reprezentan\u021bii institu\u021biei au anun\u021bat c\u0103 va fi prelungit programul de lucru, vineri, astfel \u00eenc\u00e2t toate solicit\u0103rile s\u0103 fie preluate.<\/p>\n<p><span><strong>UPDATE<\/strong><\/span>: <span><strong>Incendiul a pornit de la un usc\u0103tor de m\u00e2ini defect.<\/strong><\/span><\/p>\n<p>\u201c\u00cen urma cercet\u0103rilor efectuate la fa\u021ba locului, pompierii au stabilit cauza probabil\u0103 a incendiului: efect termic al curentului electric la un aparat sub tensiune (usc\u0103tor de m\u00e2ini)\u201d, transmit reprezentantii ISU Timis.<\/p>\n<p>***<\/p>\n<p><strong><span class=\"dia_suggestion w0\">Mai<\/span>\u00a0<span class=\"dia_suggestion w1\">multe<\/span>\u00a0<span class=\"dia_suggestion w2\">g\u0103si\u021bi<\/span>\u00a0pe\u00a0<span class=\"dia_suggestion w4\">pagina noastr<span class=\"dia_suggestion w0\">\u0103<\/span><\/span>\u00a0de\u00a0<a href=\"https:\/\/www.facebook.com\/OpiniaTM\/?ref=page_internal\" target=\"_blank\" rel=\"noopener\">Facebook opiniatimisoarei.ro<\/a>!<\/strong><\/p>\n<p><strong><span class=\"dia_suggestion w0\">Dac\u0103<\/span>\u00a0<span class=\"dia_suggestion w1\">a\u021bi<\/span>\u00a0fost martorii unui eveniment\u00a0<span class=\"dia_suggestion w6\">sau<\/span>\u00a0<span class=\"dia_suggestion w7\">ai<\/span>\u00a0unei\u00a0<span class=\"dia_suggestion w9\">situa\u021bii<\/span>\u00a0<span class=\"dia_suggestion w10\">neobi\u0219nuite<\/span>\u00a0<span class=\"dia_suggestion w11\">care<\/span>\u00a0ar\u00a0<span class=\"dia_suggestion w13\">putea<\/span>\u00a0deveni subiect de\u00a0<span class=\"dia_suggestion w17\">\u0219tire<\/span>,\u00a0<span class=\"dia_suggestion w18\">contacta\u021bi<\/span>-ne\u00a0<span class=\"dia_suggestion w20\">la<\/span>\u00a0<a href=\"https:\/\/www.opiniatimisoarei.ro\/cdn-cgi\/l\/email-protection\" class=\"__cf_email__\" data-cfemail=\"7e0c1b1a1f1d0a171b3e110e1710171f0a1713170d111f0c1b17500c11\">[email\u00a0protected]<\/a>,\u00a0 pe\u00a0<a href=\"https:\/\/www.facebook.com\/OpiniaTM\">FB<\/a>\u00a0sau pe contul nostru de\u00a0<a href=\"https:\/\/www.instagram.com\/opiniatimisoarei.ro\/\" target=\"_blank\" rel=\"noopener\">Instagram<\/a>!<\/strong><\/p>\n<p><strong><span>CITESTE SI:\u00a0<\/span><a href=\"https:\/\/www.opiniatimisoarei.ro\/afli-primul-tot-ceea-ce-se-intampla-cu-adevarat-important-in-timisoara-si-in-regiune-cu-aplicatia-de-stiri-opinia-timisoarei-3-tipuri-de-alerte-te-tin-mereu-conectat-la-evenimente-descarca-gratuit-a\/31\/10\/2022\">Afli primul tot ceea ce se intampla cu adevarat important in Timisoara si in regiune cu Aplicatia de stiri Opinia Timisoarei. 3 tipuri de alerte te tin mereu conectat la evenimente. Descarca gratuit Aplicatia OT aici!<\/a><\/strong><\/p>\n<\/div>\n<p>[analyse_source url=&#8221;https:\/\/www.opiniatimisoarei.ro\/alerta-la-buletine-in-timisoara-interventie-de-urgenta-a-pompierilor-100-de-oameni-evacuati-din-serviciul-de-evidenta-a-populatiei-video\/03\/07\/2026&#8243;]<\/p>\n","protected":false},"excerpt":{"rendered":"<p>[analyse_image type=&#8221;featured&#8221; src=&#8221;https:\/\/www.opiniatimisoarei.ro\/wp-content\/uploads\/2026\/07\/colaj-incendiu-buletine-Timisoara-728&#215;336.pnghttps:\/\/www.opiniatimisoarei.ro\/wp-content\/uploads\/2026\/07\/colaj-incendiu-buletine-Timisoara.png&#8221;] TIMI\u0218OARA. S-a dat alarma vineri la pr\u00e2nz la Serviciul pentru Eviden\u021ba Popula\u021biei de la Timi\u0219oara. CITE\u0218TE \u0218I:Tupeu de curier la Timi\u0219oara. Ce-au descoperit poli\u021bi\u0219tii care \u0219tiau c\u0103 n-are permis de conducere \u0219i au decis s\u0103-l verifice \u00eenc\u0103 o dat\u0103 Angaja\u021bii institu\u021biei \u0219i timi\u0219orenii care se aflau \u00een cl\u0103dire au observat fum dens [&hellip;]<\/p>\n","protected":false},"author":1,"featured_media":0,"comment_status":"open","ping_status":"","sticky":false,"template":"","format":"standard","meta":{"footnotes":""},"categories":[89],"tags":[226,190],"class_list":["post-2026547","post","type-post","status-publish","format-standard","hentry","category-romania","tag-crawlmanager","tag-opiniatimisoarei-ro"],"_links":{"self":[{"href":"https:\/\/analyse.optim.biz\/index.php?rest_route=\/wp\/v2\/posts\/2026547","targetHints":{"allow":["GET"]}}],"collection":[{"href":"https:\/\/analyse.optim.biz\/index.php?rest_route=\/wp\/v2\/posts"}],"about":[{"href":"https:\/\/analyse.optim.biz\/index.php?rest_route=\/wp\/v2\/types\/post"}],"author":[{"embeddable":true,"href":"https:\/\/analyse.optim.biz\/index.php?rest_route=\/wp\/v2\/users\/1"}],"replies":[{"embeddable":true,"href":"https:\/\/analyse.optim.biz\/index.php?rest_route=%2Fwp%2Fv2%2Fcomments&post=2026547"}],"version-history":[{"count":0,"href":"https:\/\/analyse.optim.biz\/index.php?rest_route=\/wp\/v2\/posts\/2026547\/revisions"}],"wp:attachment":[{"href":"https:\/\/analyse.optim.biz\/index.php?rest_route=%2Fwp%2Fv2%2Fmedia&parent=2026547"}],"wp:term":[{"taxonomy":"category","embeddable":true,"href":"https:\/\/analyse.optim.biz\/index.php?rest_route=%2Fwp%2Fv2%2Fcategories&post=2026547"},{"taxonomy":"post_tag","embeddable":true,"href":"https:\/\/analyse.optim.biz\/index.php?rest_route=%2Fwp%2Fv2%2Ftags&post=2026547"}],"curies":[{"name":"wp","href":"https:\/\/api.w.org\/{rel}","templated":true}]}}