{"id":2026546,"date":"2026-07-03T09:53:24","date_gmt":"2026-07-03T06:53:24","guid":{"rendered":"https:\/\/analyse.optim.biz\/?p=2026546"},"modified":"2026-07-03T09:53:24","modified_gmt":"2026-07-03T06:53:24","slug":"tragedie-zid-prabusit-peste-un-tanar-la-o-ferma-din-timis","status":"publish","type":"post","link":"https:\/\/analyse.optim.biz\/?p=2026546","title":{"rendered":"Tragedie. Zid pr\u0103bu\u0219it peste un t\u00e2n\u0103r la o ferm\u0103 din Timi\u0219"},"content":{"rendered":"<p>[analyse_image type=&#8221;featured&#8221; src=&#8221;https:\/\/www.opiniatimisoarei.ro\/wp-content\/uploads\/2023\/05\/elicopter-smurd-5-728&#215;336.jpghttps:\/\/www.opiniatimisoarei.ro\/wp-content\/uploads\/2023\/05\/elicopter-smurd-5.jpg&#8221;]<\/p>\n<div class=\"the_content\">\n<p><strong>TIMI\u0218<\/strong>. Clipe dramatice la o ferm\u0103 din Timi\u0219, dup\u0103 ce zidul unei ferme s-a pr\u0103bu\u0219it peste un t\u00e2n\u0103r de 33 de ani.<\/p>\n<p>La fa\u021ba locului a fost chemat elicopterul SMURD, iar medicii sosi\u021bi imediat au \u0219i \u00eenceput resuscitarea acestuia.<\/p>\n<p><strong><span>CITE\u0218TE \u0218I:<\/span><a href=\"https:\/\/www.opiniatimisoarei.ro\/alerta-la-buletine-in-timisoara-interventie-de-urgenta-a-pompierilor-100-de-oameni-evacuati-din-serviciul-de-evidenta-a-populatiei-video\/03\/07\/2026\">Alert\u0103 la \u2018Buletine\u2019 \u00een Timi\u0219oara, interven\u021bie de urgen\u021b\u0103 a pompierilor. 100 de oameni evacua\u021bi din Serviciul de Eviden\u021b\u0103 a Popula\u021biei. VIDEO<\/a><\/strong><\/p>\n<p>\u201d<strong>\u00cen jurul orei 11:25 am fost solicita\u021bi s\u0103 intervenim pentru degajarea unei persoane (sex masculin) surprins\u0103 de un zid c\u0103zut pe strada Teodor Bucurescu, S\u00e2nnicolau Mare, \u00een curtea unei ferme de cereale. <\/strong><\/p>\n<p><strong>La fa\u021ba locului s-au deplasat de urgen\u021b\u0103 13 pompieri cu o autospecial\u0103 de prim\u0103 interven\u021bie \u0219i comand\u0103, o autospecial\u0103 de stingere cu modul de descarcerare, un echipaj SMURD \u0219i o ambulan\u021b\u0103 SAJ. A fost alertat si elicopterul SMURD CS<\/strong>\u201d, a transmis ISU Timi\u0219.<\/p>\n<p>Dup\u0103 sosirea echipajelor de interven\u021bie, b\u0103rbatul \u00een v\u00e2rst\u0103 de 33 ani, a fost extras \u0219i predat echipajelor medicale \u00een stare de incon\u0219tien\u021b\u0103.<\/p>\n<p><span class=\"dia_suggestion w0\">\u00cen<\/span><span class=\"dia_suggestion w1\">ciuda<\/span> eforturilor doctorilor de a-l readuce <span class=\"dia_suggestion w8\">\u00een<\/span><span class=\"dia_suggestion w9\">sim\u021biri<\/span>, <span class=\"dia_suggestion w10\">t\u00e2n\u0103rul<\/span> s-a stins.<\/p>\n<p>Politistii si inspectorii ITM au deschis anchete pentru a stabili cum s-a produs nenorocirea.<\/p>\n<p>***<\/p>\n<p><strong><span class=\"dia_suggestion w0\">Mai<\/span><span class=\"dia_suggestion w1\">multe<\/span><span class=\"dia_suggestion w2\">g\u0103si\u021bi<\/span> pe <span class=\"dia_suggestion w4\">pagina noastr<span class=\"dia_suggestion w0\">\u0103<\/span><\/span>\u00a0de <a href=\"https:\/\/www.facebook.com\/OpiniaTM\/?ref=page_internal\" target=\"_blank\" rel=\"noopener\">Facebook opiniatimisoarei.ro<\/a>!<\/strong><\/p>\n<p><strong><span class=\"dia_suggestion w0\">Dac\u0103<\/span><span class=\"dia_suggestion w1\">a\u021bi<\/span> fost martorii unui eveniment <span class=\"dia_suggestion w6\">sau<\/span><span class=\"dia_suggestion w7\">ai<\/span> unei <span class=\"dia_suggestion w9\">situa\u021bii<\/span><span class=\"dia_suggestion w10\">neobi\u0219nuite<\/span><span class=\"dia_suggestion w11\">care<\/span> ar <span class=\"dia_suggestion w13\">putea<\/span> deveni subiect de <span class=\"dia_suggestion w17\">\u0219tire<\/span>, <span class=\"dia_suggestion w18\">contacta\u021bi<\/span>-ne <span class=\"dia_suggestion w20\">la<\/span><span><a href=\"https:\/\/www.opiniatimisoarei.ro\/cdn-cgi\/l\/email-protection\" class=\"__cf_email__\" data-cfemail=\"750710111416011c10351a051c1b1c14011c181c061a1407101c5b071a\">[email\u00a0protected]<\/a>,<\/span>\u00a0 pe <a href=\"https:\/\/www.facebook.com\/OpiniaTM\">FB<\/a><span>sau pe contul nostru de<\/span><a href=\"https:\/\/www.instagram.com\/opiniatimisoarei.ro\/\" target=\"_blank\" rel=\"noopener\">Instagram<\/a>!<\/strong><\/p>\n<p><strong><span>CITESTE SI<\/span>: <a href=\"https:\/\/www.opiniatimisoarei.ro\/afli-primul-tot-ceea-ce-se-intampla-cu-adevarat-important-in-timisoara-si-in-regiune-cu-aplicatia-de-stiri-opinia-timisoarei-3-tipuri-de-alerte-te-tin-mereu-conectat-la-evenimente-descarca-gratuit-a\/31\/10\/2022\">Afli primul tot ceea ce se intampla cu adevarat important in Timisoara si in regiune cu Aplicatia de stiri Opinia Timisoarei. 3 tipuri de alerte te tin mereu conectat la evenimente. Descarca gratuit Aplicatia OT aici!<\/a><\/strong><\/p>\n<\/div>\n<p>[analyse_source url=&#8221;https:\/\/www.opiniatimisoarei.ro\/tragedie-zid-prabusit-peste-un-tanar-la-o-ferma-din-timis\/03\/07\/2026&#8243;]<\/p>\n","protected":false},"excerpt":{"rendered":"<p>[analyse_image type=&#8221;featured&#8221; src=&#8221;https:\/\/www.opiniatimisoarei.ro\/wp-content\/uploads\/2023\/05\/elicopter-smurd-5-728&#215;336.jpghttps:\/\/www.opiniatimisoarei.ro\/wp-content\/uploads\/2023\/05\/elicopter-smurd-5.jpg&#8221;] TIMI\u0218. Clipe dramatice la o ferm\u0103 din Timi\u0219, dup\u0103 ce zidul unei ferme s-a pr\u0103bu\u0219it peste un t\u00e2n\u0103r de 33 de ani. La fa\u021ba locului a fost chemat elicopterul SMURD, iar medicii sosi\u021bi imediat au \u0219i \u00eenceput resuscitarea acestuia. CITE\u0218TE \u0218I:Alert\u0103 la \u2018Buletine\u2019 \u00een Timi\u0219oara, interven\u021bie de urgen\u021b\u0103 a pompierilor. 100 de [&hellip;]<\/p>\n","protected":false},"author":1,"featured_media":0,"comment_status":"open","ping_status":"","sticky":false,"template":"","format":"standard","meta":{"footnotes":""},"categories":[89],"tags":[226,190],"class_list":["post-2026546","post","type-post","status-publish","format-standard","hentry","category-romania","tag-crawlmanager","tag-opiniatimisoarei-ro"],"_links":{"self":[{"href":"https:\/\/analyse.optim.biz\/index.php?rest_route=\/wp\/v2\/posts\/2026546","targetHints":{"allow":["GET"]}}],"collection":[{"href":"https:\/\/analyse.optim.biz\/index.php?rest_route=\/wp\/v2\/posts"}],"about":[{"href":"https:\/\/analyse.optim.biz\/index.php?rest_route=\/wp\/v2\/types\/post"}],"author":[{"embeddable":true,"href":"https:\/\/analyse.optim.biz\/index.php?rest_route=\/wp\/v2\/users\/1"}],"replies":[{"embeddable":true,"href":"https:\/\/analyse.optim.biz\/index.php?rest_route=%2Fwp%2Fv2%2Fcomments&post=2026546"}],"version-history":[{"count":0,"href":"https:\/\/analyse.optim.biz\/index.php?rest_route=\/wp\/v2\/posts\/2026546\/revisions"}],"wp:attachment":[{"href":"https:\/\/analyse.optim.biz\/index.php?rest_route=%2Fwp%2Fv2%2Fmedia&parent=2026546"}],"wp:term":[{"taxonomy":"category","embeddable":true,"href":"https:\/\/analyse.optim.biz\/index.php?rest_route=%2Fwp%2Fv2%2Fcategories&post=2026546"},{"taxonomy":"post_tag","embeddable":true,"href":"https:\/\/analyse.optim.biz\/index.php?rest_route=%2Fwp%2Fv2%2Ftags&post=2026546"}],"curies":[{"name":"wp","href":"https:\/\/api.w.org\/{rel}","templated":true}]}}