{"id":2026544,"date":"2026-07-03T06:39:09","date_gmt":"2026-07-03T03:39:09","guid":{"rendered":"https:\/\/analyse.optim.biz\/?p=2026544"},"modified":"2026-07-03T06:39:09","modified_gmt":"2026-07-03T03:39:09","slug":"tupeu-de-curier-la-timisoara-ce-au-descoperit-politistii-care-stiau-ca-n-are-permis-de-conducere-si-au-decis-sa-l-verifice-inca-o-data","status":"publish","type":"post","link":"https:\/\/analyse.optim.biz\/?p=2026544","title":{"rendered":"Tupeu de curier la Timi\u0219oara. Ce-au descoperit poli\u021bi\u0219tii care \u0219tiau c\u0103 n-are permis de conducere \u0219i au decis s\u0103-l verifice \u00eenc\u0103 o dat\u0103"},"content":{"rendered":"<p>[analyse_image type=&#8221;featured&#8221; src=&#8221;https:\/\/www.opiniatimisoarei.ro\/wp-content\/uploads\/2026\/07\/curier-permis-728&#215;336.jpghttps:\/\/www.opiniatimisoarei.ro\/wp-content\/uploads\/2026\/07\/curier-permis.jpg&#8221;]<\/p>\n<div class=\"the_content\">\n<p><strong>TIMI\u0218OARA<\/strong>. L-au mai prins f\u0103r\u0103 carnet \u00een trafic \u00een timp ce f\u0103cea livr\u0103ri \u0219i l-au observat joi din nou pe traseu.<\/p>\n<p>Este vorba despre un curier din Timi\u0219oara. Agen\u021bii de la Serviciul Siguran\u021b\u0103 Rutier\u0103 au mers glon\u021b la ma\u0219ina lui ca s\u0103-l verifice.<\/p>\n<p><strong><span>CITE\u0218TE \u0218I:<\/span><a href=\"https:\/\/www.opiniatimisoarei.ro\/accident-in-complexul-studentesc-la-timisoara-un-sofer-s-a-infipt-cu-masina-in-pom\/02\/07\/2026\">Accident \u00een Complexul Studen\u021besc, la Timi\u0219oara. Un \u0219ofer s-a \u00eenfipt cu ma\u0219ina \u00een pom<\/a><\/strong><\/p>\n<p>\u201c<strong>Cel \u00een cauz\u0103 a fost observat pe Str. Coriolan Brediceanu cu Regele Mihai I. La vederea autospecialei de poli\u021bie local\u0103, conduc\u0103torul auto a schimbat brusc sensul de mers, oprind ulterior autovehiculul pe marginea carosabilului. <\/strong><br \/><strong>Cel \u00een cauz\u0103 a \u00eencercat s\u0103 treac\u0103 pe scaunul din dreapta, de\u0219i era singur \u00een ma\u0219in\u0103, iar c\u00e2nd a fost legitimat de poli\u021bi\u0219tii locali nu a vrut s\u0103 \u00ee\u0219i dea datele motiv\u00e2nd c\u0103 a\u0219teapt\u0103 s\u0103 vin\u0103 so\u021bia. <\/strong><br \/><strong>Pentru c\u0103 a refuzat s\u0103 colaboreze, poli\u021bi\u0219tii locali au trecut la imobilizarea b\u0103rbatului \u00een v\u00e2rst\u0103 de 28 de ani, din Timi\u0219oara \u0219i l-au predat pentru continuarea cercet\u0103rilor poli\u021bi\u0219tilor din cadrul Biroului Rutier din cadrul IPJ Timi\u0219.<\/strong><\/p>\n<p><strong>B\u0103rbatul, care desf\u0103\u0219oar\u0103 activit\u0103\u021bi de curierat \u00een cadrul unei societ\u0103\u021bi, a mai fost surprins de poli\u021bi\u0219tii locali \u00een trafic \u0219i predat pentru conducere cu permisul suspendat<\/strong>\u201c, transmit reprezentantii Politiei Locale Timisoara.<\/p>\n<p>***<\/p>\n<p><strong><span class=\"dia_suggestion w0\">Mai<\/span><span class=\"dia_suggestion w1\">multe<\/span><span class=\"dia_suggestion w2\">g\u0103si\u021bi<\/span> pe <span class=\"dia_suggestion w4\">pagina noastr<span class=\"dia_suggestion w0\">\u0103<\/span><\/span>\u00a0de <a href=\"https:\/\/www.facebook.com\/OpiniaTM\/?ref=page_internal\" target=\"_blank\" rel=\"noopener\">Facebook opiniatimisoarei.ro<\/a>!<\/strong><\/p>\n<p><strong><span class=\"dia_suggestion w0\">Dac\u0103<\/span><span class=\"dia_suggestion w1\">a\u021bi<\/span> fost martorii unui eveniment <span class=\"dia_suggestion w6\">sau<\/span><span class=\"dia_suggestion w7\">ai<\/span> unei <span class=\"dia_suggestion w9\">situa\u021bii<\/span><span class=\"dia_suggestion w10\">neobi\u0219nuite<\/span><span class=\"dia_suggestion w11\">care<\/span> ar <span class=\"dia_suggestion w13\">putea<\/span> deveni subiect de <span class=\"dia_suggestion w17\">\u0219tire<\/span>, <span class=\"dia_suggestion w18\">contacta\u021bi<\/span>-ne <span class=\"dia_suggestion w20\">la<\/span><span><a href=\"https:\/\/www.opiniatimisoarei.ro\/cdn-cgi\/l\/email-protection\" class=\"__cf_email__\" data-cfemail=\"215344454042554844614e51484f484055484c48524e405344480f534e\">[email\u00a0protected]<\/a>,<\/span>\u00a0 pe <a href=\"https:\/\/www.facebook.com\/OpiniaTM\">FB<\/a><span>sau pe contul nostru de<\/span><a href=\"https:\/\/www.instagram.com\/opiniatimisoarei.ro\/\" target=\"_blank\" rel=\"noopener\">Instagram<\/a>!<\/strong><\/p>\n<p><strong><span>CITESTE SI<\/span>: <a href=\"https:\/\/www.opiniatimisoarei.ro\/afli-primul-tot-ceea-ce-se-intampla-cu-adevarat-important-in-timisoara-si-in-regiune-cu-aplicatia-de-stiri-opinia-timisoarei-3-tipuri-de-alerte-te-tin-mereu-conectat-la-evenimente-descarca-gratuit-a\/31\/10\/2022\">Afli primul tot ceea ce se intampla cu adevarat important in Timisoara si in regiune cu Aplicatia de stiri Opinia Timisoarei. 3 tipuri de alerte te tin mereu conectat la evenimente. Descarca gratuit Aplicatia OT aici!<\/a><\/strong><\/p>\n<\/div>\n<p>[analyse_source url=&#8221;https:\/\/www.opiniatimisoarei.ro\/tupeu-de-curier-la-timisoara-ce-au-descoperit-politistii-care-stiau-ca-n-are-permis-de-conducere-si-au-decis-sa-l-verifice-inca-o-data\/03\/07\/2026&#8243;]<\/p>\n","protected":false},"excerpt":{"rendered":"<p>[analyse_image type=&#8221;featured&#8221; src=&#8221;https:\/\/www.opiniatimisoarei.ro\/wp-content\/uploads\/2026\/07\/curier-permis-728&#215;336.jpghttps:\/\/www.opiniatimisoarei.ro\/wp-content\/uploads\/2026\/07\/curier-permis.jpg&#8221;] TIMI\u0218OARA. L-au mai prins f\u0103r\u0103 carnet \u00een trafic \u00een timp ce f\u0103cea livr\u0103ri \u0219i l-au observat joi din nou pe traseu. Este vorba despre un curier din Timi\u0219oara. Agen\u021bii de la Serviciul Siguran\u021b\u0103 Rutier\u0103 au mers glon\u021b la ma\u0219ina lui ca s\u0103-l verifice. CITE\u0218TE \u0218I:Accident \u00een Complexul Studen\u021besc, la Timi\u0219oara. Un \u0219ofer [&hellip;]<\/p>\n","protected":false},"author":1,"featured_media":0,"comment_status":"open","ping_status":"","sticky":false,"template":"","format":"standard","meta":{"footnotes":""},"categories":[89],"tags":[226,190],"class_list":["post-2026544","post","type-post","status-publish","format-standard","hentry","category-romania","tag-crawlmanager","tag-opiniatimisoarei-ro"],"_links":{"self":[{"href":"https:\/\/analyse.optim.biz\/index.php?rest_route=\/wp\/v2\/posts\/2026544","targetHints":{"allow":["GET"]}}],"collection":[{"href":"https:\/\/analyse.optim.biz\/index.php?rest_route=\/wp\/v2\/posts"}],"about":[{"href":"https:\/\/analyse.optim.biz\/index.php?rest_route=\/wp\/v2\/types\/post"}],"author":[{"embeddable":true,"href":"https:\/\/analyse.optim.biz\/index.php?rest_route=\/wp\/v2\/users\/1"}],"replies":[{"embeddable":true,"href":"https:\/\/analyse.optim.biz\/index.php?rest_route=%2Fwp%2Fv2%2Fcomments&post=2026544"}],"version-history":[{"count":0,"href":"https:\/\/analyse.optim.biz\/index.php?rest_route=\/wp\/v2\/posts\/2026544\/revisions"}],"wp:attachment":[{"href":"https:\/\/analyse.optim.biz\/index.php?rest_route=%2Fwp%2Fv2%2Fmedia&parent=2026544"}],"wp:term":[{"taxonomy":"category","embeddable":true,"href":"https:\/\/analyse.optim.biz\/index.php?rest_route=%2Fwp%2Fv2%2Fcategories&post=2026544"},{"taxonomy":"post_tag","embeddable":true,"href":"https:\/\/analyse.optim.biz\/index.php?rest_route=%2Fwp%2Fv2%2Ftags&post=2026544"}],"curies":[{"name":"wp","href":"https:\/\/api.w.org\/{rel}","templated":true}]}}