{"id":2026541,"date":"2026-07-03T08:35:20","date_gmt":"2026-07-03T05:35:20","guid":{"rendered":"https:\/\/analyse.optim.biz\/?p=2026541"},"modified":"2026-07-03T08:35:20","modified_gmt":"2026-07-03T05:35:20","slug":"evenimente-in-18-locuri-din-cartiere-de-ziua-timisoarei-vezi-programul","status":"publish","type":"post","link":"https:\/\/analyse.optim.biz\/?p=2026541","title":{"rendered":"Evenimente in 18 locuri din cartiere de Ziua Timisoarei. Vezi programul!"},"content":{"rendered":"<p>[analyse_image type=&#8221;featured&#8221; src=&#8221;https:\/\/www.opiniatimisoarei.ro\/wp-content\/uploads\/2026\/04\/festival-targ-de-pasti-4-728&#215;336.jpghttps:\/\/www.opiniatimisoarei.ro\/wp-content\/uploads\/2026\/04\/festival-targ-de-pasti-4.jpg&#8221;]<\/p>\n<div class=\"the_content\">\n<p><strong>TIMISOARA<\/strong>. <span class=\"dia_suggestion w0\">S\u0103rb\u0103toarea<\/span><span class=\"dia_suggestion w1\">ora\u0219ului<\/span><span class=\"dia_suggestion w2\">se<\/span><span class=\"dia_suggestion w3\">desf\u0103\u0219oar\u0103<\/span><span class=\"dia_suggestion w4\">\u00eentre<\/span><strong>31 iulie \u0219i 3 august<\/strong><span class=\"dia_suggestion w8\">\u00een<\/span> acest <span class=\"dia_suggestion w10\">an<\/span>.<\/p>\n<p>Ziua Timi\u0219oarei propune tururi ghidate, instala\u021bii, expozi\u021bii, proiectii de filme \u0219i experien\u021be urbane care aduc \u00een prim-plan memoria, patrimoniul \u0219i diversitatea.<\/p>\n<p>Anul acesta, de Ziua Timi\u0219oarei, Bega, Fabricul, Pia\u021ba Maria, Casa Maghiar\u0103, Parcul Civic, Bastionul, spa\u021biile de art\u0103 \u0219i locurile \u00eenc\u0103rcate de istorie devin puncte de \u00eent\u00e2lnire \u00eentre genera\u021bii \u0219i practici artistice.<\/p>\n<h2><span><strong>Programul evenimentelor culturale, de Ziua Timi\u0219oarei, \u00een cartierele ora\u0219ului!<\/strong><\/span><\/h2>\n<p><strong>31 iulie\u00a0<\/strong><br \/>\n\u2022 17:00\u201318:30 la Biserica Reformat\u0103 din Pia\u021ba Maria: Biserica unde a \u00eenceput Revolu\u021bia, tur ghidat, organizator: Asocia\u021bia Bastion-Varbastya;<br \/>\n\u2022 18:00\u201319:30 la Reciproc Cafe: Gusturi \u00een schimbare, atelier, organizator: CRIES \u2013 Centrul de Resurse pentru Ini\u021biative Etice \u0219i Solidare;<br \/>\n\u2022 18:00\u201321:00 la Liceul Tehnic Ion Mincu \u0219i Cartierul Vienez by Nord One: Tur Ghidat Beta 2026 x instala\u021bie gonflabil\u0103 la Cartierul Vienez by Nord One, tur ghidat \u0219i instala\u021bie, organizator: Ordinul Arhitec\u021bilor din Rom\u00e2nia \u2013 Filiala Timi\u0219.<\/p>\n<p><strong>1 august\u00a0<\/strong><br \/>\n\u2022 09:00\u201312:00 \u00een Pia\u021ba Badea C\u00e2r\u021ban: Conversa\u021bie \u00een cartier, cercetare, organizator: Asocia\u021bia FABER;<br \/>\n\u2022 09:00\u201316:00 la Vila Mal \/ Parcul Alpine: Descoper\u0103 Portul Cultural Timi\u0219oara \u2013 Tur ghidat la Vila Mal \u0219i Parcul de Sculptur\u0103, tururi ghidate, organizator: Asocia\u021bia Cultural\u0103 Ecluze;<br \/>\n\u2022 09:00\u201319:00 \u00een Parcul Regina Maria: Festivalul VORPARK FABRIC | Heritage of Timi\u0219oara, organizat de Asocia\u021bia Prin Banat;<br \/>\n\u2022 10:00\u201311:00 \u00een Parcul Regina Maria: Atelier JAZZINO pentru clasele 0-IV, organizat de Asocia\u021bia Prin Banat \u0219i Funda\u021bia Cultural\u0103 Jazz Banat;<br \/>\n\u2022 10:00\u201311:30 \u00een Parcul Civic: Strada F\u0103r\u0103 Nume, spoken word, organizator: Future Standard;<br \/>\n\u2022 10:00\u201312:00 \u00een zona delimitat\u0103 de Bulevardul 3 august 1919, Pia\u021ba Romanilor, CET Centru \/ strada Rabin Dr. Ernest Neumann \u0219i strada Episcop Joseph Lonovici: Tur ghidat Vorpak Fabric, tur ghidat, organizat de Asocia\u021bia Prin Banat;<br \/>\n\u2022 10:00\u201316:00 la Casa Maghiar\u0103 \/ Bulevardul Revolu\u021biei din 1989, nr. 8: Rubik &amp; Teqball \u2013 dou\u0103 hungarikumuri, concurs, organizator: Asocia\u021bia Bastion-Varbastya;<br \/>\n\u2022 11:00\u201312:00 la Biserica Sf\u00e2nta Ecaterina din Cetate \/ Str. Bolyai Janos, nr. 6: Recital de jazz contemporan \u00een Biserica Sf\u00e2nta Ecaterina, concert, organizator: Funda\u021bia Cultural\u0103 Jazz Banat;<br \/>\n\u2022 11:30\u201312:30 \u00een Parcul Regina Maria: Atelier JAZZINO pentru clasele V-VIII, organizat de Asocia\u021bia Prin Banat \u0219i Funda\u021bia Cultural\u0103 Jazz Banat;<br \/>\n\u2022 14:00\u201316:00 \u00een Parcul Civic: Un stol de p\u0103s\u0103ri, atelier \u0219i happening, organizator: SIMULTAN;<br \/>\n\u2022 17:00\u201319:00 la Art Encounters \/ Isho Office 1: Finisaj &amp; tur ghidat FEELS LIKE IT STOPPED RAINING, expozi\u021bie, organizator: Art Encounters Foundation;<br \/>\n\u2022 1700\u201319:00 la Cinema Studio: FILME B\u0102N\u0102\u021aENE din selec\u021bia Ceau, Cinema! 2026, film, organizator: Asocia\u021bia Pelicula Cultural\u0103;<br \/>\n\u2022 16:00\u201318:00 \u00een zona delimitat\u0103 de Bulevardul 3 august 1919, Pia\u021ba Romanilor, CET Centru \/ strada Rabin Dr. Ernest Neumann \u0219i strada Episcop Joseph Lonovici: Tur ghidat Vorpak Fabric, tur ghidat, organizat de Asocia\u021bia Prin Banat;<br \/>\n\u2022 18:00\u201321:00 la Liceul Tehnic Ion Mincu \u0219i Cartierul Vienez by Nord One: Tur Ghidat Beta 2026 x instala\u021bie gonflabil\u0103 la Cartierul Vienez by Nord One, tur ghidat \u0219i instala\u021bie, organizator: Ordinul Arhitec\u021bilor din Rom\u00e2nia \u2013 Filiala Timi\u0219;<br \/>\n\u2022 19:00\u201319:45 \u00een Pia\u021ba Sf\u00e2ntul Gheorghe: Falling Superstars, spectacol, organizator: Asocia\u021bia Noi Re-Cre\u0103m &amp; Asocia\u021bia Unfold Motion.<\/p>\n<p><strong>2 august<\/strong><br \/>\n\u2022 09:00\u201312:00 \u00een Pia\u021ba Badea C\u00e2r\u021ban: Conversa\u021bie \u00een cartier, cercetare, organizator: Asocia\u021bia FABER;<br \/>\n\u2022 09:00\u201316:00 la Vila Mal \/ Parcul Alpinet: Descoper\u0103 Portul Cultural Timi\u0219oara \u2013 Tur ghidat la Vila Mal \u0219i Parcul de Sculptur\u0103, tururi ghidate, organizator: Asocia\u021bia Cultural\u0103 Ecluze;<br \/>\n\u2022 09:00\u201320:30 \u00een Parcul Regina Maria: Festivalul VORPARK FABRIC \u273a Heritage of Timi\u0219oara, organizat de Asocia\u021bia Prin Banat;<br \/>\n\u2022 10:00\u201311:00 \u00een Parcul Regina Maria: Atelier JAZZINO pentru clasele 0-IV, organizat de Asocia\u021bia Prin Banat \u0219i Funda\u021bia Cultural\u0103 Jazz Banat;<br \/>\n\u2022 10:00\u201311:30 \u00een Parcul Civic: Strada F\u0103r\u0103 Nume, spoken word, organizator: Future Standard;<br \/>\n\u2022 10:00\u201312:00 \u00een zona delimitat\u0103 de Bulevardul 3 august 1919, Pia\u021ba Romanilor, CET Centru \/ strada Rabin Dr. Ernest Neumann \u0219i strada Episcop Joseph Lonovici: Tur ghidat Vorpak Fabric, tur ghidat, organizat de Asocia\u021bia Prin Banat;<br \/>\n\u2022 11:00\u201316:00, la Sc\u00e2r\u021b Loc Lejer \u2013 Muzeul Consumatorului Comunist: Ocolul Banatului \u00een 100 de p\u0103retare, ciorbe \u0219i vorbe, eveniment pluridisciplinar, organizator: Asocia\u021bia Cultural\u0103 CONTRASENS;<br \/>\n\u2022 11:30\u201312:30 \u00een Parcul Regina Maria: Atelier JAZZINO pentru clasele V-VIII, organizat de Asocia\u021bia Prin Banat \u0219i Funda\u021bia Cultural\u0103 Jazz Banat;<br \/>\n\u2022 14:00\u201316:00 \u00een Parcul Civic: Un stol de p\u0103s\u0103ri, atelier \u0219i happening, organizator: SIMULTAN;<br \/>\n\u2022 15:00\u201316:00 la Cinema Victoria: Scurtmetraje de anima\u021bie pentru copii, film, organizator: Asocia\u021bia Pelicula Cultural\u0103;<br \/>\n\u2022 16:00\u201318:00 \u00een zona delimitat\u0103 de Bulevardul 3 august 1919, Pia\u021ba Romanilor, CET Centru \/ strada Rabin Dr. Ernest Neumann \u0219i strada Episcop Joseph Lonovici: Tur ghidat Vorpak Fabric, tur ghidat, organizat de Asocia\u021bia Prin Banat;<br \/>\n\u2022 18:00\u201319:00 la Biserica Millennium din Fabric \/ Pia\u021ba Romanilor, nr. 6: Recital de jazz contemporan \u00een Biserica Millennium, concert, organizator: Funda\u021bia Cultural\u0103 Jazz Banat \u0219i Asocia\u021bia Prin Banat;<br \/>\n\u2022 19:00\u201320:30 la Palatul Karl Kunz \/ Bulevardul 3 August 1919, nr. 3: Patrimoniu re\u00eentregit: EIAR \/ Prim\u0103vara revine pe Palatul Karl Kunz, ceremonie, organizat de Asocia\u021bia Prin Banat.<\/p>\n<p><strong>3 august<\/strong><br \/>\n\u2022 10:00\u201317:00, la Casa Maghiar\u0103 \/ Bulevardul Revolu\u021biei din 1989, nr. 8: Ziua por\u021bilor deschise, tur ghidat, organizator: Asocia\u021bia Bastion-Varbastya;<br \/>\n\u2022 10:00\u201317:00, la Casa Maghiar\u0103 \/ Bulevardul Revolu\u021biei din 1989, nr. 8: Expozi\u021bie de aparate fotografice, expozi\u021bie, organizator: Asocia\u021bia Bastion-Varbastya;<br \/>\n\u2022 17:00\u201319:00, la MINA Timi\u0219oara \/ Parcare Iulius Town: George Enescu \u2013 Poema Rom\u00e2n\u0103: Immersive Experience, spectacol, organizator: Asocia\u021bia Scena Muzical\u0103.<\/p>\n<p>Acestor evenimente, li se adaug\u0103 concertele sus\u021binute de <strong>The Script, Beth Hart \u0219i Marija \u0160erifovi\u0107<\/strong> pe bulevardul Br\u0103tianu.<\/p>\n<p>***<\/p>\n<p><strong><span class=\"dia_suggestion w0\">Mai<\/span><span class=\"dia_suggestion w1\">multe<\/span><span class=\"dia_suggestion w2\">g\u0103si\u021bi<\/span> pe <span class=\"dia_suggestion w4\">pagina noastr<span class=\"dia_suggestion w0\">\u0103<\/span><\/span>\u00a0de <a href=\"https:\/\/www.facebook.com\/OpiniaTM\/?ref=page_internal\" target=\"_blank\" rel=\"noopener\">Facebook opiniatimisoarei.ro<\/a>!<\/strong><\/p>\n<p><strong><span class=\"dia_suggestion w0\">Dac\u0103<\/span><span class=\"dia_suggestion w1\">a\u021bi<\/span> fost martorii unui eveniment <span class=\"dia_suggestion w6\">sau<\/span><span class=\"dia_suggestion w7\">ai<\/span> unei <span class=\"dia_suggestion w9\">situa\u021bii<\/span><span class=\"dia_suggestion w10\">neobi\u0219nuite<\/span><span class=\"dia_suggestion w11\">care<\/span> ar <span class=\"dia_suggestion w13\">putea<\/span> deveni subiect de <span class=\"dia_suggestion w17\">\u0219tire<\/span>, <span class=\"dia_suggestion w18\">contacta\u021bi<\/span>-ne <span class=\"dia_suggestion w20\">la<\/span><span><a href=\"https:\/\/www.opiniatimisoarei.ro\/cdn-cgi\/l\/email-protection\" class=\"__cf_email__\" data-cfemail=\"92e0f7f6f3f1e6fbf7d2fde2fbfcfbf3e6fbfffbe1fdf3e0f7fbbce0fd\">[email\u00a0protected]<\/a>,<\/span>\u00a0 pe <a href=\"https:\/\/www.facebook.com\/OpiniaTM\">FB<\/a><span>sau pe contul nostru de<\/span><a href=\"https:\/\/www.instagram.com\/opiniatimisoarei.ro\/\" target=\"_blank\" rel=\"noopener\">Instagram<\/a>!<\/strong><\/p>\n<p><strong><span>CITESTE SI<\/span>: <a href=\"https:\/\/www.opiniatimisoarei.ro\/afli-primul-tot-ceea-ce-se-intampla-cu-adevarat-important-in-timisoara-si-in-regiune-cu-aplicatia-de-stiri-opinia-timisoarei-3-tipuri-de-alerte-te-tin-mereu-conectat-la-evenimente-descarca-gratuit-a\/31\/10\/2022\">Afli primul tot ceea ce se intampla cu adevarat important in Timisoara si in regiune cu Aplicatia de stiri Opinia Timisoarei. 3 tipuri de alerte te tin mereu conectat la evenimente. Descarca gratuit Aplicatia OT aici!<\/a><\/strong><\/p>\n<\/div>\n<p>[analyse_source url=&#8221;https:\/\/www.opiniatimisoarei.ro\/evenimente-in-18-locuri-din-cartiere-de-ziua-timisoarei-vezi-programul\/03\/07\/2026&#8243;]<\/p>\n","protected":false},"excerpt":{"rendered":"<p>[analyse_image type=&#8221;featured&#8221; src=&#8221;https:\/\/www.opiniatimisoarei.ro\/wp-content\/uploads\/2026\/04\/festival-targ-de-pasti-4-728&#215;336.jpghttps:\/\/www.opiniatimisoarei.ro\/wp-content\/uploads\/2026\/04\/festival-targ-de-pasti-4.jpg&#8221;] TIMISOARA. S\u0103rb\u0103toareaora\u0219uluisedesf\u0103\u0219oar\u0103\u00eentre31 iulie \u0219i 3 august\u00een acest an. Ziua Timi\u0219oarei propune tururi ghidate, instala\u021bii, expozi\u021bii, proiectii de filme \u0219i experien\u021be urbane care aduc \u00een prim-plan memoria, patrimoniul \u0219i diversitatea. Anul acesta, de Ziua Timi\u0219oarei, Bega, Fabricul, Pia\u021ba Maria, Casa Maghiar\u0103, Parcul Civic, Bastionul, spa\u021biile de art\u0103 \u0219i locurile \u00eenc\u0103rcate de istorie devin [&hellip;]<\/p>\n","protected":false},"author":1,"featured_media":0,"comment_status":"open","ping_status":"","sticky":false,"template":"","format":"standard","meta":{"footnotes":""},"categories":[89],"tags":[226,190],"class_list":["post-2026541","post","type-post","status-publish","format-standard","hentry","category-romania","tag-crawlmanager","tag-opiniatimisoarei-ro"],"_links":{"self":[{"href":"https:\/\/analyse.optim.biz\/index.php?rest_route=\/wp\/v2\/posts\/2026541","targetHints":{"allow":["GET"]}}],"collection":[{"href":"https:\/\/analyse.optim.biz\/index.php?rest_route=\/wp\/v2\/posts"}],"about":[{"href":"https:\/\/analyse.optim.biz\/index.php?rest_route=\/wp\/v2\/types\/post"}],"author":[{"embeddable":true,"href":"https:\/\/analyse.optim.biz\/index.php?rest_route=\/wp\/v2\/users\/1"}],"replies":[{"embeddable":true,"href":"https:\/\/analyse.optim.biz\/index.php?rest_route=%2Fwp%2Fv2%2Fcomments&post=2026541"}],"version-history":[{"count":0,"href":"https:\/\/analyse.optim.biz\/index.php?rest_route=\/wp\/v2\/posts\/2026541\/revisions"}],"wp:attachment":[{"href":"https:\/\/analyse.optim.biz\/index.php?rest_route=%2Fwp%2Fv2%2Fmedia&parent=2026541"}],"wp:term":[{"taxonomy":"category","embeddable":true,"href":"https:\/\/analyse.optim.biz\/index.php?rest_route=%2Fwp%2Fv2%2Fcategories&post=2026541"},{"taxonomy":"post_tag","embeddable":true,"href":"https:\/\/analyse.optim.biz\/index.php?rest_route=%2Fwp%2Fv2%2Ftags&post=2026541"}],"curies":[{"name":"wp","href":"https:\/\/api.w.org\/{rel}","templated":true}]}}