{"id":2026540,"date":"2026-07-02T18:48:20","date_gmt":"2026-07-02T15:48:20","guid":{"rendered":"https:\/\/analyse.optim.biz\/?p=2026540"},"modified":"2026-07-02T18:48:20","modified_gmt":"2026-07-02T15:48:20","slug":"aur-continental-pentru-un-elev-din-timisoara-la-olimpiada-europeana-de-geografie-delegatia-romaniei-a-urcat-de-5-ori-pe-prima-treapta-a-podiumului-foto","status":"publish","type":"post","link":"https:\/\/analyse.optim.biz\/?p=2026540","title":{"rendered":"Aur continental pentru un elev din Timi\u0219oara la Olimpiada European\u0103 de Geografie. Delega\u021bia Rom\u00e2niei a urcat de 5 ori pe prima treapt\u0103 a podiumului. FOTO"},"content":{"rendered":"<p>[analyse_image type=&#8221;featured&#8221; src=&#8221;https:\/\/www.opiniatimisoarei.ro\/wp-content\/uploads\/2026\/07\/aur-elev-728&#215;336.jpghttps:\/\/www.opiniatimisoarei.ro\/wp-content\/uploads\/2026\/07\/aur-elev.jpg&#8221;]<\/p>\n<div class=\"the_content\">\n<p><strong>TIMISOARA.<\/strong> Colegii lui sunt deja \u00een vacan\u021b\u0103, dar el a mai avut o competi\u021bie la care s\u0103 mearg\u0103 \u0219i s\u0103 aduc\u0103 o medalie \u0219i recunoa\u0219tere pentru \u0219coala la care \u00eenva\u021b\u0103 \u0219i pentru Timi\u0219oara.<\/p>\n<p><strong><span>CITE\u0218TE \u0218I:<\/span><a href=\"https:\/\/www.opiniatimisoarei.ro\/regina-maria-si-jazzx-30-de-ani-in-care-preventia-a-schimbat-felul-in-care-avem-grija-de-sanatate\/02\/07\/2026\">Regina Maria \u0219i JAZZx: 30 de ani \u00een care preven\u021bia a schimbat felul \u00een care avem grij\u0103 de s\u0103n\u0103tate<\/a><\/strong><\/p>\n<p><strong>Bogdan Mate\u0219escu-Pa\u0219cal\u0103u<\/strong> este elev al Colegiului Na\u021bional Constantin Diaconovici Loga \u0219i a mers cu lotul na\u021bional al Rom\u00e2niei la Olimpiada European\u0103 de Geografie ce a avut loc la Varna, \u00een Bulgaria.<\/p>\n<p><a href=\"https:\/\/www.opiniatimisoarei.ro\/wp-content\/uploads\/2026\/07\/colaj-medalii-olimpiada-euro-geogra.png\"><img loading=\"lazy\" decoding=\"async\" class=\"aligncenter size-full wp-image-882142\" src=\"https:\/\/www.opiniatimisoarei.ro\/wp-content\/uploads\/2026\/07\/colaj-medalii-olimpiada-euro-geogra.png\" alt=\"\" width=\"1080\" height=\"500\"><\/a><\/p>\n<p>Tinerii tricolori au revenit acas\u0103 cu 8 medalii \u0219i locul 1 \u00een ierarhia pe na\u021biuni.<\/p>\n<p>Una dintre medaliile de aur i-a revenit timi\u0219oreanului Bogdan Mate\u0219escu-Pa\u0219cal\u0103u.<\/p>\n<blockquote>\n<p>\u201c<strong>\u00cel felicit din toat\u0103 inima pe Bogdan Mate\u0219escu-Pa\u0219cal\u0103u, elev al Colegiului Na\u021bional \u201eConstantin Diaconovici Loga\u201d din Timi\u0219oara, pentru extraordinara performan\u021b\u0103 de a cuceri medalia de aur la European Geography Olympiad \u2013 EGEO 2026, desf\u0103\u0219urat\u0103 la Varna, Bulgaria.<\/strong><br \/><strong>Probele competi\u021biei au pus la \u00eencercare cuno\u0219tin\u021bele, g\u00e2ndirea analitic\u0103, spiritul de observa\u021bie \u0219i capacitatea de a aplica geografia \u00een teren. Bogdan a demonstrat, \u00eenc\u0103 o dat\u0103, c\u0103 excelen\u021ba este rezultatul unei preg\u0103tiri temeinice, al perseveren\u021bei \u0219i al dorin\u021bei permanente de a se autodep\u0103\u0219i.<\/strong><br \/><strong>Felicit\u0103ri se \u00eendreapt\u0103 \u0219i c\u0103tre doamna profesor Liliana Bunoiu, cea care l-a \u00eendrumat \u0219i preg\u0103tit pe Bogdan \u00eenc\u0103 din gimnaziu, precum \u0219i c\u0103tre domnul profesor Cosmin Ancuta! \u00cen spatele fiec\u0103rui mare campion se afl\u0103 un profesor care \u0219tie s\u0103 descopere poten\u021bialul, s\u0103 \u00eel cultive cu r\u0103bdare \u0219i s\u0103 \u00eel transforme \u00een performan\u021b\u0103.<\/strong><br \/><strong>Drag\u0103 Bogdan, \u00ee\u021bi mul\u021bumim pentru bucuria \u0219i m\u00e2ndria pe care le-ai adus comunit\u0103\u021bii Loga! \u00ce\u021bi dorim ca acest aur european s\u0103 fie doar una dintre numeroasele performan\u021be care \u00ee\u021bi vor marca parcursul.<\/strong><br \/><strong>Felicit\u0103ri lotului olimpic al Rom\u00e2niei care se \u00eentoarce acas\u0103 cu cinci medalii de aur, trei de argint \u0219i locul I pe na\u021biuni!<\/strong>\u201c, a transmis Violeta Bon\u021bil\u0103, director al Colegiului Na\u021bional Constantin Diaconovici Loga.<\/p>\n<\/blockquote>\n<div id=\"gallery-1\" class=\"gallery optm-gallery galleryid-882141\">\n<div class=\"optm-galcont\"><a href=\"https:\/\/www.opiniatimisoarei.ro\/wp-content\/uploads\/2026\/07\/medalii-olimpiada-europeana-geogra-1.png\"><img decoding=\"async\" src=\"https:\/\/www.opiniatimisoarei.ro\/wp-content\/uploads\/2026\/07\/medalii-olimpiada-europeana-geogra-1-300x222.png\"><\/a><a href=\"https:\/\/www.opiniatimisoarei.ro\/wp-content\/uploads\/2026\/07\/medalii-olimpiada-europeana-geogra-2.png\"><img decoding=\"async\" src=\"https:\/\/www.opiniatimisoarei.ro\/wp-content\/uploads\/2026\/07\/medalii-olimpiada-europeana-geogra-2-300x181.png\"><\/a><a href=\"https:\/\/www.opiniatimisoarei.ro\/wp-content\/uploads\/2026\/07\/medalii-olimpiada-europeana-geogra-3.png\"><img decoding=\"async\" src=\"https:\/\/www.opiniatimisoarei.ro\/wp-content\/uploads\/2026\/07\/medalii-olimpiada-europeana-geogra-3-300x181.png\"><\/a><a href=\"https:\/\/www.opiniatimisoarei.ro\/wp-content\/uploads\/2026\/07\/medalie-geogra-Bogdan-Matesescu.png\"><img decoding=\"async\" src=\"https:\/\/www.opiniatimisoarei.ro\/wp-content\/uploads\/2026\/07\/medalie-geogra-Bogdan-Matesescu-300x167.png\"><\/a><\/div>\n<\/div>\n<p>***<\/p>\n<p><strong><span class=\"dia_suggestion w0\">Mai<\/span>\u00a0<span class=\"dia_suggestion w1\">multe<\/span>\u00a0<span class=\"dia_suggestion w2\">g\u0103si\u021bi<\/span>\u00a0pe\u00a0<span class=\"dia_suggestion w4\">pagina noastr<span class=\"dia_suggestion w0\">\u0103<\/span><\/span>\u00a0de\u00a0<a href=\"https:\/\/www.facebook.com\/OpiniaTM\/?ref=page_internal\" target=\"_blank\" rel=\"noopener\">Facebook opiniatimisoarei.ro<\/a>!<\/strong><\/p>\n<p><strong><span class=\"dia_suggestion w0\">Dac\u0103<\/span>\u00a0<span class=\"dia_suggestion w1\">a\u021bi<\/span>\u00a0fost martorii unui eveniment\u00a0<span class=\"dia_suggestion w6\">sau<\/span>\u00a0<span class=\"dia_suggestion w7\">ai<\/span>\u00a0unei\u00a0<span class=\"dia_suggestion w9\">situa\u021bii<\/span>\u00a0<span class=\"dia_suggestion w10\">neobi\u0219nuite<\/span>\u00a0<span class=\"dia_suggestion w11\">care<\/span>\u00a0ar\u00a0<span class=\"dia_suggestion w13\">putea<\/span>\u00a0deveni subiect de\u00a0<span class=\"dia_suggestion w17\">\u0219tire<\/span>,\u00a0<span class=\"dia_suggestion w18\">contacta\u021bi<\/span>-ne\u00a0<span class=\"dia_suggestion w20\">la<\/span>\u00a0<a href=\"https:\/\/www.opiniatimisoarei.ro\/cdn-cgi\/l\/email-protection\" class=\"__cf_email__\" data-cfemail=\"017364656062756864416e71686f686075686c68726e607364682f736e\">[email\u00a0protected]<\/a>,\u00a0 pe\u00a0<a href=\"https:\/\/www.facebook.com\/OpiniaTM\">FB<\/a>\u00a0sau pe contul nostru de\u00a0<a href=\"https:\/\/www.instagram.com\/opiniatimisoarei.ro\/\" target=\"_blank\" rel=\"noopener\">Instagram<\/a>!<\/strong><\/p>\n<p><strong><span>CITESTE SI:\u00a0<\/span><a href=\"https:\/\/www.opiniatimisoarei.ro\/afli-primul-tot-ceea-ce-se-intampla-cu-adevarat-important-in-timisoara-si-in-regiune-cu-aplicatia-de-stiri-opinia-timisoarei-3-tipuri-de-alerte-te-tin-mereu-conectat-la-evenimente-descarca-gratuit-a\/31\/10\/2022\">Afli primul tot ceea ce se intampla cu adevarat important in Timisoara si in regiune cu Aplicatia de stiri Opinia Timisoarei. 3 tipuri de alerte te tin mereu conectat la evenimente. Descarca gratuit Aplicatia OT aici!<\/a><\/strong><\/p>\n<\/div>\n<p>[analyse_source url=&#8221;https:\/\/www.opiniatimisoarei.ro\/aur-continental-pentru-un-elev-din-timisoara-la-olimpiada-europeana-de-geografie-delegatia-romaniei-a-urcat-de-5-ori-pe-prima-treapta-a-podiumului-foto\/02\/07\/2026&#8243;]<\/p>\n","protected":false},"excerpt":{"rendered":"<p>[analyse_image type=&#8221;featured&#8221; src=&#8221;https:\/\/www.opiniatimisoarei.ro\/wp-content\/uploads\/2026\/07\/aur-elev-728&#215;336.jpghttps:\/\/www.opiniatimisoarei.ro\/wp-content\/uploads\/2026\/07\/aur-elev.jpg&#8221;] TIMISOARA. Colegii lui sunt deja \u00een vacan\u021b\u0103, dar el a mai avut o competi\u021bie la care s\u0103 mearg\u0103 \u0219i s\u0103 aduc\u0103 o medalie \u0219i recunoa\u0219tere pentru \u0219coala la care \u00eenva\u021b\u0103 \u0219i pentru Timi\u0219oara. CITE\u0218TE \u0218I:Regina Maria \u0219i JAZZx: 30 de ani \u00een care preven\u021bia a schimbat felul \u00een care avem grij\u0103 de [&hellip;]<\/p>\n","protected":false},"author":1,"featured_media":0,"comment_status":"open","ping_status":"","sticky":false,"template":"","format":"standard","meta":{"footnotes":""},"categories":[89],"tags":[226,190],"class_list":["post-2026540","post","type-post","status-publish","format-standard","hentry","category-romania","tag-crawlmanager","tag-opiniatimisoarei-ro"],"_links":{"self":[{"href":"https:\/\/analyse.optim.biz\/index.php?rest_route=\/wp\/v2\/posts\/2026540","targetHints":{"allow":["GET"]}}],"collection":[{"href":"https:\/\/analyse.optim.biz\/index.php?rest_route=\/wp\/v2\/posts"}],"about":[{"href":"https:\/\/analyse.optim.biz\/index.php?rest_route=\/wp\/v2\/types\/post"}],"author":[{"embeddable":true,"href":"https:\/\/analyse.optim.biz\/index.php?rest_route=\/wp\/v2\/users\/1"}],"replies":[{"embeddable":true,"href":"https:\/\/analyse.optim.biz\/index.php?rest_route=%2Fwp%2Fv2%2Fcomments&post=2026540"}],"version-history":[{"count":0,"href":"https:\/\/analyse.optim.biz\/index.php?rest_route=\/wp\/v2\/posts\/2026540\/revisions"}],"wp:attachment":[{"href":"https:\/\/analyse.optim.biz\/index.php?rest_route=%2Fwp%2Fv2%2Fmedia&parent=2026540"}],"wp:term":[{"taxonomy":"category","embeddable":true,"href":"https:\/\/analyse.optim.biz\/index.php?rest_route=%2Fwp%2Fv2%2Fcategories&post=2026540"},{"taxonomy":"post_tag","embeddable":true,"href":"https:\/\/analyse.optim.biz\/index.php?rest_route=%2Fwp%2Fv2%2Ftags&post=2026540"}],"curies":[{"name":"wp","href":"https:\/\/api.w.org\/{rel}","templated":true}]}}