{"id":2026539,"date":"2026-07-02T19:38:58","date_gmt":"2026-07-02T16:38:58","guid":{"rendered":"https:\/\/analyse.optim.biz\/?p=2026539"},"modified":"2026-07-02T19:38:58","modified_gmt":"2026-07-02T16:38:58","slug":"politia-in-alerta-dupa-ce-un-tanar-a-disparut-fara-urma-in-timis-e-cautat-de-familie-si-prieteni","status":"publish","type":"post","link":"https:\/\/analyse.optim.biz\/?p=2026539","title":{"rendered":"Poli\u021bia \u00een alert\u0103 dup\u0103 ce un t\u00e2n\u0103r a disp\u0103rut f\u0103r\u0103 urm\u0103 \u00een Timi\u0219. E c\u0103utat de familie \u0219i prieteni"},"content":{"rendered":"<p>[analyse_image type=&#8221;featured&#8221; src=&#8221;https:\/\/www.opiniatimisoarei.ro\/wp-content\/uploads\/2026\/07\/disparut-728&#215;336.jpghttps:\/\/www.opiniatimisoarei.ro\/wp-content\/uploads\/2026\/07\/disparut.jpg&#8221;]<\/p>\n<div class=\"the_content\">\n<p><strong>TIMIS.<\/strong> S-a dat alarma \u00een Timi\u0219, dup\u0103 ce un b\u0103rbat a plecat de la spitalul din G\u0103taia de 2 zile, iar de atunci nu mai \u0219tie nimeni nimic de el.<\/p>\n<p><strong><span>CITE\u0218TE \u0218I:<\/span><a href=\"https:\/\/www.opiniatimisoarei.ro\/trotinetist-de-14-ani-lovit-de-masina-pe-un-bulevard-din-timisoara-greseala-pe-care-a-facut-o-baiatul-pe-trecerea-de-pietoni\/02\/07\/2026\">Trotinetist de 14 ani lovit de ma\u0219in\u0103 pe un bulevard din Timi\u0219oara. Gre\u0219eala pe care a f\u0103cut-o b\u0103iatul pe trecerea de pietoni<\/a><\/strong><\/p>\n<p>Valentin Todorescu are 36 de ani \u0219i a plecat luni din unitatea medical\u0103 \u0219i nu s-a mai \u00eentors.<\/p>\n<p>B\u0103rbatul are 1,75 m \u00een\u0103l\u021bime, 65 kg, p\u0103r \u0219aten p\u00e2n\u0103 la nivelul umerilor, fa\u021b\u0103 oval\u0103, ochi c\u0103prui. T\u00e2n\u0103rul are \u0219i un tatuaj colorat pe m\u00e2na dreapt\u0103.<\/p>\n<p>La data dispari\u021biei purta pantaloni scur\u021bi negri, iar \u00een picioare avea \u0219lapi de aceea\u0219i culoare.<\/p>\n<p>Cei care pot oferi detalii despre persoana disp\u0103rut\u0103 este rugat s\u0103 apeleze Serviciul de Urgen\u0163\u0103 112 sau s\u0103 contacteze cea mai apropiat\u0103 sec\u021bie de poli\u021bie.<\/p>\n<div class=\"x14z9mp xat24cr x1lziwak x1vvkbs xtlvy1s x126k92a\">\n<blockquote>\n<div dir=\"auto\">\u201c<strong>Este o persoan\u0103 vulnerabil\u0103 \u0219i avem motive reale de \u00eengrijorare, mai ales av\u00e2nd \u00een vedere canicula din ultimele zile, cu temperaturi de 38\u201339\u00b0C. Nu \u0219tim dac\u0103 a avut acces la ap\u0103, m\u00e2ncare sau ad\u0103post. Nu are telefonul la el, deci nu poate fi contactat direct.<\/strong><\/div>\n<\/blockquote>\n<\/div>\n<blockquote>\n<div class=\"x14z9mp xat24cr x1lziwak x1vvkbs xtlvy1s x126k92a\">\n<div dir=\"auto\"><strong>Dac\u0103 \u00eel vede\u021bi sau crede\u021bi c\u0103 l-a\u021bi v\u0103zut, v\u0103 rog s\u0103 anun\u021ba\u021bi imediat poli\u021bia. Orice informa\u021bie, chiar \u0219i una care pare minor\u0103, poate ajuta.<\/strong><\/div>\n<\/div>\n<\/blockquote>\n<div class=\"x14z9mp xat24cr x1lziwak x1vvkbs xtlvy1s x126k92a\">\n<blockquote>\n<div dir=\"auto\"><strong>V\u0103 rog f\u0103r\u0103 glume, specula\u021bii sau comentarii r\u0103ut\u0103cioase. Familia trece printr-un moment foarte greu \u0219i \u00eencerc\u0103m doar s\u0103-l g\u0103sim c\u00e2t mai repede<\/strong>\u201c, a scris pe pagina sa de Facebook Raul Popadine\u021bi, unul dintre prietenii t\u00e2n\u0103rului.<\/div>\n<\/blockquote>\n<div dir=\"auto\">***<\/div>\n<div dir=\"auto\">\n<p><strong><span class=\"dia_suggestion w0\">Mai<\/span>\u00a0<span class=\"dia_suggestion w1\">multe<\/span>\u00a0<span class=\"dia_suggestion w2\">g\u0103si\u021bi<\/span>\u00a0pe\u00a0<span class=\"dia_suggestion w4\">pagina noastr<span class=\"dia_suggestion w0\">\u0103<\/span><\/span>\u00a0de\u00a0<a href=\"https:\/\/www.facebook.com\/OpiniaTM\/?ref=page_internal\" target=\"_blank\" rel=\"noopener\">Facebook opiniatimisoarei.ro<\/a>!<\/strong><\/p>\n<p><strong><span class=\"dia_suggestion w0\">Dac\u0103<\/span>\u00a0<span class=\"dia_suggestion w1\">a\u021bi<\/span>\u00a0fost martorii unui eveniment\u00a0<span class=\"dia_suggestion w6\">sau<\/span>\u00a0<span class=\"dia_suggestion w7\">ai<\/span>\u00a0unei\u00a0<span class=\"dia_suggestion w9\">situa\u021bii<\/span>\u00a0<span class=\"dia_suggestion w10\">neobi\u0219nuite<\/span>\u00a0<span class=\"dia_suggestion w11\">care<\/span>\u00a0ar\u00a0<span class=\"dia_suggestion w13\">putea<\/span>\u00a0deveni subiect de\u00a0<span class=\"dia_suggestion w17\">\u0219tire<\/span>,\u00a0<span class=\"dia_suggestion w18\">contacta\u021bi<\/span>-ne\u00a0<span class=\"dia_suggestion w20\">la<\/span>\u00a0<a href=\"https:\/\/www.opiniatimisoarei.ro\/cdn-cgi\/l\/email-protection\" class=\"__cf_email__\" data-cfemail=\"c2b0a7a6a3a1b6aba782adb2abacaba3b6abafabb1ada3b0a7abecb0ad\">[email\u00a0protected]<\/a>,\u00a0 pe\u00a0<a href=\"https:\/\/www.facebook.com\/OpiniaTM\">FB<\/a>\u00a0sau pe contul nostru de\u00a0<a href=\"https:\/\/www.instagram.com\/opiniatimisoarei.ro\/\" target=\"_blank\" rel=\"noopener\">Instagram<\/a>!<\/strong><\/p>\n<p><strong><span>CITESTE SI:<\/span>\u00a0<a href=\"https:\/\/www.opiniatimisoarei.ro\/afli-primul-tot-ceea-ce-se-intampla-cu-adevarat-important-in-timisoara-si-in-regiune-cu-aplicatia-de-stiri-opinia-timisoarei-3-tipuri-de-alerte-te-tin-mereu-conectat-la-evenimente-descarca-gratuit-a\/31\/10\/2022\">Afli primul tot ceea ce se intampla cu adevarat important in Timisoara si in regiune cu Aplicatia de stiri Opinia Timisoarei. 3 tipuri de alerte te tin mereu conectat la evenimente. Descarca gratuit Aplicatia OT aici!<\/a><\/strong><\/p>\n<\/div>\n<\/div>\n<p>\u00a0<\/p>\n<\/div>\n<p>[analyse_source url=&#8221;https:\/\/www.opiniatimisoarei.ro\/politia-in-alerta-dupa-ce-un-tanar-a-disparut-fara-urma-in-timis-e-cautat-de-familie-si-prieteni\/02\/07\/2026&#8243;]<\/p>\n","protected":false},"excerpt":{"rendered":"<p>[analyse_image type=&#8221;featured&#8221; src=&#8221;https:\/\/www.opiniatimisoarei.ro\/wp-content\/uploads\/2026\/07\/disparut-728&#215;336.jpghttps:\/\/www.opiniatimisoarei.ro\/wp-content\/uploads\/2026\/07\/disparut.jpg&#8221;] TIMIS. S-a dat alarma \u00een Timi\u0219, dup\u0103 ce un b\u0103rbat a plecat de la spitalul din G\u0103taia de 2 zile, iar de atunci nu mai \u0219tie nimeni nimic de el. CITE\u0218TE \u0218I:Trotinetist de 14 ani lovit de ma\u0219in\u0103 pe un bulevard din Timi\u0219oara. Gre\u0219eala pe care a f\u0103cut-o b\u0103iatul pe trecerea de [&hellip;]<\/p>\n","protected":false},"author":1,"featured_media":0,"comment_status":"open","ping_status":"","sticky":false,"template":"","format":"standard","meta":{"footnotes":""},"categories":[89],"tags":[226,190],"class_list":["post-2026539","post","type-post","status-publish","format-standard","hentry","category-romania","tag-crawlmanager","tag-opiniatimisoarei-ro"],"_links":{"self":[{"href":"https:\/\/analyse.optim.biz\/index.php?rest_route=\/wp\/v2\/posts\/2026539","targetHints":{"allow":["GET"]}}],"collection":[{"href":"https:\/\/analyse.optim.biz\/index.php?rest_route=\/wp\/v2\/posts"}],"about":[{"href":"https:\/\/analyse.optim.biz\/index.php?rest_route=\/wp\/v2\/types\/post"}],"author":[{"embeddable":true,"href":"https:\/\/analyse.optim.biz\/index.php?rest_route=\/wp\/v2\/users\/1"}],"replies":[{"embeddable":true,"href":"https:\/\/analyse.optim.biz\/index.php?rest_route=%2Fwp%2Fv2%2Fcomments&post=2026539"}],"version-history":[{"count":0,"href":"https:\/\/analyse.optim.biz\/index.php?rest_route=\/wp\/v2\/posts\/2026539\/revisions"}],"wp:attachment":[{"href":"https:\/\/analyse.optim.biz\/index.php?rest_route=%2Fwp%2Fv2%2Fmedia&parent=2026539"}],"wp:term":[{"taxonomy":"category","embeddable":true,"href":"https:\/\/analyse.optim.biz\/index.php?rest_route=%2Fwp%2Fv2%2Fcategories&post=2026539"},{"taxonomy":"post_tag","embeddable":true,"href":"https:\/\/analyse.optim.biz\/index.php?rest_route=%2Fwp%2Fv2%2Ftags&post=2026539"}],"curies":[{"name":"wp","href":"https:\/\/api.w.org\/{rel}","templated":true}]}}