{"id":2026532,"date":"2026-06-29T19:09:51","date_gmt":"2026-06-29T16:09:51","guid":{"rendered":"https:\/\/analyse.optim.biz\/?p=2026532"},"modified":"2026-06-29T19:09:51","modified_gmt":"2026-06-29T16:09:51","slug":"un-semestru-i-dinamic-pentru-ccia-timis-si-comunitatea-de-afaceri-locala","status":"publish","type":"post","link":"https:\/\/analyse.optim.biz\/?p=2026532","title":{"rendered":"Un Semestru I dinamic pentru CCIA Timi\u0219 \u0219i comunitatea de afaceri local\u0103"},"content":{"rendered":"<p>[analyse_image type=&#8221;featured&#8221; src=&#8221;https:\/\/www.opiniatimisoarei.ro\/wp-content\/uploads\/2026\/06\/CCIAT-sem1-728&#215;336.pnghttps:\/\/www.opiniatimisoarei.ro\/wp-content\/uploads\/2026\/06\/CCIAT-sem1.png&#8221;]<\/p>\n<div class=\"the_content\">\n<p><strong>TIMISOARA.<\/strong> Camera de Comer\u021b, Industrie \u0219i Agricultur\u0103 Timi\u0219 a \u00eentocmit bilan\u021bul primului sem,estru din anul 2026, unul cu multe evenimente dedicate mediului de afaceri, dar \u0219i \u00een care au avut loc alegeri pentru desemnarea pre\u0219edintelui pentru urm\u0103torii 5 ani.<\/p>\n<p><strong>24 februarie:<\/strong> Adunarea General\u0103 a Membrilor CCIA Timi\u0219, statutar convocat\u0103 \u015fi constituit\u0103, a reales cu unanimitate de voturi \u00een func\u021bia de Pre\u0219edinte pentru mandatul 2026-2031 pe dna Florica CHIRI\u021a\u0102.<br \/>\n\u00cen debutul interven\u021biei sale, pre\u0219edintele reales a prezentat motivele care au stat la baza noii candidaturi, eviden\u021biind necesitatea continu\u0103rii parcursului \u00eenceput \u00een urm\u0103 cu patru ani. Totodat\u0103, a ar\u0103tat c\u0103 evolu\u021bia ascendent\u0103 a Camerei \u00een ultimii ani a fost posibil\u0103 prin adaptarea permanent\u0103 la dinamica f\u0103r\u0103 precedent a mediului economic \u0219i printr-o abordare strategic\u0103 bazat\u0103 pe continuitate \u0219i viziune pe termen lung.<br \/>\n\u00cen continuarea alocu\u021biunii, pre\u0219edintele \u00een exerci\u021biu a realizat o succint\u0103 retrospectiv\u0103 a principalelor ini\u021biative \u0219i proiecte derulate \u00een mandatul 2022-2026, care au contribuit semnificativ la consolidarea \u0219i vizibilitatea institu\u021biei. Prezentarea intitulat\u0103 \u201cSub semnul performan\u021bei institu\u021bionale: bilan\u021bul unei conduceri de succes\u201d a fost \u00eenso\u021bit\u0103 de imagini reprezentative din activitatea CCIAT.<\/p>\n<p><img loading=\"lazy\" decoding=\"async\" class=\"size-full wp-image-872175 aligncenter\" src=\"https:\/\/www.opiniatimisoarei.ro\/wp-content\/uploads\/2026\/02\/Florica-Chirita-presedinte-CCIAT.png\" alt=\"\" width=\"817\" height=\"486\"><\/p>\n<p>\u00cen cadrul \u0219edin\u021bei a fost validat\u0103 \u0219i componen\u021ba noului Colegiu de Conducere pentru mandatul 2026-2031, format din trei vicepre\u0219edin\u021bi \u2013 Mili\u021ba Pleascar, Darius Georgiu \u0219i Lucian Galosi \u2013 \u0219i membrii Carmen Caragea, Ioan Constantin Paulescu \u0219i Toma Remus Mi\u0219c\u0103.<br \/>\n\u00cen \u00eencheierea \u0219edin\u021bei, pre\u0219edintele reales a transmis un mesaj de profund\u0103 emo\u021bie \u0219i recuno\u0219tin\u021b\u0103:<\/p>\n<blockquote>\n<p>\u201e<strong>V\u0103 mul\u021bumesc pentru \u00eencrederea pe care mi-a\u021bi acordat-o, este o onoare care m\u0103 cople\u0219e\u0219te de emo\u021bie \u0219i, totodat\u0103, m\u0103 oblig\u0103 la \u0219i mai mult\u0103 responsabilitate. Cu greu pot cuprinde \u00een cuvinte ceea ce simt ast\u0103zi, la 36 de ani de c\u00e2nd am p\u0103\u0219it pentru prima dat\u0103 \u00een Camera de Comer\u021b, timid\u0103, dar cu visul curajos de a muta mun\u021bii din loc. Nu i-am mutat, dar, cu r\u0103bdare \u0219i credin\u021b\u0103, am urcat pas cu pas. \u00cen ace\u0219ti ultimi 4 ani de mandat, am c\u0103utat s\u0103 r\u0103m\u00e2n pe drumul ales, cu demnitate \u0219i corectitudine, al\u0103turi de Dumneavoastr\u0103, membrii no\u0219tri. Recuno\u0219tin\u021ba mea se \u00eendreapt\u0103 c\u0103tre fiecare dintre Dumneavoastr\u0103, c\u0103tre echipa mea \u0219i c\u0103tre familia care mi-a fost sprijin \u00een fiecare clip\u0103. Aceast\u0103 reu\u0219it\u0103 nu \u00eemi apar\u021bine doar mie, este succesul unei comunit\u0103\u021bi unite prin viziune, munc\u0103 \u0219i \u00eencredere. V\u0103 promit, cu toat\u0103 sinceritatea, c\u0103 vom continua \u00eempreun\u0103 drumul pe care l-am \u00eenceput, \u00eempreun\u0103! Iar dac\u0103, peste ani, se va spune c\u0103 aceast\u0103 camera de comer\u021b a crescut frumos, s\u0103 \u0219ti\u021bi c\u0103 nu va fi povestea unui OM, ci povestea unei INIMI COLECTIVE care a b\u0103tut la unison. V\u0103 mul\u021bumesc pentru c\u0103 ast\u0103zi mi-a\u021bi dat nu doar un<\/strong><br \/><strong>mandat, ci un SENS. Iar acest SENS \u00eel voi purta cu mine at\u00e2ta timp c\u00e2t voi avea puterea s\u0103 spun, cu m\u00e2ndrie \u0219i respect: SUNTEM \u00ceMPREUN\u0102!<\/strong>\u201d<\/p>\n<\/blockquote>\n<p><strong>\u00cent\u00e2lniri \u0219i vizite oficiale ale Pre\u0219edintelui CCIAT: 12 Delega\u021bia oficial\u0103 a Republicii Indonezia, \u00een vizit\u0103 la CCIA Timi\u0219 27 martie: <\/strong><\/p>\n<p>Pre\u0219edintele CCIAT, Florica CHIRI\u021a\u0102, a primit vizita unei delega\u021bii oficiale a Republicii Indonezia, condus\u0103 de E.S. Meidyatama Suryodiningrat, Ambasadorul Republicii Indonezia \u00een Rom\u00e2nia, aflat la Timi\u0219oara pentru o serie de \u00eent\u00e2lniri cu autorit\u0103\u021bile locale, av\u00e2nd ca obiectiv revitalizarea \u0219i consolidarea cooper\u0103rii bilaterale dintre Indonezia \u0219i Rom\u00e2nia, cu accent pe dezvoltarea rela\u021biilor cu jude\u021bele din afara capitalei Bucure\u0219ti \u0219i a zonei Constan\u021ba.<\/p>\n<p><img loading=\"lazy\" decoding=\"async\" class=\"alignnone size-full wp-image-874873\" src=\"https:\/\/www.opiniatimisoarei.ro\/wp-content\/uploads\/2026\/04\/Vizita-Ambasador-Indonezia_27-aprilie-2026.jpg\" alt=\"\" width=\"1080\" height=\"600\"><\/p>\n<p>Din delega\u021bia diplomatic\u0103 au mai f\u0103cut parte: Enjay Diana \u2013 \u0218eful Departamentului pentru Afaceri Politice, Hatmadhita Angga Kusuma \u2013 \u0218eful Departamentului pentru Afaceri Economice, Patric Batubara \u2013 \u0218eful Departamentului pentru Afaceri Sociale, Culturale \u0219i Consulare \u0219i Martin Soeprijadi Diauw \u2013 Responsabil pentru Afaceri Economice. Discu\u021biile s-au concentrat pe necesitatea revigor\u0103rii rela\u021biilor bilaterale, care \u00een ultima perioad\u0103 au cunoscut o activitate mai redus\u0103.<\/p>\n<p>\u00cen deschiderea \u00eent\u00e2lnirii, Pre\u0219edintele CCIAT a prezentat principalele coordonate ale economiei jude\u021bului Timi\u0219, pozi\u021bia important\u0103 pe care acesta o ocup\u0103 la nivel na\u021bional, precum \u0219i rolul \u0219i serviciile oferite de CCIAT \u00een sprijinul mediului de afaceri. La r\u00e2ndul s\u0103u, Ambasadorul Indoneziei \u0219i-a exprimat interesul pentru dezvoltarea cooper\u0103rii economice \u0219i culturale cu jude\u021bele Rom\u00e2niei, \u00een special cu Timi\u0219 \u0219i Timi\u0219oara, pe care l-a descris drept \u201eun ora\u0219 dinamic \u0219i vibrant\u201d. Totodat\u0103, \u00eenaltul diplomat a subliniat c\u0103 exporturile Rom\u00e2niei c\u0103tre Indonezia au \u00eenregistrat recent o cre\u0219tere de aproximativ 30%, evolu\u021bie care indic\u0103 un poten\u021bial semnificativ pentru extinderea cooper\u0103rii economice. Un element important \u00een acest sens \u00eel reprezint\u0103 Acordul de Parteneriat Economic Cuprinz\u0103tor (CEPA) dintre Indonezia \u0219i Uniunea European\u0103, ce va crea un cadru favorabil dezvolt\u0103rii schimburilor comerciale \u0219i investi\u021biilor<\/p>\n<p>\u00cen cadrul discu\u021biilor a fost prezentat \u0219i Trade Expo Indonesia (TEI) 2026,unul dintre cele mai importante t\u00e2rguri comerciale multisectoriale din Asia de Sud-Est, care poate reprezenta o platform\u0103 valoroas\u0103 pentru companiile din Timi\u0219 interesate de extinderea pe pie\u021bele asiatice. Evenimentul include \u00eent\u00e2lniri B2B, forumuri economice \u0219i sesiuni de networking dedicate mediului de afaceri interna\u021bional. Edi\u021bia din 2025 a TEI a generat tranzac\u021bii comerciale \u00een valoare de 22,8 miliarde USD, reunind peste 1.600 de expozan\u021bi, 8.000 de cump\u0103r\u0103tori interna\u021bionali din 130 de \u021b\u0103ri \u0219i aproximativ 35.000 de vizitatori din 131 de state.<br \/>\n\u00cen urma dialogului, cele dou\u0103 p\u0103r\u021bi au convenit asupra unei agende de lucru comune, care vizeaz\u0103 \u00een principal participarea firmelor timi\u0219ene la Trade Expo Indonesia 2026, ce va avea loc \u00een perioada 14-18 octombrie 2026, la Indonesia Convention Exhibition (ICE BSD City) din Tangerang. Ambasada va facilita contactul CCIAT cu Camera de Comer\u021b \u0219i Industrie a Indoneziei (KADIN) din Jakarta \u0219i cu Ministerul Economiei al Republicii Indonezia.<br \/>\nDe asemenea, a fost propus\u0103 organizarea unor sesiuni online premerg\u0103toare de prezentare a Trade Expo Indonesia, completate de \u00eent\u00e2lniri sectoriale \u00eentre companii din Jude\u021bul Timi\u0219 \u0219i Indonezia.<\/p>\n<p>Mai multe detalii <strong><a href=\"https:\/\/www.opiniatimisoarei.ro\/wp-content\/uploads\/2026\/06\/Activitate-CCIAT-Semestrul-I-2026.pdf\">AICI<\/a><\/strong>.<\/p>\n<\/div>\n<p>[analyse_source url=&#8221;https:\/\/www.opiniatimisoarei.ro\/un-semestru-i-dinamic-pentru-ccia-timis-si-comunitatea-de-afaceri-locala\/29\/06\/2026&#8243;]<\/p>\n","protected":false},"excerpt":{"rendered":"<p>[analyse_image type=&#8221;featured&#8221; src=&#8221;https:\/\/www.opiniatimisoarei.ro\/wp-content\/uploads\/2026\/06\/CCIAT-sem1-728&#215;336.pnghttps:\/\/www.opiniatimisoarei.ro\/wp-content\/uploads\/2026\/06\/CCIAT-sem1.png&#8221;] TIMISOARA. Camera de Comer\u021b, Industrie \u0219i Agricultur\u0103 Timi\u0219 a \u00eentocmit bilan\u021bul primului sem,estru din anul 2026, unul cu multe evenimente dedicate mediului de afaceri, dar \u0219i \u00een care au avut loc alegeri pentru desemnarea pre\u0219edintelui pentru urm\u0103torii 5 ani. 24 februarie: Adunarea General\u0103 a Membrilor CCIA Timi\u0219, statutar convocat\u0103 \u015fi constituit\u0103, a [&hellip;]<\/p>\n","protected":false},"author":1,"featured_media":0,"comment_status":"open","ping_status":"","sticky":false,"template":"","format":"standard","meta":{"footnotes":""},"categories":[89],"tags":[226,190],"class_list":["post-2026532","post","type-post","status-publish","format-standard","hentry","category-romania","tag-crawlmanager","tag-opiniatimisoarei-ro"],"_links":{"self":[{"href":"https:\/\/analyse.optim.biz\/index.php?rest_route=\/wp\/v2\/posts\/2026532","targetHints":{"allow":["GET"]}}],"collection":[{"href":"https:\/\/analyse.optim.biz\/index.php?rest_route=\/wp\/v2\/posts"}],"about":[{"href":"https:\/\/analyse.optim.biz\/index.php?rest_route=\/wp\/v2\/types\/post"}],"author":[{"embeddable":true,"href":"https:\/\/analyse.optim.biz\/index.php?rest_route=\/wp\/v2\/users\/1"}],"replies":[{"embeddable":true,"href":"https:\/\/analyse.optim.biz\/index.php?rest_route=%2Fwp%2Fv2%2Fcomments&post=2026532"}],"version-history":[{"count":0,"href":"https:\/\/analyse.optim.biz\/index.php?rest_route=\/wp\/v2\/posts\/2026532\/revisions"}],"wp:attachment":[{"href":"https:\/\/analyse.optim.biz\/index.php?rest_route=%2Fwp%2Fv2%2Fmedia&parent=2026532"}],"wp:term":[{"taxonomy":"category","embeddable":true,"href":"https:\/\/analyse.optim.biz\/index.php?rest_route=%2Fwp%2Fv2%2Fcategories&post=2026532"},{"taxonomy":"post_tag","embeddable":true,"href":"https:\/\/analyse.optim.biz\/index.php?rest_route=%2Fwp%2Fv2%2Ftags&post=2026532"}],"curies":[{"name":"wp","href":"https:\/\/api.w.org\/{rel}","templated":true}]}}