{"id":2026531,"date":"2026-07-02T09:45:34","date_gmt":"2026-07-02T06:45:34","guid":{"rendered":"https:\/\/analyse.optim.biz\/?p=2026531"},"modified":"2026-07-02T09:45:34","modified_gmt":"2026-07-02T06:45:34","slug":"tragedie-in-apropiere-de-timisoara-sofer-mort-dupa-un-accident-foto","status":"publish","type":"post","link":"https:\/\/analyse.optim.biz\/?p=2026531","title":{"rendered":"Tragedie \u00een apropiere de Timi\u0219oara. \u0218ofer mort, dup\u0103 un accident. FOTO"},"content":{"rendered":"<p>[analyse_image type=&#8221;featured&#8221; src=&#8221;https:\/\/www.opiniatimisoarei.ro\/wp-content\/uploads\/2026\/07\/accident-mortal-728&#215;336.jpghttps:\/\/www.opiniatimisoarei.ro\/wp-content\/uploads\/2026\/07\/accident-mortal.jpg&#8221;]<\/p>\n<div class=\"the_content\">\n<p><strong>TIMI\u0218.<\/strong> Dou\u0103 ma\u0219ini s-au izbit violent joi \u00eenaintea pr\u00e2nzului, nu departe de Timi\u0219oara.<\/p>\n<p><strong><span>CITE\u0218TE \u0218I:<\/span><a href=\"https:\/\/www.opiniatimisoarei.ro\/trotinetist-de-14-ani-lovit-de-masina-pe-un-bulevard-din-timisoara-greseala-pe-care-a-facut-o-baiatul-pe-trecerea-de-pietoni\/02\/07\/2026\">Trotinetist de 14 ani lovit de ma\u0219in\u0103 pe un bulevard din Timi\u0219oara. Gre\u0219eala pe care a f\u0103cut-o b\u0103iatul pe trecerea de pietoni<\/a><\/strong><\/p>\n<p>Accidentul a avut loc la Reca\u0219, iar \u00een urma impactului, unul dintre \u0219oferi a r\u0103mas blocat \u00een autoturism. Martorii au sunat la 112, iar la fa\u021ba locului au ajuns echipaje ale pompierilor \u0219i poli\u021biei.<\/p>\n<p>Pentru scoaterea conduc\u0103torului auto din ma\u0219in\u0103 a fost nevoie de interven\u021bia descarcer\u0103rii, b\u0103rbatul de 75 de ani fiind \u00een stare de incon\u0219tien\u021b\u0103.<\/p>\n<blockquote>\n<p>\u201c<strong>La fa\u021ba locului s-au deplasat de urgen\u021b\u0103 o autospecial\u0103 de stingere cu modul de descarcerare, o autospecial\u0103 de descarcerare \u0219i 6 pompieri. <\/strong><br \/><strong>Totodat\u0103, \u00een sprijinul pompierilor intervin 2 ambulan\u021be SAJ.<\/strong><\/p>\n<p><strong>\u00cen accident au fost implicate dou\u0103 autoturisme \u00een care se aflau doar conduc\u0103torii auto. \u00cen urma impactului, \u0219oferul unui autoturism a r\u0103mas \u00eencarcerat. La sosirea pompierilor la locul accidentului, acesta era \u00een stare de incon\u0219tien\u021b\u0103. <\/strong><br \/><strong>Se lucreaz\u0103 pentru extragerea victimei.<\/strong>\u201c, au transmis reprezentan\u021bii ISU Timi\u0219.<\/p>\n<\/blockquote>\n<p><span class=\"dia_suggestion w0\">La<\/span> scurt <span class=\"dia_suggestion w2\">timp<\/span><span class=\"dia_suggestion w3\">dup\u0103<\/span> recuperarea <span class=\"dia_suggestion w5\">b\u0103rbatului<\/span><span class=\"dia_suggestion w6\">din<\/span><span class=\"dia_suggestion w7\">ma\u0219in\u0103<\/span>, medicii au fost <span class=\"dia_suggestion w11\">nevoi\u021bi<\/span><span class=\"dia_suggestion w12\">s\u0103<\/span> declare decesul <span class=\"dia_suggestion w15\">conduc\u0103torului<\/span> auto.<\/p>\n<p><a href=\"https:\/\/www.opiniatimisoarei.ro\/wp-content\/uploads\/2026\/07\/accident.jpg\"><img loading=\"lazy\" decoding=\"async\" class=\"aligncenter size-full wp-image-882067\" src=\"https:\/\/www.opiniatimisoarei.ro\/wp-content\/uploads\/2026\/07\/accident.jpg\" alt=\"\" width=\"1080\" height=\"500\"><\/a><\/p>\n<p>Politistii au inceput cercetarile pentru a stabili cum s-a produs tragedia.<\/p>\n<p><span class=\"dia_suggestion w0\">Din<\/span> primele date, <span class=\"dia_suggestion w3\">\u0219oferul<\/span><span class=\"dia_suggestion w4\">care<\/span><span class=\"dia_suggestion w5\">\u0219i<\/span>-a pierdut <span class=\"dia_suggestion w8\">via\u021ba<\/span>\u00a0<span class=\"dia_suggestion w9\">intrase<\/span> pe contrasens.<\/p>\n<p>***<\/p>\n<p><strong><span class=\"dia_suggestion w0\">Mai<\/span>\u00a0<span class=\"dia_suggestion w1\">multe<\/span>\u00a0<span class=\"dia_suggestion w2\">g\u0103si\u021bi<\/span>\u00a0pe\u00a0<span class=\"dia_suggestion w4\">pagina noastr<span class=\"dia_suggestion w0\">\u0103<\/span><\/span>\u00a0de\u00a0<a href=\"https:\/\/www.facebook.com\/OpiniaTM\/?ref=page_internal\" target=\"_blank\" rel=\"noopener\">Facebook opiniatimisoarei.ro<\/a>!<\/strong><\/p>\n<p><strong><span class=\"dia_suggestion w0\">Dac\u0103<\/span>\u00a0<span class=\"dia_suggestion w1\">a\u021bi<\/span>\u00a0fost martorii unui eveniment\u00a0<span class=\"dia_suggestion w6\">sau<\/span>\u00a0<span class=\"dia_suggestion w7\">ai<\/span>\u00a0unei\u00a0<span class=\"dia_suggestion w9\">situa\u021bii<\/span>\u00a0<span class=\"dia_suggestion w10\">neobi\u0219nuite<\/span>\u00a0<span class=\"dia_suggestion w11\">care<\/span>\u00a0ar\u00a0<span class=\"dia_suggestion w13\">putea<\/span>\u00a0deveni subiect de\u00a0<span class=\"dia_suggestion w17\">\u0219tire<\/span>,\u00a0<span class=\"dia_suggestion w18\">contacta\u021bi<\/span>-ne\u00a0<span class=\"dia_suggestion w20\">la<\/span>\u00a0<a href=\"https:\/\/www.opiniatimisoarei.ro\/cdn-cgi\/l\/email-protection\" class=\"__cf_email__\" data-cfemail=\"ec9e89888d8f988589ac839c8582858d988581859f838d9e8985c29e83\">[email\u00a0protected]<\/a>,\u00a0 pe\u00a0<a href=\"https:\/\/www.facebook.com\/OpiniaTM\">FB<\/a>\u00a0sau pe contul nostru de\u00a0<a href=\"https:\/\/www.instagram.com\/opiniatimisoarei.ro\/\" target=\"_blank\" rel=\"noopener\">Instagram<\/a>!<\/strong><\/p>\n<p><strong><span>CITESTE SI:\u00a0<\/span><a href=\"https:\/\/www.opiniatimisoarei.ro\/afli-primul-tot-ceea-ce-se-intampla-cu-adevarat-important-in-timisoara-si-in-regiune-cu-aplicatia-de-stiri-opinia-timisoarei-3-tipuri-de-alerte-te-tin-mereu-conectat-la-evenimente-descarca-gratuit-a\/31\/10\/2022\">Afli primul tot ceea ce se intampla cu adevarat important in Timisoara si in regiune cu Aplicatia de stiri Opinia Timisoarei. 3 tipuri de alerte te tin mereu conectat la evenimente. Descarca gratuit Aplicatia OT aici!<\/a><\/strong><\/p>\n<p>\u00a0<\/p>\n<\/div>\n<p>[analyse_source url=&#8221;https:\/\/www.opiniatimisoarei.ro\/tragedie-in-apropiere-de-timisoara-sofer-mort-dupa-un-accident-foto\/02\/07\/2026&#8243;]<\/p>\n","protected":false},"excerpt":{"rendered":"<p>[analyse_image type=&#8221;featured&#8221; src=&#8221;https:\/\/www.opiniatimisoarei.ro\/wp-content\/uploads\/2026\/07\/accident-mortal-728&#215;336.jpghttps:\/\/www.opiniatimisoarei.ro\/wp-content\/uploads\/2026\/07\/accident-mortal.jpg&#8221;] TIMI\u0218. Dou\u0103 ma\u0219ini s-au izbit violent joi \u00eenaintea pr\u00e2nzului, nu departe de Timi\u0219oara. CITE\u0218TE \u0218I:Trotinetist de 14 ani lovit de ma\u0219in\u0103 pe un bulevard din Timi\u0219oara. Gre\u0219eala pe care a f\u0103cut-o b\u0103iatul pe trecerea de pietoni Accidentul a avut loc la Reca\u0219, iar \u00een urma impactului, unul dintre \u0219oferi a r\u0103mas blocat [&hellip;]<\/p>\n","protected":false},"author":1,"featured_media":0,"comment_status":"open","ping_status":"","sticky":false,"template":"","format":"standard","meta":{"footnotes":""},"categories":[89],"tags":[226,190],"class_list":["post-2026531","post","type-post","status-publish","format-standard","hentry","category-romania","tag-crawlmanager","tag-opiniatimisoarei-ro"],"_links":{"self":[{"href":"https:\/\/analyse.optim.biz\/index.php?rest_route=\/wp\/v2\/posts\/2026531","targetHints":{"allow":["GET"]}}],"collection":[{"href":"https:\/\/analyse.optim.biz\/index.php?rest_route=\/wp\/v2\/posts"}],"about":[{"href":"https:\/\/analyse.optim.biz\/index.php?rest_route=\/wp\/v2\/types\/post"}],"author":[{"embeddable":true,"href":"https:\/\/analyse.optim.biz\/index.php?rest_route=\/wp\/v2\/users\/1"}],"replies":[{"embeddable":true,"href":"https:\/\/analyse.optim.biz\/index.php?rest_route=%2Fwp%2Fv2%2Fcomments&post=2026531"}],"version-history":[{"count":0,"href":"https:\/\/analyse.optim.biz\/index.php?rest_route=\/wp\/v2\/posts\/2026531\/revisions"}],"wp:attachment":[{"href":"https:\/\/analyse.optim.biz\/index.php?rest_route=%2Fwp%2Fv2%2Fmedia&parent=2026531"}],"wp:term":[{"taxonomy":"category","embeddable":true,"href":"https:\/\/analyse.optim.biz\/index.php?rest_route=%2Fwp%2Fv2%2Fcategories&post=2026531"},{"taxonomy":"post_tag","embeddable":true,"href":"https:\/\/analyse.optim.biz\/index.php?rest_route=%2Fwp%2Fv2%2Ftags&post=2026531"}],"curies":[{"name":"wp","href":"https:\/\/api.w.org\/{rel}","templated":true}]}}