{"id":2026530,"date":"2026-07-02T18:02:16","date_gmt":"2026-07-02T15:02:16","guid":{"rendered":"https:\/\/analyse.optim.biz\/?p=2026530"},"modified":"2026-07-02T18:02:16","modified_gmt":"2026-07-02T15:02:16","slug":"un-alt-american-la-timisoara-baschetbalistul-a-mai-jucat-in-alte-7-campionate-europene-foto","status":"publish","type":"post","link":"https:\/\/analyse.optim.biz\/?p=2026530","title":{"rendered":"Un alt american la Timi\u0219oara. Baschetbalistul a mai jucat \u00een alte 7 campionate europene. FOTO"},"content":{"rendered":"<p>[analyse_image type=&#8221;featured&#8221; src=&#8221;https:\/\/www.opiniatimisoarei.ro\/wp-content\/uploads\/2026\/07\/fatten-728&#215;336.pnghttps:\/\/www.opiniatimisoarei.ro\/wp-content\/uploads\/2026\/07\/fatten.png&#8221;]<\/p>\n<div class=\"the_content\">\n<p><strong>TIMISOARA.<\/strong> SCM Timi\u0219oara continu\u0103 transferurile pentru noul sezon din baschetu\u0219l rom\u00e2nesc \u0219i a adus un alt juc\u0103tor de peste ocean.<\/p>\n<p><strong><span>CITE\u0218TE \u0218I:<\/span><a href=\"https:\/\/www.opiniatimisoarei.ro\/se-va-juca-fotbal-si-pe-acoperis-si-s-au-montat-scaunele-in-tribuna-stadiul-lucrarilor-la-stadionul-stiinta-din-timisoara-video\/02\/07\/2026\">Se va juca fotbal \u0219i pe acoperi\u0219 \u0219i s-au montat scaunele \u00een tribun\u0103. Stadiul lucr\u0103rilor la Stadionul \u0218tiin\u021ba din Timi\u0219oara. VIDEO<\/a><\/strong><\/p>\n<p>Skyler Tyrone Flatten este un juc\u0103tor de 1,96 metri, n\u0103scut \u00een Dakota de Sud, care acoper\u0103 pozi\u021biile 2 \u0219i 3. Flatten a \u00eemplinit 31 de ani chiar \u00een ziua \u00een care a semnat cu form,a\u021bia timi\u0219orean\u0103.<\/p>\n<p>\u00cen stagiunea precedent\u0103, americanul a \u00eembr\u0103cat maioul echipei KB Peja (Kosovo), iar anterior a mai jucat pentru Boras Basket (Suedia), Pinar Karsiyaka (Turcia), PAOK Salonic (Grecia), Lavrio BC (Grecia), Bakken Bears (Danemarca) \u0219i Kauhajoki Karhu (Finlanda).<\/p>\n<blockquote>\n<p>\u201c<strong>Sunt entuziasmat c\u0103 voi juca la Timi\u0219oara! Am auzit doar lucruri bune \u0219i foarte bune despre acest club \u0219i despre Rom\u00e2nia ca \u021bar\u0103. Sunt preg\u0103tit s\u0103 muncesc \u0219i sper c\u0103 vom avea un sezon memorabil at\u00e2t pentru club, c\u00e2t \u0219i pentru suporteri. Sunt ner\u0103bd\u0103tor s\u0103-mi cunosc noii colegi \u0219i noii antrenori cu care voi lucra<\/strong>\u201c, a spus Skyler Flatten, care va purta num\u0103rul 1 pe echipamentul de joc.<\/p>\n<\/blockquote>\n<p>Flatten este al doilea american ce vine la Timi\u0219oara, dup\u0103 ce clubul alb-violet a anun\u021bat pe Kahron Ross.<\/p>\n<p><img loading=\"lazy\" decoding=\"async\" class=\"alignnone size-full wp-image-882139\" src=\"https:\/\/www.opiniatimisoarei.ro\/wp-content\/uploads\/2026\/07\/kahron-ross.png\" alt=\"\" width=\"1080\" height=\"650\"><\/p>\n<p>N\u0103scut pe 6 octombrie 1995 la Jonesboro (SUA) el evolueaz\u0103 pe pozi\u021bia 1, iar \u00een stagiunea precedent\u0103 a \u00eembr\u0103cat maioul echipei finlandeze Helsinki Seagulls.<\/p>\n<p>\u00cen 43 de meciuri din sezonul 2025\/2026, Ross a avut medii de 15.9 puncte, 7.4 pase decisive \u0219i 2.1 intercep\u021bii.<\/p>\n<p>\u00cen carier\u0103 a mai jucat pentru: Karlsruhe (Germania), Vlaznia (Albania), Cheshire Phoenix (Marea Britanie), Aris Leeuwarden (\u021a\u0103rile de Jos), BC Nokia (Finlanda).<\/p>\n<blockquote>\n<p>\u201e<strong>\u00cemi doresc ca \u00een sezonul ce urmeaz\u0103 s\u0103 c\u00e2\u0219tig\u0103m c\u00e2t mai multe meciuri \u0219i s\u0103 ne batem pentru calificarea \u00een playoff. M\u0103 bucur c\u0103 am devenit component al acestei echipe \u0219i sunt ner\u0103bd\u0103tor s\u0103-i cunosc pe fanii Timi\u0219oarei<\/strong>\u201c, spune Kahron Ross.<\/p>\n<\/blockquote>\n<p>SCM Timi\u0219oara i-a mai adus \u00een aceast\u0103 var\u0103 pe David Robert Stan \u0219i Aurelian Gavriloaia.<\/p>\n<p>V\u0103 reamintim, SCM Politehnica a anun\u021bat desp\u0103r\u021birea de 8 juc\u0103tori: Marcu Badiu, George Blaj-Voinescu, Jalen Nesbitt, Adam Mirkovic, Devon Thomas, Dejan Bjelic, Sasa Borovniak \u0219i Bogic Vujosevic.<\/p>\n<p>***<\/p>\n<p><strong><span class=\"dia_suggestion w0\">Mai<\/span>\u00a0<span class=\"dia_suggestion w1\">multe<\/span>\u00a0<span class=\"dia_suggestion w2\">g\u0103si\u021bi<\/span>\u00a0pe\u00a0<span class=\"dia_suggestion w4\">pagina noastr<span class=\"dia_suggestion w0\">\u0103<\/span><\/span>\u00a0de\u00a0<a href=\"https:\/\/www.facebook.com\/OpiniaTM\/?ref=page_internal\" target=\"_blank\" rel=\"noopener\">Facebook opiniatimisoarei.ro<\/a>!<\/strong><\/p>\n<p><strong><span class=\"dia_suggestion w0\">Dac\u0103<\/span>\u00a0<span class=\"dia_suggestion w1\">a\u021bi<\/span>\u00a0fost martorii unui eveniment\u00a0<span class=\"dia_suggestion w6\">sau<\/span>\u00a0<span class=\"dia_suggestion w7\">ai<\/span>\u00a0unei\u00a0<span class=\"dia_suggestion w9\">situa\u021bii<\/span>\u00a0<span class=\"dia_suggestion w10\">neobi\u0219nuite<\/span>\u00a0<span class=\"dia_suggestion w11\">care<\/span>\u00a0ar\u00a0<span class=\"dia_suggestion w13\">putea<\/span>\u00a0deveni subiect de\u00a0<span class=\"dia_suggestion w17\">\u0219tire<\/span>,\u00a0<span class=\"dia_suggestion w18\">contacta\u021bi<\/span>-ne\u00a0<span class=\"dia_suggestion w20\">la<\/span>\u00a0<a href=\"https:\/\/www.opiniatimisoarei.ro\/cdn-cgi\/l\/email-protection\" class=\"__cf_email__\" data-cfemail=\"661403020705120f032609160f080f07120f0b0f15090714030f481409\">[email\u00a0protected]<\/a>,\u00a0 pe\u00a0<a href=\"https:\/\/www.facebook.com\/OpiniaTM\">FB<\/a>\u00a0sau pe contul nostru de\u00a0<a href=\"https:\/\/www.instagram.com\/opiniatimisoarei.ro\/\" target=\"_blank\" rel=\"noopener\">Instagram<\/a>!<\/strong><\/p>\n<p><strong><span>CITESTE SI:<\/span>\u00a0<a href=\"https:\/\/www.opiniatimisoarei.ro\/afli-primul-tot-ceea-ce-se-intampla-cu-adevarat-important-in-timisoara-si-in-regiune-cu-aplicatia-de-stiri-opinia-timisoarei-3-tipuri-de-alerte-te-tin-mereu-conectat-la-evenimente-descarca-gratuit-a\/31\/10\/2022\">Afli primul tot ceea ce se intampla cu adevarat important in Timisoara si in regiune cu Aplicatia de stiri Opinia Timisoarei. 3 tipuri de alerte te tin mereu conectat la evenimente. Descarca gratuit Aplicatia OT aici!<\/a><\/strong><\/p>\n<\/div>\n<p>[analyse_source url=&#8221;https:\/\/www.opiniatimisoarei.ro\/un-alt-american-la-timisoara-baschetbalistul-a-mai-jucat-in-alte-7-campionate-europene-foto\/02\/07\/2026&#8243;]<\/p>\n","protected":false},"excerpt":{"rendered":"<p>[analyse_image type=&#8221;featured&#8221; src=&#8221;https:\/\/www.opiniatimisoarei.ro\/wp-content\/uploads\/2026\/07\/fatten-728&#215;336.pnghttps:\/\/www.opiniatimisoarei.ro\/wp-content\/uploads\/2026\/07\/fatten.png&#8221;] TIMISOARA. SCM Timi\u0219oara continu\u0103 transferurile pentru noul sezon din baschetu\u0219l rom\u00e2nesc \u0219i a adus un alt juc\u0103tor de peste ocean. CITE\u0218TE \u0218I:Se va juca fotbal \u0219i pe acoperi\u0219 \u0219i s-au montat scaunele \u00een tribun\u0103. Stadiul lucr\u0103rilor la Stadionul \u0218tiin\u021ba din Timi\u0219oara. VIDEO Skyler Tyrone Flatten este un juc\u0103tor de 1,96 metri, n\u0103scut [&hellip;]<\/p>\n","protected":false},"author":1,"featured_media":0,"comment_status":"open","ping_status":"","sticky":false,"template":"","format":"standard","meta":{"footnotes":""},"categories":[89],"tags":[226,190],"class_list":["post-2026530","post","type-post","status-publish","format-standard","hentry","category-romania","tag-crawlmanager","tag-opiniatimisoarei-ro"],"_links":{"self":[{"href":"https:\/\/analyse.optim.biz\/index.php?rest_route=\/wp\/v2\/posts\/2026530","targetHints":{"allow":["GET"]}}],"collection":[{"href":"https:\/\/analyse.optim.biz\/index.php?rest_route=\/wp\/v2\/posts"}],"about":[{"href":"https:\/\/analyse.optim.biz\/index.php?rest_route=\/wp\/v2\/types\/post"}],"author":[{"embeddable":true,"href":"https:\/\/analyse.optim.biz\/index.php?rest_route=\/wp\/v2\/users\/1"}],"replies":[{"embeddable":true,"href":"https:\/\/analyse.optim.biz\/index.php?rest_route=%2Fwp%2Fv2%2Fcomments&post=2026530"}],"version-history":[{"count":0,"href":"https:\/\/analyse.optim.biz\/index.php?rest_route=\/wp\/v2\/posts\/2026530\/revisions"}],"wp:attachment":[{"href":"https:\/\/analyse.optim.biz\/index.php?rest_route=%2Fwp%2Fv2%2Fmedia&parent=2026530"}],"wp:term":[{"taxonomy":"category","embeddable":true,"href":"https:\/\/analyse.optim.biz\/index.php?rest_route=%2Fwp%2Fv2%2Fcategories&post=2026530"},{"taxonomy":"post_tag","embeddable":true,"href":"https:\/\/analyse.optim.biz\/index.php?rest_route=%2Fwp%2Fv2%2Ftags&post=2026530"}],"curies":[{"name":"wp","href":"https:\/\/api.w.org\/{rel}","templated":true}]}}