{"id":2026529,"date":"2026-07-03T15:46:33","date_gmt":"2026-07-03T12:46:33","guid":{"rendered":"https:\/\/analyse.optim.biz\/?p=2026529"},"modified":"2026-07-03T15:46:33","modified_gmt":"2026-07-03T12:46:33","slug":"au-curs-contestatiile-la-evaluarea-nationala-in-timis-emotiile-continua-pentru-absolventii-de-gimnaziu-si-parinti","status":"publish","type":"post","link":"https:\/\/analyse.optim.biz\/?p=2026529","title":{"rendered":"Au curs contesta\u021biile la Evaluarea Na\u021bional\u0103 \u00een Timi\u0219. Emo\u021biile continu\u0103 pentru absolven\u021bii de gimnaziu \u0219i p\u0103rin\u021bi"},"content":{"rendered":"<p>[analyse_image type=&#8221;featured&#8221; src=&#8221;https:\/\/www.opiniatimisoarei.ro\/wp-content\/uploads\/2022\/06\/rezultate-evaluare-nationala-728&#215;336.jpghttps:\/\/www.opiniatimisoarei.ro\/wp-content\/uploads\/2022\/06\/rezultate-evaluare-nationala.jpg&#8221;]<\/p>\n<div class=\"the_content\">\n<p><strong>TIMI\u0218OARA.<\/strong> Peste 600 de contesta\u021bii depuse de elevii din Timi\u0219 dup\u0103 afi\u0219area rezultatelor ini\u021biale la Evaluarea Na\u021bional\u0103, la toate cele trei probe de examen.<\/p>\n<p><strong><span>CITE\u0218TE \u0218I:<\/span><a href=\"https:\/\/www.opiniatimisoarei.ro\/evenimente-in-18-locuri-din-cartiere-de-ziua-timisoarei-vezi-programul\/03\/07\/2026\">Evenimente in 18 locuri din cartiere de Ziua Timisoarei. Vezi programul!<\/a><\/strong><\/p>\n<p>Cele mai multe au fost depuse la Limba \u0219i Literatura Rom\u00e2n\u0103, 385, pentru ca la matematic\u0103 211 elevi s\u0103 fie nemul\u021bumi\u021bi de nota ob\u021binut\u0103.<\/p>\n<p>Alte 10 contesta\u021bii au fost depuse la proba de Limb\u0103 matern\u0103.<\/p>\n<p>Rezolvarea contesta\u021biilor se va publica \u00een 4 iulie, iar rezultatele final\u0103 vor fi afi\u0219ate \u00een 8 iulie.<\/p>\n<p>V\u0103 reamintim, \u00een Timi\u0219, la Evaluarea Na\u021bional\u0103, niciun candidat nu a ob\u021binut media 10. Cea mai mare medie este 9,95.<\/p>\n<p>Sunt dou\u0103 astfel de medii, ob\u021binute de catre un candidat de la \u0218coala Gimnazial\u0103 nr. 24 \u0219i de un altul de la \u0218coala Gimnazial\u0103 nr. 30 din Timi\u0219oara.<\/p>\n<p>Totusi, sunt 21 de note de 10 la Limba \u0219i Literatura Rom\u00e2n\u0103 \u0219i alte 3 note de 10 la Matematic\u0103. \u0218colarii \u00eenscri\u0219i la proba de Limb\u0103 Matern\u0103 au ob\u021binut 4 note de 10.<\/p>\n<p>Din totalul celor 5068 de candida\u021bi prezen\u021bi la toate probele, 4026 au ob\u021binut media peste 5. \u00cen proba de Limba si Literatura Rom\u00e2n\u0103, din cei 5079 de elevi prezen\u021bi, 4231 au avut medii peste 5.<\/p>\n<p>\u00cen proba de matematic\u0103, din 5071 de \u0219colari prezen\u021bi, 3808 au ob\u021binut medii peste 5,<\/p>\n<p>\u00cen proba de Limb\u0103 Matern\u0103, din 231 de elevi prezen\u021bi, 220 au ob\u021binut peste 5.<\/p>\n<p>***<\/p>\n<p><strong><span class=\"dia_suggestion w0\">Mai<\/span>\u00a0<span class=\"dia_suggestion w1\">multe<\/span>\u00a0<span class=\"dia_suggestion w2\">g\u0103si\u021bi<\/span>\u00a0pe\u00a0<span class=\"dia_suggestion w4\">pagina noastr<span class=\"dia_suggestion w0\">\u0103<\/span><\/span>\u00a0de\u00a0<a href=\"https:\/\/www.facebook.com\/OpiniaTM\/?ref=page_internal\" target=\"_blank\" rel=\"noopener\">Facebook opiniatimisoarei.ro<\/a>!<\/strong><\/p>\n<p><strong><span class=\"dia_suggestion w0\">Dac\u0103<\/span>\u00a0<span class=\"dia_suggestion w1\">a\u021bi<\/span>\u00a0fost martorii unui eveniment\u00a0<span class=\"dia_suggestion w6\">sau<\/span>\u00a0<span class=\"dia_suggestion w7\">ai<\/span>\u00a0unei\u00a0<span class=\"dia_suggestion w9\">situa\u021bii<\/span>\u00a0<span class=\"dia_suggestion w10\">neobi\u0219nuite<\/span>\u00a0<span class=\"dia_suggestion w11\">care<\/span>\u00a0ar\u00a0<span class=\"dia_suggestion w13\">putea<\/span>\u00a0deveni subiect de\u00a0<span class=\"dia_suggestion w17\">\u0219tire<\/span>,\u00a0<span class=\"dia_suggestion w18\">contacta\u021bi<\/span>-ne\u00a0<span class=\"dia_suggestion w20\">la<\/span>\u00a0<a href=\"https:\/\/www.opiniatimisoarei.ro\/cdn-cgi\/l\/email-protection\" class=\"__cf_email__\" data-cfemail=\"c3b1a6a7a2a0b7aaa683acb3aaadaaa2b7aaaeaab0aca2b1a6aaedb1ac\">[email\u00a0protected]<\/a>,\u00a0 pe\u00a0<a href=\"https:\/\/www.facebook.com\/OpiniaTM\">FB<\/a>\u00a0sau pe contul nostru de\u00a0<a href=\"https:\/\/www.instagram.com\/opiniatimisoarei.ro\/\" target=\"_blank\" rel=\"noopener\">Instagram<\/a>!<\/strong><\/p>\n<p><strong><span>CITESTE SI:<\/span>\u00a0<a href=\"https:\/\/www.opiniatimisoarei.ro\/afli-primul-tot-ceea-ce-se-intampla-cu-adevarat-important-in-timisoara-si-in-regiune-cu-aplicatia-de-stiri-opinia-timisoarei-3-tipuri-de-alerte-te-tin-mereu-conectat-la-evenimente-descarca-gratuit-a\/31\/10\/2022\">Afli primul tot ceea ce se intampla cu adevarat important in Timisoara si in regiune cu Aplicatia de stiri Opinia Timisoarei. 3 tipuri de alerte te tin mereu conectat la evenimente. Descarca gratuit Aplicatia OT aici!<\/a><\/strong><\/p>\n<\/div>\n<p>[analyse_source url=&#8221;https:\/\/www.opiniatimisoarei.ro\/emotiile-continua-pentru-absolventii-de-gimnaziu-si-parinti-au-curs-contestatiile-la-evaluarea-nationala-in-timis\/03\/07\/2026&#8243;]<\/p>\n","protected":false},"excerpt":{"rendered":"<p>[analyse_image type=&#8221;featured&#8221; src=&#8221;https:\/\/www.opiniatimisoarei.ro\/wp-content\/uploads\/2022\/06\/rezultate-evaluare-nationala-728&#215;336.jpghttps:\/\/www.opiniatimisoarei.ro\/wp-content\/uploads\/2022\/06\/rezultate-evaluare-nationala.jpg&#8221;] TIMI\u0218OARA. Peste 600 de contesta\u021bii depuse de elevii din Timi\u0219 dup\u0103 afi\u0219area rezultatelor ini\u021biale la Evaluarea Na\u021bional\u0103, la toate cele trei probe de examen. CITE\u0218TE \u0218I:Evenimente in 18 locuri din cartiere de Ziua Timisoarei. Vezi programul! Cele mai multe au fost depuse la Limba \u0219i Literatura Rom\u00e2n\u0103, 385, pentru ca la matematic\u0103 [&hellip;]<\/p>\n","protected":false},"author":1,"featured_media":0,"comment_status":"open","ping_status":"","sticky":false,"template":"","format":"standard","meta":{"footnotes":""},"categories":[89],"tags":[226,190],"class_list":["post-2026529","post","type-post","status-publish","format-standard","hentry","category-romania","tag-crawlmanager","tag-opiniatimisoarei-ro"],"_links":{"self":[{"href":"https:\/\/analyse.optim.biz\/index.php?rest_route=\/wp\/v2\/posts\/2026529","targetHints":{"allow":["GET"]}}],"collection":[{"href":"https:\/\/analyse.optim.biz\/index.php?rest_route=\/wp\/v2\/posts"}],"about":[{"href":"https:\/\/analyse.optim.biz\/index.php?rest_route=\/wp\/v2\/types\/post"}],"author":[{"embeddable":true,"href":"https:\/\/analyse.optim.biz\/index.php?rest_route=\/wp\/v2\/users\/1"}],"replies":[{"embeddable":true,"href":"https:\/\/analyse.optim.biz\/index.php?rest_route=%2Fwp%2Fv2%2Fcomments&post=2026529"}],"version-history":[{"count":0,"href":"https:\/\/analyse.optim.biz\/index.php?rest_route=\/wp\/v2\/posts\/2026529\/revisions"}],"wp:attachment":[{"href":"https:\/\/analyse.optim.biz\/index.php?rest_route=%2Fwp%2Fv2%2Fmedia&parent=2026529"}],"wp:term":[{"taxonomy":"category","embeddable":true,"href":"https:\/\/analyse.optim.biz\/index.php?rest_route=%2Fwp%2Fv2%2Fcategories&post=2026529"},{"taxonomy":"post_tag","embeddable":true,"href":"https:\/\/analyse.optim.biz\/index.php?rest_route=%2Fwp%2Fv2%2Ftags&post=2026529"}],"curies":[{"name":"wp","href":"https:\/\/api.w.org\/{rel}","templated":true}]}}