{"id":2026522,"date":"2026-07-03T18:57:30","date_gmt":"2026-07-03T15:57:30","guid":{"rendered":"https:\/\/analyse.optim.biz\/?p=2026522"},"modified":"2026-07-03T18:57:30","modified_gmt":"2026-07-03T15:57:30","slug":"radicalizare-nationala-nicusor-dan-spune-ca-nu-va-mai-prezenta-niciun-raport-despre-anularea-alegerilor-din-2024-mergem-peste-el","status":"publish","type":"post","link":"https:\/\/analyse.optim.biz\/?p=2026522","title":{"rendered":"RADICALIZARE NA\u021aIONAL\u0102: Nicu\u0219or Dan spune c\u0103 nu va mai prezenta niciun raport despre ANULAREA ALEGERILOR DIN 2024! Mergem peste el!"},"content":{"rendered":"<p>[analyse_image type=&#8221;featured&#8221; src=&#8221;https:\/\/ortodoxinfo.ro\/wp-content\/uploads\/2026\/07\/Screenshot_20260703_214910_Facebook.jpghttps:\/\/ortodoxinfo.ro\/wp-content\/uploads\/2026\/07\/Screenshot_20260703_214910_Facebook.jpg&#8221;]<\/p>\n<article id=\"post-245304\" class=\"post-245304 post type-post status-publish format-standard has-post-thumbnail category-lupta-pentru-romania tag-raport-anularea-alegerilor\">\n<header class=\"single-header\">\n<aside class=\"breadcrumb-wrap breadcrumb-yoast s-breadcrumb\">\n<div class=\"breadcrumb-inner\"><span><span><a href=\"https:\/\/ortodoxinfo.ro\/\">Prima pagin\u0103<\/a><\/span> \u00bb <span><a href=\"https:\/\/ortodoxinfo.ro\/blog\/\">Blog<\/a><\/span> \u00bb <span class=\"breadcrumb_last\" aria-current=\"page\">RADICALIZARE NA\u021aIONAL\u0102: Nicu\u0219or Dan spune c\u0103 nu va mai prezenta niciun raport despre ANULAREA ALEGERILOR DIN 2024! Mergem peste el!<\/span><\/span><\/div>\n<\/aside>\n<h1 class=\"s-title fw-headline\">RADICALIZARE NA\u021aIONAL\u0102: Nicu\u0219or Dan spune c\u0103 nu va mai prezenta niciun raport despre ANULAREA ALEGERILOR DIN 2024! Mergem peste el!<\/h1>\n<div class=\"single-meta meta-s-default yes-0\">\n<div class=\"smeta-in\"><a class=\"meta-el meta-avatar\" href=\"https:\/\/ortodoxinfo.ro\/author\/redactor\/\"><img loading=\"lazy\" decoding=\"async\" alt=\"OrtodoxINFO\" src=\"https:\/\/secure.gravatar.com\/avatar\/21010332354a182ce4de6016685c5586f21c51866d0ec5bc8ef383240b3c3e02?s=120&amp;r=g\" class=\"avatar avatar-120 photo\" height=\"120\" width=\"120\"><\/a><\/p>\n<div class=\"smeta-sec\">\n<div class=\"p-meta\">\n<div class=\"meta-inner is-meta\"><span class=\"meta-el meta-date\"><time datetime=\"2026-07-03T21:58:44+03:00\">3 iulie 2026<\/time><\/span><span class=\"meta-el meta-category meta-bold\"><a class=\"meta-separate category-19866\" href=\"https:\/\/ortodoxinfo.ro\/category\/lupta-pentru-romania\/\">Lupt\u0103 pentru Rom\u00e2nia<\/a><\/span><span class=\"meta-el meta-view\">19.1k vizualiz\u0103ri\t\t<\/span><span class=\"meta-el meta-comment mobile-last-meta tablet-last-meta\"><a href=\"https:\/\/ortodoxinfo.ro\/2026\/07\/03\/radicalizare-nationala-nicusor-dan-spune-ca-nu-va-mai-prezenta-niciun-raport-despre-anularea-alegerilor-din-2024-mergem-peste-el\/#comments\">1 comentariu<\/a><\/span><\/div>\n<\/div>\n<\/div>\n<\/div>\n<div class=\"smeta-extra\">\n<div class=\"t-shared-sec tooltips-n has-read-meta is-color\">\n<div class=\"t-shared-header is-meta\"><span class=\"share-label\">Share<\/span><\/div>\n<\/div>\n<div class=\"single-right-meta single-time-read is-meta\"><span class=\"meta-el meta-read\">3 Min Read<\/span><\/div>\n<\/div>\n<\/div>\n<\/header>\n<div class=\"grid-container\">\n<div class=\"s-ct\">\n<div class=\"s-feat-outer\">\n<div class=\"s-feat\">\n<div class=\"featured-lightbox-trigger\" data-source=\"https:\/\/ortodoxinfo.ro\/wp-content\/uploads\/2026\/07\/Screenshot_20260703_214910_Facebook.jpg\" data-caption data-attribution><img fetchpriority=\"high\" decoding=\"async\" width=\"860\" height=\"485\" src=\"https:\/\/ortodoxinfo.ro\/wp-content\/uploads\/2026\/07\/Screenshot_20260703_214910_Facebook-860x485.jpg\" class=\"attachment-foxiz_crop_o1 size-foxiz_crop_o1 wp-post-image\" alt loading=\"eager\"><\/div>\n<\/div>\n<\/div>\n<div class=\"s-ct-wrap has-lsl\">\n<div class=\"s-ct-inner\">\n<div class=\"l-shared-sec-outer show-mobile\">\n<div class=\"l-shared-sec\">\n<div class=\"l-shared-header meta-text\"><span class=\"share-label\">SHARE<\/span><\/div>\n<\/div>\n<\/div>\n<div class=\"e-ct-outer\">\n<div class=\"entry-top\">\n<div id=\"custom_html-3\" class=\"widget_text widget entry-widget clearfix widget_custom_html\">\n<div class=\"textwidget custom-html-widget\">\n<div><small><br \/>\n    OrtodoxINFO este supus unui sabotaj sistematic din partea reprezentan\u021bilor Google Rom\u00e2nia, at\u00e2t la afi\u0219\u0103ri c\u00e2t \u0219i \u00een rezultatele de c\u0103utare.<br \/>\n        Astfel c\u0103 veniturile din publicitate au sc\u0103zut de p\u00e2n\u0103 la <strong>10 ori<\/strong>. Situa\u021bia este similar\u0103 \u0219i pe Facebook.<\/p>\n<p>        V\u0103 invit\u0103m s\u0103 accesa\u021bi direct site-ul \u0219i s\u0103 v\u0103 abona\u021bi la notific\u0103ri.<\/p>\n<p>    Dac\u0103 dori\u021bi s\u0103 ne sus\u021bine\u021bi \u00een aceast\u0103 perioad\u0103 dificil\u0103, orice <a href=\"https:\/\/ortodoxinfo.ro\/donatii\/\">dona\u021bie<\/a> este binevenit\u0103.<br \/>\n    Dumnezeu s\u0103 v\u0103 r\u0103spl\u0103teasc\u0103!<br \/>\n<\/small><\/div>\n<\/div>\n<\/div>\n<\/div>\n<div class=\"entry-content rbct clearfix is-highlight-shares\">\n<p>Nicu\u0219or Dan recunoa\u0219te c\u0103 nu va prezenta niciun raport privind anularea alegerilor. Zilele acestea, la Palatul Cotroceni a avut o \u00eent\u00e2lnire \u00eentre Harpalete \u0219i ambasadori UE acredita\u021bi la Bucure\u0219ti. Acolo, individul le-ar fi spus clar diploma\u021bilor str\u0103ini s\u0103 nu mai a\u0219tepte niciun raport pentru c\u0103 el nu exist\u0103, iar dac\u0103 informa\u021biile ar fi f\u0103cute publice, atunci concluzia ar fi c\u0103 a fost o lovitur\u0103 de stat.<\/p>\n<p>Chiar liderul AUR, George Simion a vorbit \u00een interviul de azi despre aceast\u0103 \u00eent\u00e2lnire.<\/p>\n<blockquote>\n<p>\u201eNicu\u0219or Dan le-a spus ambasadorilor UE c\u0103 nu va exista niciun raport cu privire la anularea alegerilor. Dovezile nu sunt credibile pentru societate. Trebuie doar s\u0103 o spun\u0103 \u0219i public pentru cet\u0103\u021benii rom\u00e2ni.<\/p>\n<p>Nu va fi publicat niciun raport pentru c\u0103 dovezile str\u00e2nse p\u00e2n\u0103 acum nu ar fi credibile pentru societatea rom\u00e2neasc\u0103. Deci nu exist\u0103 nicio dovad\u0103 cu privire la anularea alegerilor. Un raport mult mai bun a f\u0103cut colega mea, doamna deputat Laura Gherasim, pre\u0219edinta Comisiei pentru Abuzuri\u201d, a declarat George Simion.<\/p>\n<\/blockquote>\n<p>Iat\u0103 c\u0103 Nicu\u0219or Dan recunoa\u0219te la \u00eent\u00e2lnire c\u0103 nu va da un r\u0103spuns rom\u00e2nilor, de fric\u0103 c\u0103 publicarea acestor date nu ar face altceva dec\u00e2t s\u0103 agite spiritele \u0219i s\u0103 provoace haos \u00een \u00eentreaga \u021bar\u0103. Dar tocmai nepublicarea niciunui raport ar putea declan\u0219a proteste de amploare chiar la por\u021bile Cotroceniului!<\/p>\n<p>Iat\u0103 c\u0103 ne confirm\u0103 tuturor c\u0103 a fost vorba despre lovitur\u0103 de stat orchestrat\u0103 de Klaus Johannis, Marcel Ciolacu \u0219i to\u021bi cei care au urmat dup\u0103. Vorbim de o tr\u0103dare na\u021bional\u0103 de o gravitate f\u0103r\u0103 precedent.<\/p>\n<p>De aceea, Harpalete Dan pl\u0103te\u0219te lun\u0103 de lun\u0103 c\u00e2te 500.000 de euro c\u0103tre firme americane pentru ca SUA s\u0103-l recunoasc\u0103 drept pre\u0219edinte al Rom\u00e2niei, de\u0219i p\u00e2n\u0103 acum este considerat ilegitim.<\/p>\n<p>Totul se cump\u0103r\u0103 pe bani grei din buzunarele noastre, \u00een timp ce marile puteri \u0219i oficialii occidentali \u00eei asigur\u0103 sprijinul politic \u00een schimbul t\u0103cerii \u0219i al supunerii totale.<\/p>\n<p>Acesta este motivul suprem pentru suspendarea lui cu Nicu\u0219or Dan. Nu po\u021bi s\u0103-\u021bi ba\u021bi joc de o \u021bar\u0103 \u00eentreag\u0103, s\u0103 min\u021bi cu bun\u0103 \u0219tiin\u021b\u0103, ascunz\u00e2nd realitatea acelor zile, \u00een timp ce te vinzi intereselor str\u0103ine.<\/p>\n<p>Rom\u00e2nii trebuie s\u0103 se revolte \u00een cel mai radical mod, s\u0103 fie proteste de amploare care s\u0103 m\u0103ture marioneta de la Cotroceni, cu tot cu sistemul care l-a instalat acolo. Primul pe list\u0103 este <a href=\"https:\/\/ortodoxinfo.ro\/2026\/06\/02\/pahontu-sobolanul-care-trebuie-extirpat-din-structurile-statului-roman\/\">\u0219obolanul Pahon\u021bu<\/a>! Trezirea rom\u00e2ni, scoate\u021bi sabia din teac\u0103!<\/p>\n<\/div>\n<div class=\"efoot efoot-commas h5\">\n<div class=\"efoot-bar tag-bar\"><span class=\"blabel is-meta\">TAGGED:<\/span><a href=\"https:\/\/ortodoxinfo.ro\/tag\/raport-anularea-alegerilor\/\" rel=\"tag\">Raport anularea alegerilor<\/a><\/div>\n<\/div>\n<\/div>\n<\/div>\n<div class=\"e-shared-sec entry-sec\">\n<div class=\"e-shared-header h4\"><span>Distribuie<\/span><\/div>\n<div class=\"rbbsl tooltips-n effect-fadeout is-bg\"><a class=\"share-action share-trigger icon-facebook\" aria-label=\"Share on Facebook\" href=\"https:\/\/www.facebook.com\/sharer.php?u=https%3A%2F%2Fortodoxinfo.ro%2F2026%2F07%2F03%2Fradicalizare-nationala-nicusor-dan-spune-ca-nu-va-mai-prezenta-niciun-raport-despre-anularea-alegerilor-din-2024-mergem-peste-el%2F\" data-title=\"Facebook\" rel=\"nofollow\"><span>Facebook<\/span><\/a><a class=\"share-action share-trigger icon-twitter\" aria-label=\"Share on X\" href=\"https:\/\/twitter.com\/intent\/tweet?text=RADICALIZARE+NA%C8%9AIONAL%C4%82%3A+Nicu%C8%99or+Dan+spune+c%C4%83+nu+va+mai+prezenta+niciun+raport+despre+ANULAREA+ALEGERILOR+DIN+2024%21+Mergem+peste+el%21&amp;url=https%3A%2F%2Fortodoxinfo.ro%2F2026%2F07%2F03%2Fradicalizare-nationala-nicusor-dan-spune-ca-nu-va-mai-prezenta-niciun-raport-despre-anularea-alegerilor-din-2024-mergem-peste-el%2F&amp;via=ortodoxinforo\" data-title=\"X\" rel=\"nofollow\"><span>X<\/span><\/a><a class=\"share-action icon-whatsapp is-web\" aria-label=\"Share on Whatsapp\" href=\"https:\/\/web.whatsapp.com\/send?text=RADICALIZARE+NA%C8%9AIONAL%C4%82%3A+Nicu%C8%99or+Dan+spune+c%C4%83+nu+va+mai+prezenta+niciun+raport+despre+ANULAREA+ALEGERILOR+DIN+2024%21+Mergem+peste+el%21%20%E2%98%9E%20https%3A%2F%2Fortodoxinfo.ro%2F2026%2F07%2F03%2Fradicalizare-nationala-nicusor-dan-spune-ca-nu-va-mai-prezenta-niciun-raport-despre-anularea-alegerilor-din-2024-mergem-peste-el%2F\" target=\"_blank\" data-title=\"WhatsApp\" rel=\"nofollow\"><span>Whatsapp<\/span><\/a><a class=\"share-action icon-whatsapp is-mobile\" aria-label=\"Share on Whatsapp\" href=\"\/\/send?text=RADICALIZARE+NA%C8%9AIONAL%C4%82%3A+Nicu%C8%99or+Dan+spune+c%C4%83+nu+va+mai+prezenta+niciun+raport+despre+ANULAREA+ALEGERILOR+DIN+2024%21+Mergem+peste+el%21%20%E2%98%9E%20https%3A%2F%2Fortodoxinfo.ro%2F2026%2F07%2F03%2Fradicalizare-nationala-nicusor-dan-spune-ca-nu-va-mai-prezenta-niciun-raport-despre-anularea-alegerilor-din-2024-mergem-peste-el%2F\" target=\"_blank\" data-title=\"WhatsApp\" rel=\"nofollow\"><span>Whatsapp<\/span><\/a><a class=\"share-action share-trigger icon-telegram\" aria-label=\"Share on Telegram\" href=\"https:\/\/t.me\/share\/?url=https%3A%2F%2Fortodoxinfo.ro%2F2026%2F07%2F03%2Fradicalizare-nationala-nicusor-dan-spune-ca-nu-va-mai-prezenta-niciun-raport-despre-anularea-alegerilor-din-2024-mergem-peste-el%2F&amp;text=RADICALIZARE+NA%C8%9AIONAL%C4%82%3A+Nicu%C8%99or+Dan+spune+c%C4%83+nu+va+mai+prezenta+niciun+raport+despre+ANULAREA+ALEGERILOR+DIN+2024%21+Mergem+peste+el%21\" data-title=\"Telegram\" rel=\"nofollow\"><span>Telegram<\/span><\/a><a class=\"share-action icon-copy copy-trigger\" aria-label=\"Copy Link\" href=\"https:\/\/ortodoxinfo.ro\/2026\/07\/03\/radicalizare-nationala-nicusor-dan-spune-ca-nu-va-mai-prezenta-niciun-raport-despre-anularea-alegerilor-din-2024-mergem-peste-el\/\" data-copied=\"Copied!\" data-link=\"https:\/\/ortodoxinfo.ro\/2026\/07\/03\/radicalizare-nationala-nicusor-dan-spune-ca-nu-va-mai-prezenta-niciun-raport-despre-anularea-alegerilor-din-2024-mergem-peste-el\/\" rel=\"nofollow\" data-copy=\"Copy Link\"><span>Copy Link<\/span><\/a><a class=\"share-action icon-print\" aria-label=\"Print\" rel=\"nofollow\" data-title=\"Print\"><span>Print<\/span><\/a><\/div>\n<\/div>\n<\/div>\n<div id=\"tabs\" class=\"dntplgn_form_wrapper\"><span><\/p>\n<h2>\u0218tirile sunt sub cenzur\u0103! Sprijini\u021bi OrtodoxINFO!<\/h2>\n<p>Guvernul nu dore\u0219te aflarea adev\u0103rului despre lovitura de stat \u0219i \u00eengenuncherea Rom\u00e2niei. \u00cencerc\u0103m s\u0103 men\u021binem viu acest site \u0219i s\u0103 v\u0103 punem la dispozi\u021bie informa\u021bii care s\u0103 fac\u0103 lumin\u0103 \u00een cea mai mare provocare pe care o tr\u0103im. Jurnalismul independent al portalului OrtodoxINFO func\u021bioneaz\u0103 strict cu ajutorul cititorilor.<br \/>\nNe pute\u021bi sprijini printr-o <b><a href=\"https:\/\/ortodoxinfo.ro\/donatii\/\">dona\u021bie bancar\u0103<\/a> sau prin PayPal, complet\u00e2nd formularul de mai jos.<\/b><\/span><\/p>\n<ul>\n<li><a href=\"https:\/\/ortodoxinfo.ro\/2026\/07\/03\/radicalizare-nationala-nicusor-dan-spune-ca-nu-va-mai-prezenta-niciun-raport-despre-anularea-alegerilor-din-2024-mergem-peste-el\/#tabs-1\">Dona\u021bie lunar\u0103<\/a><\/li>\n<li><a href=\"https:\/\/ortodoxinfo.ro\/2026\/07\/03\/radicalizare-nationala-nicusor-dan-spune-ca-nu-va-mai-prezenta-niciun-raport-despre-anularea-alegerilor-din-2024-mergem-peste-el\/#tabs-2\">Doar acum<\/a><\/li>\n<\/ul>\n<div id=\"tabs-1\"><img loading=\"lazy\" decoding=\"async\" alt border=\"0\" src=\"https:\/\/www.paypalobjects.com\/en_US\/i\/scr\/pixel.gif\" width=\"1\" height=\"1\"><\/div>\n<div id=\"tabs-2\">\n<p>\t\t     \u20ac<\/p>\n<p>\t\t    <img loading=\"lazy\" decoding=\"async\" alt border=\"0\" src=\"https:\/\/www.paypalobjects.com\/en_US\/i\/scr\/pixel.gif\" width=\"1\" height=\"1\"><\/div>\n<p>Mul\u021bumim celor care ne-au ajutat p\u00e2n\u0103 acum!\n\t<\/p><\/div>\n<div class=\"comment-box-wrap entry-sec\">\n<div class=\"comment-box-header\"><span class=\"h3\">1 comentariu<\/span><\/div>\n<div class=\"comment-holder\">\n<div id=\"comments\" class=\"comments-area\">\n<div class=\"rb-section\">\n<ul class=\"comment-list entry\">\n<li id=\"comment-250352\" class=\"comment even thread-even depth-1\">\n<article id=\"div-comment-250352\" class=\"comment-body\">\n<footer class=\"comment-meta\">\n<div class=\"comment-author vcard\"><img loading=\"lazy\" decoding=\"async\" alt src=\"https:\/\/secure.gravatar.com\/avatar\/132fd989bad4ee2d55aa9692aa73d0475d12ca598eaa976fcddf813d6586cb5e?s=100&amp;r=g\" class=\"avatar avatar-100 photo\" height=\"100\" width=\"100\"><b class=\"fn\">Magda<\/b><span class=\"says\">spune:<\/span><\/div>\n<div class=\"comment-metadata\"><a href=\"https:\/\/ortodoxinfo.ro\/2026\/07\/03\/radicalizare-nationala-nicusor-dan-spune-ca-nu-va-mai-prezenta-niciun-raport-despre-anularea-alegerilor-din-2024-mergem-peste-el\/#comment-250352\"><time datetime=\"2026-07-03T23:11:14+03:00\">3 iulie 2026 la 23:11<\/time><\/a><\/div>\n<\/footer>\n<div class=\"comment-content\">\n<p>Acest lucru se \u00eent\u00e2mpl\u0103 de 35 de ani. Cei care au dat lovitura de stat, din decembrie 1989, au \u00eenfiin\u021bat un stat ilegal \u0219i toate institu\u021biile acestui stat, toate alegerile au fost ilegale, fraudate, to\u021bi pre\u0219edin\u021bii acestui stat ordinar, criminal nu  sunt rom\u00e2ni, sunt tr\u0103d\u0103tori cripto evrei, askenazi, cu nume false rom\u00e2ne\u0219ti. \u00cen decembrie 1989, revolu\u021bionarii rom\u00e2ni au fost \u00eempu\u0219ca\u021bi, iar cei care nu au fost asasinati, au r\u0103mas pe strad\u0103, \u00een timp ce conspiratorii, \u00eempreun\u0103 cu armata, au dat lovitura de stat, au pus m\u00e2na pe putere \u0219i \u0219i-au \u00eenfiin\u021bat statul lor, au justi\u021bia lor, parlamentul lor, partidele lor politice, care ii reprezint\u0103 pe cripto evreii askenazi, pe \u021bigani, pe unguri, iar rom\u00e2nii sunt sp\u0103la\u021bi pe creier \u0219i se duc la vot \u0219i le legitimeaza sistemul.<\/p>\n<\/div>\n<div class=\"reply\"><a rel=\"nofollow\" class=\"comment-reply-link\" href=\"https:\/\/ortodoxinfo.ro\/2026\/07\/03\/radicalizare-nationala-nicusor-dan-spune-ca-nu-va-mai-prezenta-niciun-raport-despre-anularea-alegerilor-din-2024-mergem-peste-el\/#comment-250352\" data-commentid=\"250352\" data-postid=\"245304\" data-belowelement=\"div-comment-250352\" data-respondelement=\"respond\" data-replyto=\"R\u0103spunde-i lui Magda\" aria-label=\"R\u0103spunde-i lui Magda\">R\u0103spunde<\/a><\/div>\n<\/article>\n<\/li>\n<\/ul>\n<\/div>\n<div id=\"respond\" class=\"comment-respond\">\n<h3 id=\"reply-title\" class=\"comment-reply-title\">Las\u0103 un r\u0103spuns <small><a rel=\"nofollow\" id=\"cancel-comment-reply-link\" href=\"https:\/\/ortodoxinfo.ro\/2026\/07\/03\/radicalizare-nationala-nicusor-dan-spune-ca-nu-va-mai-prezenta-niciun-raport-despre-anularea-alegerilor-din-2024-mergem-peste-el\/#respond\">Anuleaz\u0103 r\u0103spunsul<\/a><\/small><\/h3>\n<p class=\"comment-notes\"><span id=\"email-notes\">Adresa ta de email nu va fi publicat\u0103.<\/span><span class=\"required-field-message\">C\u00e2mpurile obligatorii sunt marcate cu <span class=\"required\">*<\/span><\/span><\/p>\n<\/div>\n<\/div>\n<\/div>\n<\/div>\n<\/div>\n<div class=\"sidebar-wrap single-sidebar\">\n<div class=\"sidebar-inner clearfix\">\n<div id=\"widget-post-2\" class=\"widget rb-section w-sidebar clearfix widget-post\">\n<div class=\"block-h widget-heading heading-layout-1\">\n<div class=\"heading-inner\">\n<h4 class=\"heading-title\"><span>Articole recente<\/span><\/h4>\n<\/div>\n<\/div>\n<div class=\"widget-p-listing\">\n<div class=\"p-wrap p-small p-list-small-2\" data-pid=\"245382\">\n<div class=\"feat-holder\">\n<div class=\"p-featured ratio-v1\"><a class=\"p-flink\" href=\"https:\/\/ortodoxinfo.ro\/2026\/07\/04\/ce-oltenia-in-alerta-maxima-se-desfiinteaza-mii-de-locuri-de-munca\/\" title=\"CE Oltenia \u00een alert\u0103 maxim\u0103. Se desfiin\u021beaz\u0103 mii de locuri de munc\u0103\"><img decoding=\"async\" width=\"150\" height=\"150\" src=\"https:\/\/ortodoxinfo.ro\/wp-content\/uploads\/2026\/07\/shutterstock_1614327598-scaled-150x150.jpg\" class=\"featured-img wp-post-image\" alt loading=\"lazy\"><\/a><\/div>\n<\/div>\n<div class=\"p-content\">\n<h5 class=\"entry-title\"><a class=\"p-url\" href=\"https:\/\/ortodoxinfo.ro\/2026\/07\/04\/ce-oltenia-in-alerta-maxima-se-desfiinteaza-mii-de-locuri-de-munca\/\" rel=\"bookmark\">CE Oltenia \u00een alert\u0103 maxim\u0103. Se desfiin\u021beaz\u0103 mii de locuri de munc\u0103<\/a><\/h5>\n<div class=\"p-meta\">\n<div class=\"meta-inner is-meta\"><span class=\"meta-el meta-date\"><time datetime=\"2026-07-04T10:30:00+03:00\">4 iulie 2026<\/time><\/span><span class=\"meta-el meta-category meta-bold\"><a class=\"meta-separate category-19885\" href=\"https:\/\/ortodoxinfo.ro\/category\/anti-sistem\/anti-romanism\/asasinii-tarii\/\">Asasinii \u021b\u0103rii<\/a><\/span><span class=\"meta-el meta-view\">2.4k vizualiz\u0103ri\t\t<\/span><\/div>\n<\/div>\n<\/div>\n<\/div>\n<div class=\"p-wrap p-small p-list-small-2\" data-pid=\"245283\">\n<div class=\"feat-holder\">\n<div class=\"p-featured ratio-v1\"><a class=\"p-flink\" href=\"https:\/\/ortodoxinfo.ro\/2026\/07\/04\/provocarea-lui-george-simion-pentru-mucea-dan-ti-a-sponsorizat-sacha-dragic-campania\/\" title=\"Provocarea lui George Simion pentru Mucea Dan: \u201d\u021ai-a sponsorizat Sacha Dragic campania?\u201d\"><img decoding=\"async\" width=\"150\" height=\"150\" src=\"https:\/\/ortodoxinfo.ro\/wp-content\/uploads\/2026\/07\/CasinoSupply-319669-craps-dice-chips-image-b1.webp-150x150.webp\" class=\"featured-img wp-post-image\" alt loading=\"lazy\"><\/a><\/div>\n<\/div>\n<div class=\"p-content\">\n<h5 class=\"entry-title\"><a class=\"p-url\" href=\"https:\/\/ortodoxinfo.ro\/2026\/07\/04\/provocarea-lui-george-simion-pentru-mucea-dan-ti-a-sponsorizat-sacha-dragic-campania\/\" rel=\"bookmark\">Provocarea lui George Simion pentru Mucea Dan: \u201d\u021ai-a sponsorizat Sacha Dragic campania?\u201d<\/a><\/h5>\n<div class=\"p-meta\">\n<div class=\"meta-inner is-meta\"><span class=\"meta-el meta-date\"><time datetime=\"2026-07-04T10:32:41+03:00\">4 iulie 2026<\/time><\/span><span class=\"meta-el meta-category meta-bold\"><a class=\"meta-separate category-19885\" href=\"https:\/\/ortodoxinfo.ro\/category\/anti-sistem\/anti-romanism\/asasinii-tarii\/\">Asasinii \u021b\u0103rii<\/a><\/span><span class=\"meta-el meta-view\">3k vizualiz\u0103ri\t\t<\/span><\/div>\n<\/div>\n<\/div>\n<\/div>\n<div class=\"p-wrap p-small p-list-small-2\" data-pid=\"245159\">\n<div class=\"feat-holder\">\n<div class=\"p-featured ratio-v1\"><a class=\"p-flink\" href=\"https:\/\/ortodoxinfo.ro\/2026\/07\/03\/atentatul-din-monaco-la-ordinul-sbu-principalul-suspect-este-o-femeie-ucraineana-cu-resedinta-in-germania\/\" title=\"Atentatul din Monaco la ordinul SBU: Principalul suspect este o femeie ucrainean\u0103 cu re\u0219edin\u021ba \u00een Germania\"><img decoding=\"async\" width=\"150\" height=\"150\" src=\"https:\/\/ortodoxinfo.ro\/wp-content\/uploads\/2026\/07\/atentatul-din-monaco-la-ordinul-sbu-principalul-suspect-este-o-femeie-ucraineana-cu-resedinta-in-ger-150x150.jpeg\" class=\"featured-img wp-post-image\" alt loading=\"lazy\"><\/a><\/div>\n<\/div>\n<div class=\"p-content\">\n<h5 class=\"entry-title\"><a class=\"p-url\" href=\"https:\/\/ortodoxinfo.ro\/2026\/07\/03\/atentatul-din-monaco-la-ordinul-sbu-principalul-suspect-este-o-femeie-ucraineana-cu-resedinta-in-germania\/\" rel=\"bookmark\">Atentatul din Monaco la ordinul SBU: Principalul suspect este o femeie ucrainean\u0103 cu re\u0219edin\u021ba \u00een Germania<\/a><\/h5>\n<div class=\"p-meta\">\n<div class=\"meta-inner is-meta\"><span class=\"meta-el meta-date\"><time datetime=\"2026-07-03T18:52:27+03:00\">3 iulie 2026<\/time><\/span><span class=\"meta-el meta-category meta-bold\"><a class=\"meta-separate category-15871\" href=\"https:\/\/ortodoxinfo.ro\/category\/anti-sistem\/al-iii-lea-razboi-mondial\/ucraina\/\">Ucraina<\/a><\/span><span class=\"meta-el meta-view\">7.3k vizualiz\u0103ri\t\t<\/span><\/div>\n<\/div>\n<\/div>\n<\/div>\n<div class=\"p-wrap p-small p-list-small-2\" data-pid=\"245254\">\n<div class=\"feat-holder\">\n<div class=\"p-featured ratio-v1\"><a class=\"p-flink\" href=\"https:\/\/ortodoxinfo.ro\/2026\/07\/03\/dreptate-pentru-memoria-lui-mircea-vulcanescu\/\" title=\"Dreptate pentru memoria lui Mircea Vulc\u0103nescu\"><img decoding=\"async\" width=\"150\" height=\"150\" src=\"https:\/\/ortodoxinfo.ro\/wp-content\/uploads\/2026\/07\/mircea-vulcanescu-agerpres-e1671786675139-150x150.jpg\" class=\"featured-img wp-post-image\" alt loading=\"lazy\"><\/a><\/div>\n<\/div>\n<div class=\"p-content\">\n<h5 class=\"entry-title\"><a class=\"p-url\" href=\"https:\/\/ortodoxinfo.ro\/2026\/07\/03\/dreptate-pentru-memoria-lui-mircea-vulcanescu\/\" rel=\"bookmark\">Dreptate pentru memoria lui Mircea Vulc\u0103nescu<\/a><\/h5>\n<div class=\"p-meta\">\n<div class=\"meta-inner is-meta\"><span class=\"meta-el meta-date\"><time datetime=\"2026-07-03T18:09:56+03:00\">3 iulie 2026<\/time><\/span><span class=\"meta-el meta-category meta-bold\"><a class=\"meta-separate category-81\" href=\"https:\/\/ortodoxinfo.ro\/category\/neamul-romanesc\/sfintii-inchisorilor\/\">Sfin\u021bii \u00cenchisorilor<\/a><\/span><span class=\"meta-el meta-view\">3k vizualiz\u0103ri\t\t<\/span><\/div>\n<\/div>\n<\/div>\n<\/div>\n<\/div>\n<\/div>\n<div id=\"custom_html-2\" class=\"widget_text widget rb-section w-sidebar clearfix widget_custom_html\">\n<div class=\"block-h widget-heading heading-layout-1\">\n<div class=\"heading-inner\">\n<h4 class=\"heading-title\"><span>DONA\u021aII \u00een cont bancar<\/span><\/h4>\n<\/div>\n<\/div>\n<div class=\"textwidget custom-html-widget\">\n<table class=\"donatii\">\n<tbody>\n<tr>\n<th colspan=\"2\"><strong><span>Asicia\u021bia SMI-B<\/span><\/strong><\/th>\n<\/tr>\n<tr>\n<th>Cont LEI<\/th>\n<td>RO67CECEB00030RON2081955<\/td>\n<\/tr>\n<tr>\n<th>Cont EURO<\/th>\n<td>RO33CECEB000C1EUR2081978<\/td>\n<\/tr>\n<tr>\n<th>Cod SWIFT<\/th>\n<td>CECEROBU<\/td>\n<\/tr>\n<tr>\n<th colspan=\"2\"><strong>CEC BANK SA<\/strong><\/th>\n<\/tr>\n<\/tbody>\n<\/table>\n<\/div>\n<\/div>\n<\/div>\n<\/div>\n<\/div>\n<\/article>\n<div class=\"entry-content rbct clearfix is-highlight-shares\">\n<p>Nicu\u0219or Dan recunoa\u0219te c\u0103 nu va prezenta niciun raport privind anularea alegerilor. Zilele acestea, la Palatul Cotroceni a avut o \u00eent\u00e2lnire \u00eentre Harpalete \u0219i ambasadori UE acredita\u021bi la Bucure\u0219ti. Acolo, individul le-ar fi spus clar diploma\u021bilor str\u0103ini s\u0103 nu mai a\u0219tepte niciun raport pentru c\u0103 el nu exist\u0103, iar dac\u0103 informa\u021biile ar fi f\u0103cute publice, atunci concluzia ar fi c\u0103 a fost o lovitur\u0103 de stat.<\/p>\n<p>Chiar liderul AUR, George Simion a vorbit \u00een interviul de azi despre aceast\u0103 \u00eent\u00e2lnire.<\/p>\n<blockquote>\n<p>\u201eNicu\u0219or Dan le-a spus ambasadorilor UE c\u0103 nu va exista niciun raport cu privire la anularea alegerilor. Dovezile nu sunt credibile pentru societate. Trebuie doar s\u0103 o spun\u0103 \u0219i public pentru cet\u0103\u021benii rom\u00e2ni.<\/p>\n<p>Nu va fi publicat niciun raport pentru c\u0103 dovezile str\u00e2nse p\u00e2n\u0103 acum nu ar fi credibile pentru societatea rom\u00e2neasc\u0103. Deci nu exist\u0103 nicio dovad\u0103 cu privire la anularea alegerilor. Un raport mult mai bun a f\u0103cut colega mea, doamna deputat Laura Gherasim, pre\u0219edinta Comisiei pentru Abuzuri\u201d, a declarat George Simion.<\/p>\n<\/blockquote>\n<p>Iat\u0103 c\u0103 Nicu\u0219or Dan recunoa\u0219te la \u00eent\u00e2lnire c\u0103 nu va da un r\u0103spuns rom\u00e2nilor, de fric\u0103 c\u0103 publicarea acestor date nu ar face altceva dec\u00e2t s\u0103 agite spiritele \u0219i s\u0103 provoace haos \u00een \u00eentreaga \u021bar\u0103. Dar tocmai nepublicarea niciunui raport ar putea declan\u0219a proteste de amploare chiar la por\u021bile Cotroceniului!<\/p>\n<p>Iat\u0103 c\u0103 ne confirm\u0103 tuturor c\u0103 a fost vorba despre lovitur\u0103 de stat orchestrat\u0103 de Klaus Johannis, Marcel Ciolacu \u0219i to\u021bi cei care au urmat dup\u0103. Vorbim de o tr\u0103dare na\u021bional\u0103 de o gravitate f\u0103r\u0103 precedent.<\/p>\n<p>De aceea, Harpalete Dan pl\u0103te\u0219te lun\u0103 de lun\u0103 c\u00e2te 500.000 de euro c\u0103tre firme americane pentru ca SUA s\u0103-l recunoasc\u0103 drept pre\u0219edinte al Rom\u00e2niei, de\u0219i p\u00e2n\u0103 acum este considerat ilegitim.<\/p>\n<p>Totul se cump\u0103r\u0103 pe bani grei din buzunarele noastre, \u00een timp ce marile puteri \u0219i oficialii occidentali \u00eei asigur\u0103 sprijinul politic \u00een schimbul t\u0103cerii \u0219i al supunerii totale.<\/p>\n<p>Acesta este motivul suprem pentru suspendarea lui cu Nicu\u0219or Dan. Nu po\u021bi s\u0103-\u021bi ba\u021bi joc de o \u021bar\u0103 \u00eentreag\u0103, s\u0103 min\u021bi cu bun\u0103 \u0219tiin\u021b\u0103, ascunz\u00e2nd realitatea acelor zile, \u00een timp ce te vinzi intereselor str\u0103ine.<\/p>\n<p>Rom\u00e2nii trebuie s\u0103 se revolte \u00een cel mai radical mod, s\u0103 fie proteste de amploare care s\u0103 m\u0103ture marioneta de la Cotroceni, cu tot cu sistemul care l-a instalat acolo. Primul pe list\u0103 este <a href=\"https:\/\/ortodoxinfo.ro\/2026\/06\/02\/pahontu-sobolanul-care-trebuie-extirpat-din-structurile-statului-roman\/\">\u0219obolanul Pahon\u021bu<\/a>! Trezirea rom\u00e2ni, scoate\u021bi sabia din teac\u0103!<\/p>\n<\/div>\n<p>[analyse_source url=&#8221;https:\/\/ortodoxinfo.ro\/2026\/07\/03\/radicalizare-nationala-nicusor-dan-spune-ca-nu-va-mai-prezenta-niciun-raport-despre-anularea-alegerilor-din-2024-mergem-peste-el\/&#8221;]<\/p>\n","protected":false},"excerpt":{"rendered":"<p>[analyse_image type=&#8221;featured&#8221; src=&#8221;https:\/\/ortodoxinfo.ro\/wp-content\/uploads\/2026\/07\/Screenshot_20260703_214910_Facebook.jpghttps:\/\/ortodoxinfo.ro\/wp-content\/uploads\/2026\/07\/Screenshot_20260703_214910_Facebook.jpg&#8221;] Prima pagin\u0103 \u00bb Blog \u00bb RADICALIZARE NA\u021aIONAL\u0102: Nicu\u0219or Dan spune c\u0103 nu va mai prezenta niciun raport despre ANULAREA ALEGERILOR DIN 2024! Mergem peste el! RADICALIZARE NA\u021aIONAL\u0102: Nicu\u0219or Dan spune c\u0103 nu va mai prezenta niciun raport despre ANULAREA ALEGERILOR DIN 2024! Mergem peste el! 3 iulie 2026Lupt\u0103 pentru Rom\u00e2nia19.1k vizualiz\u0103ri 1 [&hellip;]<\/p>\n","protected":false},"author":1,"featured_media":0,"comment_status":"open","ping_status":"","sticky":false,"template":"","format":"standard","meta":{"footnotes":""},"categories":[89],"tags":[226,94],"class_list":["post-2026522","post","type-post","status-publish","format-standard","hentry","category-romania","tag-crawlmanager","tag-ortodoxinfo-ro"],"_links":{"self":[{"href":"https:\/\/analyse.optim.biz\/index.php?rest_route=\/wp\/v2\/posts\/2026522","targetHints":{"allow":["GET"]}}],"collection":[{"href":"https:\/\/analyse.optim.biz\/index.php?rest_route=\/wp\/v2\/posts"}],"about":[{"href":"https:\/\/analyse.optim.biz\/index.php?rest_route=\/wp\/v2\/types\/post"}],"author":[{"embeddable":true,"href":"https:\/\/analyse.optim.biz\/index.php?rest_route=\/wp\/v2\/users\/1"}],"replies":[{"embeddable":true,"href":"https:\/\/analyse.optim.biz\/index.php?rest_route=%2Fwp%2Fv2%2Fcomments&post=2026522"}],"version-history":[{"count":0,"href":"https:\/\/analyse.optim.biz\/index.php?rest_route=\/wp\/v2\/posts\/2026522\/revisions"}],"wp:attachment":[{"href":"https:\/\/analyse.optim.biz\/index.php?rest_route=%2Fwp%2Fv2%2Fmedia&parent=2026522"}],"wp:term":[{"taxonomy":"category","embeddable":true,"href":"https:\/\/analyse.optim.biz\/index.php?rest_route=%2Fwp%2Fv2%2Fcategories&post=2026522"},{"taxonomy":"post_tag","embeddable":true,"href":"https:\/\/analyse.optim.biz\/index.php?rest_route=%2Fwp%2Fv2%2Ftags&post=2026522"}],"curies":[{"name":"wp","href":"https:\/\/api.w.org\/{rel}","templated":true}]}}